{"id":92094,"date":"2025-10-03T20:15:40","date_gmt":"2025-10-03T23:15:40","guid":{"rendered":"https:\/\/vocesparalelas.com.ar\/sitio\/?p=92094"},"modified":"2025-10-04T20:26:21","modified_gmt":"2025-10-04T23:26:21","slug":"exitoso-casting-para-el-show-central-de-la-fns-2025-en-san-juan","status":"publish","type":"post","link":"https:\/\/vocesparalelas.com.ar\/sitio\/exitoso-casting-para-el-show-central-de-la-fns-2025-en-san-juan\/","title":{"rendered":"Exitoso casting para el show central de la FNS 2025 en San Juan"},"content":{"rendered":"<p>El Complejo Auditorio In. Juan Victoria es el espacio donde se realiza la elecci\u00f3n de los artistas para el show central de la Fiesta Nacional del Sol 2025, en el Vel\u00f3dromo Vicente Alejo Chancay, Departamento Pocito, San Juan durante el 20, 2 y 22 de Noviembre.<\/p>\n<p>En esta oportunidad, durante tres d\u00edas se desarrolla el casting de la FNS 2025 en San Juan en las categor\u00edas que participan son danza contempor\u00e1nea, folclore, artes circenses y m\u00fasicos, entre otras.<\/p>\n<p>Una candidata en el casting \u00c1ngela resalt\u00f3 que \u201chace varios a\u00f1os que participo de la fiesta. La propuesta de esta edici\u00f3n me pareci\u00f3 muy interesante ya que el proceso fue de creaci\u00f3n y exploraci\u00f3n y todos pudimos mostrar lo que sabemos hace que es lo m\u00e1s importante\u201d.<\/p>\n<p>Es importante destacar participan del casting m\u00e1s de 1000 inscriptos que son parte de esta instancia del proceso y muestra el nivel de los bailarines y otras expresiones art\u00edsticas que son de San Juan.<\/p>\n<p>La direcci\u00f3n art\u00edstica del show est\u00e1 a cargo de Bel\u00e9n Montilla y el jurado est\u00e1 conformado por Julia de Nardi, Cristian Gonz\u00e1lez, Mat\u00edas Tello y Marianela Fiol. Para artistas itinerantes estuvieron, est\u00e1n a cargo Silvia Fonzalida, Gabriela Rivero, Ignacio Caro, Ra\u00fal P\u00e1ez y Daniela Zalazar.<\/p>\n<p><img loading=\"lazy\" decoding=\"async\" class=\"alignnone size-full wp-image-92098\" src=\"https:\/\/vocesparalelas.com.ar\/sitio\/wp-content\/uploads\/2025\/10\/FNS-CASTING-03.jpg\" alt=\"\" width=\"800\" height=\"484\" srcset=\"https:\/\/vocesparalelas.com.ar\/sitio\/wp-content\/uploads\/2025\/10\/FNS-CASTING-03.jpg 800w, https:\/\/vocesparalelas.com.ar\/sitio\/wp-content\/uploads\/2025\/10\/FNS-CASTING-03-300x182.jpg 300w, https:\/\/vocesparalelas.com.ar\/sitio\/wp-content\/uploads\/2025\/10\/FNS-CASTING-03-768x465.jpg 768w\" sizes=\"auto, (max-width: 800px) 100vw, 800px\" \/><\/p>\n<p>Por otro lado, Julia De Nardi y Cristian Gonz\u00e1lez tambi\u00e9n conforman el equipo de core\u00f3grafos que participan de este show. Por ello, Julia De Nardi puntualiz\u00f3 que \u201clo que buscamos es versatilidad en los artistas. Al cambiar el espacio del escenario y no tener un frente predominante lo importante es que puedan expresarse y moverse en el espacio en el que trabajaremos\u201d.<\/p>\n<p>Por su parte Cristian Gonz\u00e1lez subray\u00f3 que \u201csabemos lo importante que es este casting para los artistas. Hemos estado en ese lugar en otro momento y es fundamental destacar ese proceso y crecimiento en los equipos de trabajo de Fiesta Nacional de Sol para este 2025&#8243;.<\/p>\n<p><iframe loading=\"lazy\" title=\"SAN JUAN FNS 2025\" width=\"800\" height=\"450\" src=\"https:\/\/www.youtube.com\/embed\/hG6JPSqgl-k?feature=oembed\" frameborder=\"0\" allow=\"accelerometer; autoplay; clipboard-write; encrypted-media; gyroscope; picture-in-picture; web-share\" referrerpolicy=\"strict-origin-when-cross-origin\" allowfullscreen><\/iframe><\/p>\n<p>Cabe recordar que, al finalizar esta etapa,\u00a0<strong>quedar\u00e1n seleccionados 300 bailarines para el show del vel\u00f3dromo Vicente Chancay<\/strong>\u00a0<strong>y unos 80 artistas para el equipo itinerante<\/strong>. De esta manerra, el casting continuar\u00e1 hasta el domingo 5 de octubre en la tarde.<\/p>\n<p><img loading=\"lazy\" decoding=\"async\" class=\"alignnone size-full wp-image-90510\" src=\"https:\/\/vocesparalelas.com.ar\/sitio\/wp-content\/uploads\/2025\/08\/FNS-2025-01.jpg\" alt=\"\" width=\"800\" height=\"450\" srcset=\"https:\/\/vocesparalelas.com.ar\/sitio\/wp-content\/uploads\/2025\/08\/FNS-2025-01.jpg 800w, https:\/\/vocesparalelas.com.ar\/sitio\/wp-content\/uploads\/2025\/08\/FNS-2025-01-300x169.jpg 300w, https:\/\/vocesparalelas.com.ar\/sitio\/wp-content\/uploads\/2025\/08\/FNS-2025-01-768x432.jpg 768w\" sizes=\"auto, (max-width: 800px) 100vw, 800px\" \/><\/p>\n","protected":false},"excerpt":{"rendered":"<p>El Complejo Auditorio In. Juan Victoria es el espacio donde se realiza la elecci\u00f3n de los artistas para el show<\/p>\n","protected":false},"author":3,"featured_media":92097,"comment_status":"closed","ping_status":"closed","sticky":false,"template":"","format":"standard","meta":{"_acf_changed":false,"_seopress_robots_primary_cat":"none","_seopress_titles_title":"","_seopress_titles_desc":"","_seopress_robots_index":"","colormag_page_container_layout":"default_layout","colormag_page_sidebar_layout":"default_layout","footnotes":""},"categories":[6,7],"tags":[],"class_list":["post-92094","post","type-post","status-publish","format-standard","has-post-thumbnail","hentry","category-eventos","category-videos"],"acf":[],"_links":{"self":[{"href":"https:\/\/vocesparalelas.com.ar\/sitio\/wp-json\/wp\/v2\/posts\/92094","targetHints":{"allow":["GET"]}}],"collection":[{"href":"https:\/\/vocesparalelas.com.ar\/sitio\/wp-json\/wp\/v2\/posts"}],"about":[{"href":"https:\/\/vocesparalelas.com.ar\/sitio\/wp-json\/wp\/v2\/types\/post"}],"author":[{"embeddable":true,"href":"https:\/\/vocesparalelas.com.ar\/sitio\/wp-json\/wp\/v2\/users\/3"}],"replies":[{"embeddable":true,"href":"https:\/\/vocesparalelas.com.ar\/sitio\/wp-json\/wp\/v2\/comments?post=92094"}],"version-history":[{"count":1,"href":"https:\/\/vocesparalelas.com.ar\/sitio\/wp-json\/wp\/v2\/posts\/92094\/revisions"}],"predecessor-version":[{"id":92099,"href":"https:\/\/vocesparalelas.com.ar\/sitio\/wp-json\/wp\/v2\/posts\/92094\/revisions\/92099"}],"wp:featuredmedia":[{"embeddable":true,"href":"https:\/\/vocesparalelas.com.ar\/sitio\/wp-json\/wp\/v2\/media\/92097"}],"wp:attachment":[{"href":"https:\/\/vocesparalelas.com.ar\/sitio\/wp-json\/wp\/v2\/media?parent=92094"}],"wp:term":[{"taxonomy":"category","embeddable":true,"href":"https:\/\/vocesparalelas.com.ar\/sitio\/wp-json\/wp\/v2\/categories?post=92094"},{"taxonomy":"post_tag","embeddable":true,"href":"https:\/\/vocesparalelas.com.ar\/sitio\/wp-json\/wp\/v2\/tags?post=92094"}],"curies":[{"name":"wp","href":"https:\/\/api.w.org\/{rel}","templated":true}]}}