{"id":92087,"date":"2025-10-03T13:46:53","date_gmt":"2025-10-03T16:46:53","guid":{"rendered":"https:\/\/vocesparalelas.com.ar\/sitio\/?p=92087"},"modified":"2025-10-04T20:06:35","modified_gmt":"2025-10-04T23:06:35","slug":"redtulum-llega-a-la-direccion-de-discapacidad-en-santa-lucia-de-san-juan","status":"publish","type":"post","link":"https:\/\/vocesparalelas.com.ar\/sitio\/redtulum-llega-a-la-direccion-de-discapacidad-en-santa-lucia-de-san-juan\/","title":{"rendered":"RedTulum llega a la Direcci\u00f3n de Discapacidad en Santa Luc\u00eda de San Juan"},"content":{"rendered":"<p>La nueva sede de la Direcci\u00f3n de Discapacidad, ubicada en Hip\u00f3lito Yrigoyen y Roca, en el Departamento Santa Luc\u00eda, ya cuenta con conexi\u00f3n directa al transporte p\u00fablico gracias a RedTulum. Frente al edificio se habilitaron paradas de cuatro l\u00edneas que permiten llegar de manera r\u00e1pida y sencilla desde distintos puntos del Gran San Juan y zonas cercanas.<\/p>\n<p>Dos de esas l\u00edneas son primarias: Teo 2 y Teo 3, que conectan con la estaci\u00f3n Mitre, estaci\u00f3n C\u00f3rdoba, el \u00e1rea de transbordo central y la terminal de \u00f3mnibus. Ambas circulan con frecuencias que van de los 7 a los 10 minutos, garantizando un servicio constante.<\/p>\n<p>Las otras dos son secundarias: la 302, que recorre el sur de Santa Luc\u00eda, y la 322, que ofrece conexi\u00f3n directa con el aeropuerto. La ubicaci\u00f3n estrat\u00e9gica de la sede permite que las unidades tengan su parada justo frente al edificio, favoreciendo la accesibilidad de los usuarios.<\/p>\n<p>Desde la Direcci\u00f3n de Coordinaci\u00f3n de RedTulum confirmaron que se eval\u00faa sumar dos recorridos m\u00e1s, uno desde el norte de Santa Luc\u00eda y otro desde Caucete, con el objetivo de ampliar la cobertura y facilitar la llegada de vecinos de toda la provincia.<\/p>\n<p>&nbsp;<\/p>\n<p><img loading=\"lazy\" decoding=\"async\" class=\"alignnone size-full wp-image-74417\" src=\"https:\/\/vocesparalelas.com.ar\/sitio\/wp-content\/uploads\/2024\/07\/REDTULUM-LOGO.jpg\" alt=\"\" width=\"800\" height=\"600\" srcset=\"https:\/\/vocesparalelas.com.ar\/sitio\/wp-content\/uploads\/2024\/07\/REDTULUM-LOGO.jpg 800w, https:\/\/vocesparalelas.com.ar\/sitio\/wp-content\/uploads\/2024\/07\/REDTULUM-LOGO-300x225.jpg 300w, https:\/\/vocesparalelas.com.ar\/sitio\/wp-content\/uploads\/2024\/07\/REDTULUM-LOGO-768x576.jpg 768w\" sizes=\"auto, (max-width: 800px) 100vw, 800px\" \/><\/p>\n","protected":false},"excerpt":{"rendered":"<p>La nueva sede de la Direcci\u00f3n de Discapacidad, ubicada en Hip\u00f3lito Yrigoyen y Roca, en el Departamento Santa Luc\u00eda, ya<\/p>\n","protected":false},"author":3,"featured_media":92090,"comment_status":"closed","ping_status":"closed","sticky":false,"template":"","format":"standard","meta":{"_acf_changed":false,"_seopress_robots_primary_cat":"none","_seopress_titles_title":"","_seopress_titles_desc":"","_seopress_robots_index":"","colormag_page_container_layout":"default_layout","colormag_page_sidebar_layout":"default_layout","footnotes":""},"categories":[6],"tags":[],"class_list":["post-92087","post","type-post","status-publish","format-standard","has-post-thumbnail","hentry","category-eventos"],"acf":[],"_links":{"self":[{"href":"https:\/\/vocesparalelas.com.ar\/sitio\/wp-json\/wp\/v2\/posts\/92087","targetHints":{"allow":["GET"]}}],"collection":[{"href":"https:\/\/vocesparalelas.com.ar\/sitio\/wp-json\/wp\/v2\/posts"}],"about":[{"href":"https:\/\/vocesparalelas.com.ar\/sitio\/wp-json\/wp\/v2\/types\/post"}],"author":[{"embeddable":true,"href":"https:\/\/vocesparalelas.com.ar\/sitio\/wp-json\/wp\/v2\/users\/3"}],"replies":[{"embeddable":true,"href":"https:\/\/vocesparalelas.com.ar\/sitio\/wp-json\/wp\/v2\/comments?post=92087"}],"version-history":[{"count":1,"href":"https:\/\/vocesparalelas.com.ar\/sitio\/wp-json\/wp\/v2\/posts\/92087\/revisions"}],"predecessor-version":[{"id":92091,"href":"https:\/\/vocesparalelas.com.ar\/sitio\/wp-json\/wp\/v2\/posts\/92087\/revisions\/92091"}],"wp:featuredmedia":[{"embeddable":true,"href":"https:\/\/vocesparalelas.com.ar\/sitio\/wp-json\/wp\/v2\/media\/92090"}],"wp:attachment":[{"href":"https:\/\/vocesparalelas.com.ar\/sitio\/wp-json\/wp\/v2\/media?parent=92087"}],"wp:term":[{"taxonomy":"category","embeddable":true,"href":"https:\/\/vocesparalelas.com.ar\/sitio\/wp-json\/wp\/v2\/categories?post=92087"},{"taxonomy":"post_tag","embeddable":true,"href":"https:\/\/vocesparalelas.com.ar\/sitio\/wp-json\/wp\/v2\/tags?post=92087"}],"curies":[{"name":"wp","href":"https:\/\/api.w.org\/{rel}","templated":true}]}}