{"id":9203,"date":"2018-01-12T23:26:17","date_gmt":"2018-01-13T02:26:17","guid":{"rendered":"http:\/\/vocesparalelas.com.ar\/sitio\/?p=9203"},"modified":"2018-01-13T12:45:25","modified_gmt":"2018-01-13T15:45:25","slug":"balneario-municipal-el-pinar-disponible-para-disfrutar-en-familia","status":"publish","type":"post","link":"https:\/\/vocesparalelas.com.ar\/sitio\/balneario-municipal-el-pinar-disponible-para-disfrutar-en-familia\/","title":{"rendered":"Balneario Municipal \u201cEl Pinar\u00bb disponible para disfrutar en familia"},"content":{"rendered":"<p>La Municipalidad de Rivadavia pone a disposici\u00f3n el Balneario Municipal \u201cEl Pinar\u00bb, con excelentes mejoras de servicio que permiten que los usuarios puedan usar con la seguridad y nivel que se merecen.<\/p>\n<p>Despu\u00e9s, de realizar algunas obras se pudo inaugurar la Temporada de Verano 2018 para disfrutar en familia.<\/p>\n<p><img loading=\"lazy\" decoding=\"async\" class=\"alignnone size-medium wp-image-9207\" src=\"https:\/\/vocesparalelas.com.ar\/sitio\/wp-content\/uploads\/2018\/01\/PINAR-01-300x200.jpg\" alt=\"\" width=\"300\" height=\"200\" srcset=\"https:\/\/vocesparalelas.com.ar\/sitio\/wp-content\/uploads\/2018\/01\/PINAR-01-300x200.jpg 300w, https:\/\/vocesparalelas.com.ar\/sitio\/wp-content\/uploads\/2018\/01\/PINAR-01-768x512.jpg 768w, https:\/\/vocesparalelas.com.ar\/sitio\/wp-content\/uploads\/2018\/01\/PINAR-01-800x534.jpg 800w, https:\/\/vocesparalelas.com.ar\/sitio\/wp-content\/uploads\/2018\/01\/PINAR-01.jpg 1000w\" sizes=\"auto, (max-width: 300px) 100vw, 300px\" \/> <img loading=\"lazy\" decoding=\"async\" class=\"alignnone size-medium wp-image-9206\" src=\"https:\/\/vocesparalelas.com.ar\/sitio\/wp-content\/uploads\/2018\/01\/PINAR-05-300x200.jpg\" alt=\"\" width=\"300\" height=\"200\" srcset=\"https:\/\/vocesparalelas.com.ar\/sitio\/wp-content\/uploads\/2018\/01\/PINAR-05-300x200.jpg 300w, https:\/\/vocesparalelas.com.ar\/sitio\/wp-content\/uploads\/2018\/01\/PINAR-05-768x512.jpg 768w, https:\/\/vocesparalelas.com.ar\/sitio\/wp-content\/uploads\/2018\/01\/PINAR-05-800x534.jpg 800w, https:\/\/vocesparalelas.com.ar\/sitio\/wp-content\/uploads\/2018\/01\/PINAR-05.jpg 1000w\" sizes=\"auto, (max-width: 300px) 100vw, 300px\" \/> <img loading=\"lazy\" decoding=\"async\" class=\"alignnone size-medium wp-image-9205\" src=\"https:\/\/vocesparalelas.com.ar\/sitio\/wp-content\/uploads\/2018\/01\/PINAR-04-300x200.jpg\" alt=\"\" width=\"300\" height=\"200\" srcset=\"https:\/\/vocesparalelas.com.ar\/sitio\/wp-content\/uploads\/2018\/01\/PINAR-04-300x200.jpg 300w, https:\/\/vocesparalelas.com.ar\/sitio\/wp-content\/uploads\/2018\/01\/PINAR-04-768x512.jpg 768w, https:\/\/vocesparalelas.com.ar\/sitio\/wp-content\/uploads\/2018\/01\/PINAR-04-800x534.jpg 800w, https:\/\/vocesparalelas.com.ar\/sitio\/wp-content\/uploads\/2018\/01\/PINAR-04.jpg 1000w\" sizes=\"auto, (max-width: 300px) 100vw, 300px\" \/> <img loading=\"lazy\" decoding=\"async\" class=\"alignnone size-medium wp-image-9204\" src=\"https:\/\/vocesparalelas.com.ar\/sitio\/wp-content\/uploads\/2018\/01\/PINAR-03-300x200.jpg\" alt=\"\" width=\"300\" height=\"200\" srcset=\"https:\/\/vocesparalelas.com.ar\/sitio\/wp-content\/uploads\/2018\/01\/PINAR-03-300x200.jpg 300w, https:\/\/vocesparalelas.com.ar\/sitio\/wp-content\/uploads\/2018\/01\/PINAR-03-768x512.jpg 768w, https:\/\/vocesparalelas.com.ar\/sitio\/wp-content\/uploads\/2018\/01\/PINAR-03-800x534.jpg 800w, https:\/\/vocesparalelas.com.ar\/sitio\/wp-content\/uploads\/2018\/01\/PINAR-03.jpg 1000w\" sizes=\"auto, (max-width: 300px) 100vw, 300px\" \/><\/p>\n<p>El intendente de la Municipalidad de Rivadavia, Dr. Fabi\u00e1n Mart\u00edn describi\u00f3 el trabajo realizado y la apuesta a punto de un espacio tur\u00edstico m\u00e1s que tradicional para los sanjuaninos.<\/p>\n<p><iframe loading=\"lazy\" width=\"800\" height=\"450\" src=\"https:\/\/www.youtube.com\/embed\/BzzueLmAwWA?start=46&#038;feature=oembed\" frameborder=\"0\" allow=\"autoplay; encrypted-media\" allowfullscreen><\/iframe><\/p>\n<p>&nbsp;<\/p>\n<p>Es importante destacar que en este espacio se desarrollan las Colonias de Vacaciones del departamento con un \u00e9xito m\u00e1s que significativo porque contienen la inclusi\u00f3n en todo sentido y donde chicos y grandes pasan una jornada impecable.<\/p>\n<p>&nbsp;<\/p>\n<p><iframe loading=\"lazy\" width=\"800\" height=\"450\" src=\"https:\/\/www.youtube.com\/embed\/xoVJDiDiIfw?feature=oembed\" frameborder=\"0\" allow=\"autoplay; encrypted-media\" allowfullscreen><\/iframe><\/p>\n<p>&nbsp;<\/p>\n<p><span style=\"color: #ff0000\"><strong>Balneario Municipal \u00abEl Pinar\u00bb<\/strong><\/span><\/p>\n<ul>\n<li>D\u00edas: la pileta est\u00e1 abierta de martes a domingos.<\/li>\n<li>Horarios:\u00a0Martes a Viernes: de 14 a 20 hs.;\u00a0S\u00e1bados y Domingos: de 11 a 20 hs<\/li>\n<\/ul>\n<p><span style=\"color: #ff0000\"><strong>Precios de las entradas:<\/strong><\/span><\/p>\n<ul>\n<li>Durante la semana: $80 los adultos y $40 los menores.<\/li>\n<li>Fines de semana: $100 los adultos y $50 los menores.<\/li>\n<\/ul>\n<p><span style=\"color: #ff0000\"><strong>Camping Municipal de Rivadavia<\/strong><\/span><\/p>\n<ul>\n<li>La pileta est\u00e1 abierta de Martes a Domingos, de 11 a 20 hs.<\/li>\n<\/ul>\n<p><span style=\"color: #ff0000\"><strong>Precios de las entradas:<\/strong><\/span><\/p>\n<ul>\n<li>D\u00edas de semana: $100 adultos y $50 los menores.<\/li>\n<li>Fines de semana: $120 los adultos y $60 los menores.<\/li>\n<li>Espacio de carpa: $100 los d\u00edas de semana y $120 pesos los fines de semana.<\/li>\n<\/ul>\n","protected":false},"excerpt":{"rendered":"<p>La Municipalidad de Rivadavia pone a disposici\u00f3n el Balneario Municipal \u201cEl Pinar\u00bb, con excelentes mejoras de servicio que permiten que<\/p>\n","protected":false},"author":3,"featured_media":9208,"comment_status":"closed","ping_status":"closed","sticky":false,"template":"","format":"video","meta":{"_acf_changed":false,"_seopress_robots_primary_cat":"","_seopress_titles_title":"","_seopress_titles_desc":"","_seopress_robots_index":"","colormag_page_container_layout":"default_layout","colormag_page_sidebar_layout":"default_layout","footnotes":""},"categories":[1,7],"tags":[],"class_list":["post-9203","post","type-post","status-publish","format-video","has-post-thumbnail","hentry","category-destacadas","category-videos","post_format-post-format-video"],"acf":[],"_links":{"self":[{"href":"https:\/\/vocesparalelas.com.ar\/sitio\/wp-json\/wp\/v2\/posts\/9203","targetHints":{"allow":["GET"]}}],"collection":[{"href":"https:\/\/vocesparalelas.com.ar\/sitio\/wp-json\/wp\/v2\/posts"}],"about":[{"href":"https:\/\/vocesparalelas.com.ar\/sitio\/wp-json\/wp\/v2\/types\/post"}],"author":[{"embeddable":true,"href":"https:\/\/vocesparalelas.com.ar\/sitio\/wp-json\/wp\/v2\/users\/3"}],"replies":[{"embeddable":true,"href":"https:\/\/vocesparalelas.com.ar\/sitio\/wp-json\/wp\/v2\/comments?post=9203"}],"version-history":[{"count":0,"href":"https:\/\/vocesparalelas.com.ar\/sitio\/wp-json\/wp\/v2\/posts\/9203\/revisions"}],"wp:featuredmedia":[{"embeddable":true,"href":"https:\/\/vocesparalelas.com.ar\/sitio\/wp-json\/wp\/v2\/media\/9208"}],"wp:attachment":[{"href":"https:\/\/vocesparalelas.com.ar\/sitio\/wp-json\/wp\/v2\/media?parent=9203"}],"wp:term":[{"taxonomy":"category","embeddable":true,"href":"https:\/\/vocesparalelas.com.ar\/sitio\/wp-json\/wp\/v2\/categories?post=9203"},{"taxonomy":"post_tag","embeddable":true,"href":"https:\/\/vocesparalelas.com.ar\/sitio\/wp-json\/wp\/v2\/tags?post=9203"}],"curies":[{"name":"wp","href":"https:\/\/api.w.org\/{rel}","templated":true}]}}