{"id":92029,"date":"2025-10-01T20:31:21","date_gmt":"2025-10-01T23:31:21","guid":{"rendered":"https:\/\/vocesparalelas.com.ar\/sitio\/?p=92029"},"modified":"2025-10-02T22:33:48","modified_gmt":"2025-10-03T01:33:48","slug":"cronograma-para-los-docentes-de-los-departamentos-calingasta-iglesia-y-valle-fertil-de-san-juan-ciclo-lectivo-2026","status":"publish","type":"post","link":"https:\/\/vocesparalelas.com.ar\/sitio\/cronograma-para-los-docentes-de-los-departamentos-calingasta-iglesia-y-valle-fertil-de-san-juan-ciclo-lectivo-2026\/","title":{"rendered":"Cronograma para los docentes de los Departamentos Calingasta, Iglesia y Valle F\u00e9rtil de San Juan \u00abCiclo Lectivo 2026\u00bb"},"content":{"rendered":"<p>El Ministerio de Educaci\u00f3n del Gobierno de San Juan, a trav\u00e9s de la Junta de Clasificaci\u00f3n Docente de la Rama T\u00e9cnica, Agrot\u00e9cnica, Monot\u00e9cnica, de Formaci\u00f3n Profesional y Capacitaci\u00f3n Laboral, informa el cronograma de inscripciones que se desarrollan en Octubre de 2025, en los departamentos Calingasta, Iglesia y Valle F\u00e9rtil para el \u00abCiclo Lectivo 2026\u00bb.<\/p>\n<p><strong><span style=\"color: #ff6600;\">Cronograma<\/span><\/strong><\/p>\n<p><span style=\"color: #ff6600;\"><strong>Departamento Calingasta<\/strong><\/span><\/p>\n<ul>\n<li>Escuela T\u00e9cnica Gral. Manuel Savio<\/li>\n<li>Viernes 3 de Octubre de 2025<\/li>\n<li>9 a 17 hs<\/li>\n<\/ul>\n<p><span style=\"color: #ff6600;\"><strong>Departamento Iglesia<\/strong><\/span><\/p>\n<ul>\n<li>Escuela Agrot\u00e9cnica Cornelio Saavedra<\/li>\n<li>Viernes 17 de octubre de 2025<\/li>\n<li>9 a 17 hs<\/li>\n<\/ul>\n<p><span style=\"color: #ff6600;\"><strong>Departamento\u00a0 Valle F\u00e9rtil<\/strong><\/span><\/p>\n<ul>\n<li>Escuela Agrot\u00e9cnica Ej\u00e9rcito Argentino<\/li>\n<li>Viernes, 31 de octubre de 2025<\/li>\n<li>9 a 17 hs<\/li>\n<\/ul>\n<p><img loading=\"lazy\" decoding=\"async\" class=\"alignnone size-full wp-image-28629\" src=\"https:\/\/vocesparalelas.com.ar\/sitio\/wp-content\/uploads\/2020\/05\/MINISTERIO-EDUCACION-SJ.jpg\" alt=\"\" width=\"800\" height=\"533\" srcset=\"https:\/\/vocesparalelas.com.ar\/sitio\/wp-content\/uploads\/2020\/05\/MINISTERIO-EDUCACION-SJ.jpg 800w, https:\/\/vocesparalelas.com.ar\/sitio\/wp-content\/uploads\/2020\/05\/MINISTERIO-EDUCACION-SJ-300x200.jpg 300w, https:\/\/vocesparalelas.com.ar\/sitio\/wp-content\/uploads\/2020\/05\/MINISTERIO-EDUCACION-SJ-768x512.jpg 768w\" sizes=\"auto, (max-width: 800px) 100vw, 800px\" \/><\/p>\n","protected":false},"excerpt":{"rendered":"<p>El Ministerio de Educaci\u00f3n del Gobierno de San Juan, a trav\u00e9s de la Junta de Clasificaci\u00f3n Docente de la Rama<\/p>\n","protected":false},"author":3,"featured_media":35306,"comment_status":"closed","ping_status":"closed","sticky":false,"template":"","format":"standard","meta":{"_acf_changed":false,"_seopress_robots_primary_cat":"none","_seopress_titles_title":"","_seopress_titles_desc":"","_seopress_robots_index":"","colormag_page_container_layout":"default_layout","colormag_page_sidebar_layout":"default_layout","footnotes":""},"categories":[5],"tags":[],"class_list":["post-92029","post","type-post","status-publish","format-standard","has-post-thumbnail","hentry","category-ofrecimientos"],"acf":[],"_links":{"self":[{"href":"https:\/\/vocesparalelas.com.ar\/sitio\/wp-json\/wp\/v2\/posts\/92029","targetHints":{"allow":["GET"]}}],"collection":[{"href":"https:\/\/vocesparalelas.com.ar\/sitio\/wp-json\/wp\/v2\/posts"}],"about":[{"href":"https:\/\/vocesparalelas.com.ar\/sitio\/wp-json\/wp\/v2\/types\/post"}],"author":[{"embeddable":true,"href":"https:\/\/vocesparalelas.com.ar\/sitio\/wp-json\/wp\/v2\/users\/3"}],"replies":[{"embeddable":true,"href":"https:\/\/vocesparalelas.com.ar\/sitio\/wp-json\/wp\/v2\/comments?post=92029"}],"version-history":[{"count":1,"href":"https:\/\/vocesparalelas.com.ar\/sitio\/wp-json\/wp\/v2\/posts\/92029\/revisions"}],"predecessor-version":[{"id":92032,"href":"https:\/\/vocesparalelas.com.ar\/sitio\/wp-json\/wp\/v2\/posts\/92029\/revisions\/92032"}],"wp:featuredmedia":[{"embeddable":true,"href":"https:\/\/vocesparalelas.com.ar\/sitio\/wp-json\/wp\/v2\/media\/35306"}],"wp:attachment":[{"href":"https:\/\/vocesparalelas.com.ar\/sitio\/wp-json\/wp\/v2\/media?parent=92029"}],"wp:term":[{"taxonomy":"category","embeddable":true,"href":"https:\/\/vocesparalelas.com.ar\/sitio\/wp-json\/wp\/v2\/categories?post=92029"},{"taxonomy":"post_tag","embeddable":true,"href":"https:\/\/vocesparalelas.com.ar\/sitio\/wp-json\/wp\/v2\/tags?post=92029"}],"curies":[{"name":"wp","href":"https:\/\/api.w.org\/{rel}","templated":true}]}}