{"id":92009,"date":"2025-10-01T22:28:45","date_gmt":"2025-10-02T01:28:45","guid":{"rendered":"https:\/\/vocesparalelas.com.ar\/sitio\/?p=92009"},"modified":"2025-10-02T23:08:01","modified_gmt":"2025-10-03T02:08:01","slug":"declaraciones-del-gobernador-de-san-juan-dr-marcelo-orrego-de-la-expo-innova-cuyo-2025","status":"publish","type":"post","link":"https:\/\/vocesparalelas.com.ar\/sitio\/declaraciones-del-gobernador-de-san-juan-dr-marcelo-orrego-de-la-expo-innova-cuyo-2025\/","title":{"rendered":"Declaraciones del Gobernador de San Juan, Dr. Marcelo Orrego de la Expo Innova Cuyo 2025"},"content":{"rendered":"<p>El Gobernador de San Juan, Dr. Marcelo Orrego recorri\u00f3 la Expo Innova Cuyo 2025, que se desarrolla del 1 al 3 de Octubre de 2025, de 10 a 17 hs.; en el predio Ruta 40 y calle 18, Departamento Pocito.<\/p>\n<p>En ese contexto, destac\u00f3 su apreciaci\u00f3n sobre lo que significa la feria que renueva su propuesta y expande su horizonte para convertirse en el epicentro de la tecnolog\u00eda frutihort\u00edcola.<\/p>\n<p><iframe loading=\"lazy\" title=\"EXPO INNOVA CUYO 2025 GOBERNADOR DR MARCELO ORREGO \" width=\"800\" height=\"450\" src=\"https:\/\/www.youtube.com\/embed\/YnvNtRsnYMY?feature=oembed\" frameborder=\"0\" allow=\"accelerometer; autoplay; clipboard-write; encrypted-media; gyroscope; picture-in-picture; web-share\" referrerpolicy=\"strict-origin-when-cross-origin\" allowfullscreen><\/iframe><\/p>\n<p>&nbsp;<\/p>\n<p>Los visitantes pueden experimentar en vivo maquinaria, innovaciones en riego y energ\u00eda solar, conferencias especializadas y muestras din\u00e1micas, en un encuentro dise\u00f1ado para productores, industriales y el p\u00fablico general.<\/p>\n<p><img loading=\"lazy\" decoding=\"async\" class=\"alignnone size-full wp-image-92013\" src=\"https:\/\/vocesparalelas.com.ar\/sitio\/wp-content\/uploads\/2025\/10\/EXPO-INNOVA.CUYO-PRESENTACION-01.jpg\" alt=\"\" width=\"800\" height=\"533\" srcset=\"https:\/\/vocesparalelas.com.ar\/sitio\/wp-content\/uploads\/2025\/10\/EXPO-INNOVA.CUYO-PRESENTACION-01.jpg 800w, https:\/\/vocesparalelas.com.ar\/sitio\/wp-content\/uploads\/2025\/10\/EXPO-INNOVA.CUYO-PRESENTACION-01-300x200.jpg 300w, https:\/\/vocesparalelas.com.ar\/sitio\/wp-content\/uploads\/2025\/10\/EXPO-INNOVA.CUYO-PRESENTACION-01-768x512.jpg 768w\" sizes=\"auto, (max-width: 800px) 100vw, 800px\" \/><\/p>\n<p><img loading=\"lazy\" decoding=\"async\" class=\"alignnone size-full wp-image-92014\" src=\"https:\/\/vocesparalelas.com.ar\/sitio\/wp-content\/uploads\/2025\/10\/EXPO-INNOVA.CUYO-PRESENTACION-02.jpg\" alt=\"\" width=\"800\" height=\"533\" srcset=\"https:\/\/vocesparalelas.com.ar\/sitio\/wp-content\/uploads\/2025\/10\/EXPO-INNOVA.CUYO-PRESENTACION-02.jpg 800w, https:\/\/vocesparalelas.com.ar\/sitio\/wp-content\/uploads\/2025\/10\/EXPO-INNOVA.CUYO-PRESENTACION-02-300x200.jpg 300w, https:\/\/vocesparalelas.com.ar\/sitio\/wp-content\/uploads\/2025\/10\/EXPO-INNOVA.CUYO-PRESENTACION-02-768x512.jpg 768w\" sizes=\"auto, (max-width: 800px) 100vw, 800px\" \/><\/p>\n<p><img loading=\"lazy\" decoding=\"async\" class=\"alignnone size-full wp-image-92004\" src=\"https:\/\/vocesparalelas.com.ar\/sitio\/wp-content\/uploads\/2025\/10\/EXPO-INNOVA.CUYO-CARTEL.jpg\" alt=\"\" width=\"800\" height=\"533\" srcset=\"https:\/\/vocesparalelas.com.ar\/sitio\/wp-content\/uploads\/2025\/10\/EXPO-INNOVA.CUYO-CARTEL.jpg 800w, https:\/\/vocesparalelas.com.ar\/sitio\/wp-content\/uploads\/2025\/10\/EXPO-INNOVA.CUYO-CARTEL-300x200.jpg 300w, https:\/\/vocesparalelas.com.ar\/sitio\/wp-content\/uploads\/2025\/10\/EXPO-INNOVA.CUYO-CARTEL-768x512.jpg 768w\" sizes=\"auto, (max-width: 800px) 100vw, 800px\" \/><\/p>\n","protected":false},"excerpt":{"rendered":"<p>El Gobernador de San Juan, Dr. Marcelo Orrego recorri\u00f3 la Expo Innova Cuyo 2025, que se desarrolla del 1 al<\/p>\n","protected":false},"author":3,"featured_media":92012,"comment_status":"closed","ping_status":"closed","sticky":false,"template":"","format":"standard","meta":{"_acf_changed":false,"_seopress_robots_primary_cat":"none","_seopress_titles_title":"","_seopress_titles_desc":"","_seopress_robots_index":"","colormag_page_container_layout":"default_layout","colormag_page_sidebar_layout":"default_layout","footnotes":""},"categories":[10,7],"tags":[],"class_list":["post-92009","post","type-post","status-publish","format-standard","has-post-thumbnail","hentry","category-opiniones","category-videos"],"acf":[],"_links":{"self":[{"href":"https:\/\/vocesparalelas.com.ar\/sitio\/wp-json\/wp\/v2\/posts\/92009","targetHints":{"allow":["GET"]}}],"collection":[{"href":"https:\/\/vocesparalelas.com.ar\/sitio\/wp-json\/wp\/v2\/posts"}],"about":[{"href":"https:\/\/vocesparalelas.com.ar\/sitio\/wp-json\/wp\/v2\/types\/post"}],"author":[{"embeddable":true,"href":"https:\/\/vocesparalelas.com.ar\/sitio\/wp-json\/wp\/v2\/users\/3"}],"replies":[{"embeddable":true,"href":"https:\/\/vocesparalelas.com.ar\/sitio\/wp-json\/wp\/v2\/comments?post=92009"}],"version-history":[{"count":1,"href":"https:\/\/vocesparalelas.com.ar\/sitio\/wp-json\/wp\/v2\/posts\/92009\/revisions"}],"predecessor-version":[{"id":92015,"href":"https:\/\/vocesparalelas.com.ar\/sitio\/wp-json\/wp\/v2\/posts\/92009\/revisions\/92015"}],"wp:featuredmedia":[{"embeddable":true,"href":"https:\/\/vocesparalelas.com.ar\/sitio\/wp-json\/wp\/v2\/media\/92012"}],"wp:attachment":[{"href":"https:\/\/vocesparalelas.com.ar\/sitio\/wp-json\/wp\/v2\/media?parent=92009"}],"wp:term":[{"taxonomy":"category","embeddable":true,"href":"https:\/\/vocesparalelas.com.ar\/sitio\/wp-json\/wp\/v2\/categories?post=92009"},{"taxonomy":"post_tag","embeddable":true,"href":"https:\/\/vocesparalelas.com.ar\/sitio\/wp-json\/wp\/v2\/tags?post=92009"}],"curies":[{"name":"wp","href":"https:\/\/api.w.org\/{rel}","templated":true}]}}