{"id":92000,"date":"2025-10-01T21:12:10","date_gmt":"2025-10-02T00:12:10","guid":{"rendered":"https:\/\/vocesparalelas.com.ar\/sitio\/?p=92000"},"modified":"2025-10-03T00:27:43","modified_gmt":"2025-10-03T03:27:43","slug":"visita-expo-innova-cuyo-2025-para-conocer-lo-que-se-produce-en-san-juan","status":"publish","type":"post","link":"https:\/\/vocesparalelas.com.ar\/sitio\/visita-expo-innova-cuyo-2025-para-conocer-lo-que-se-produce-en-san-juan\/","title":{"rendered":"Visita Expo Innova Cuyo 2025 para conocer lo que se produce en San Juan"},"content":{"rendered":"<p>El gobernador de San Juan, Dr. Marcelo Orrego estuvo en la 4\u00aa edici\u00f3n de Expo Innova Cuyo 2025, la feria frutihort\u00edcola m\u00e1s grande de la regi\u00f3n, que volvi\u00f3 a posicionar a San Juan como epicentro del agro al mostrar las \u00faltimas innovaciones y tecnolog\u00edas del sector productivo<\/p>\n<p>La provincia de San Juan volvi\u00f3 a ser escenario de uno de los encuentros m\u00e1s esperados del agro y se puede visitar hasta el Viernes, 3 de Octubre, \u00a0de 10 a 17 hs.; en el predio Ruta 40 y calle 18, Departamento Pocito.<\/p>\n<p>Es una feria que re\u00fane a productores, profesionales y a la comunidad con entrada libre y gratuita. En este contexto,\u00a0 el gobernador Dr. Marcelo Orrego recorri\u00f3 la muestra, destacando la importancia del sector y el desarrollo tecnol\u00f3gico.<\/p>\n<p>Estuvo acompa\u00f1ado durante su recorrido por diversas autoridades provinciales, incluyendo al ministro de Producci\u00f3n, Trabajo e Innovaci\u00f3n, CPN Gustavo Fern\u00e1ndez. Juntos visitaron los stands y dialogaron con los productores y emprendedores presentes.<\/p>\n<p>La muestra se consolid\u00f3 desde 2022 como el punto de encuentro m\u00e1s importante para el sector agr\u00edcola del oeste argentino. Cada edici\u00f3n ofreci\u00f3 a los visitantes la posibilidad de conocer de cerca los avances tecnol\u00f3gicos y las innovaciones que marcaron el presente y el futuro de la producci\u00f3n hort\u00edcola, frutal y vitivin\u00edcola.<\/p>\n<p>El gobernador Orrego remarc\u00f3 la relevancia de la feria para la econom\u00eda local y el potencial productivo de la provincia. \u201cEs la m\u00e1s importante de Cuyo y un sitio para que todos los sanjuaninos pueden disfrutar\u201d.<\/p>\n<p><iframe loading=\"lazy\" title=\"Orrego recorri\u00f3 la vidriera agr\u00edcola de Cuyo en la apertura de Expo Innova San Juan\" width=\"800\" height=\"450\" src=\"https:\/\/www.youtube.com\/embed\/rIuvvb8FVwc?feature=oembed\" frameborder=\"0\" allow=\"accelerometer; autoplay; clipboard-write; encrypted-media; gyroscope; picture-in-picture; web-share\" referrerpolicy=\"strict-origin-when-cross-origin\" allowfullscreen><\/iframe><\/p>\n<p><strong><span style=\"color: #339966;\">Un Escenario de Innovaci\u00f3n y Negocios<\/span><\/strong><\/p>\n<p>La jornada inaugural lleg\u00f3 cargada de actividades y capacitaciones. Durante este mi\u00e9rcoles se dictaron cinco charlas dirigidas a productores, t\u00e9cnicos y p\u00fablico en general, con tem\u00e1ticas que fueron desde la energ\u00eda solar en el campo hasta la producci\u00f3n de alimentos con sello sanjuanino.<\/p>\n<p><strong><span style=\"color: #339966;\">Cronograma de disertaciones<\/span><\/strong><\/p>\n<ul>\n<li>Energ\u00eda Solar para el Campo: Costos y beneficios, a cargo del Ing. Andr\u00e9s Paredes.<\/li>\n<li>Conversatorio y degustaci\u00f3n del aceite de oliva, con la empresa Solfrut, ganadora del premio Mario Solina.<\/li>\n<li>Cata de vino, organizada por la Direcci\u00f3n de Desarrollo Agropecuario.<\/li>\n<\/ul>\n<p>Cuenta con una amplia variedad de propuestas: stands comerciales, parcelas demostrativas con cultivos, exhibiciones de maquinaria agr\u00edcola en funcionamiento y un patio gastron\u00f3mico.<\/p>\n<p>La feria no solo busca acercar las novedades del sector a la comunidad, sino tambi\u00e9n fortalecer la din\u00e1mica de los agronegocios en Mendoza, La Rioja y San Juan.<\/p>\n<p>Desde sus primeras ediciones, demostr\u00f3 ser un espacio clave para el intercambio de experiencias y la generaci\u00f3n de oportunidades de negocio. Con un crecimiento sostenido, Expo Innova Cuyo se afianza como la gran vidriera agr\u00edcola del oeste argentino.<\/p>\n<p><img loading=\"lazy\" decoding=\"async\" class=\"alignnone size-full wp-image-92004\" src=\"https:\/\/vocesparalelas.com.ar\/sitio\/wp-content\/uploads\/2025\/10\/EXPO-INNOVA.CUYO-CARTEL.jpg\" alt=\"\" width=\"800\" height=\"533\" srcset=\"https:\/\/vocesparalelas.com.ar\/sitio\/wp-content\/uploads\/2025\/10\/EXPO-INNOVA.CUYO-CARTEL.jpg 800w, https:\/\/vocesparalelas.com.ar\/sitio\/wp-content\/uploads\/2025\/10\/EXPO-INNOVA.CUYO-CARTEL-300x200.jpg 300w, https:\/\/vocesparalelas.com.ar\/sitio\/wp-content\/uploads\/2025\/10\/EXPO-INNOVA.CUYO-CARTEL-768x512.jpg 768w\" sizes=\"auto, (max-width: 800px) 100vw, 800px\" \/><\/p>\n<p>&nbsp;<\/p>\n","protected":false},"excerpt":{"rendered":"<p>El gobernador de San Juan, Dr. Marcelo Orrego estuvo en la 4\u00aa edici\u00f3n de Expo Innova Cuyo 2025, la feria<\/p>\n","protected":false},"author":3,"featured_media":92005,"comment_status":"closed","ping_status":"closed","sticky":false,"template":"","format":"standard","meta":{"_acf_changed":false,"_seopress_robots_primary_cat":"none","_seopress_titles_title":"","_seopress_titles_desc":"","_seopress_robots_index":"","colormag_page_container_layout":"default_layout","colormag_page_sidebar_layout":"default_layout","footnotes":""},"categories":[10,7],"tags":[],"class_list":["post-92000","post","type-post","status-publish","format-standard","has-post-thumbnail","hentry","category-opiniones","category-videos"],"acf":[],"_links":{"self":[{"href":"https:\/\/vocesparalelas.com.ar\/sitio\/wp-json\/wp\/v2\/posts\/92000","targetHints":{"allow":["GET"]}}],"collection":[{"href":"https:\/\/vocesparalelas.com.ar\/sitio\/wp-json\/wp\/v2\/posts"}],"about":[{"href":"https:\/\/vocesparalelas.com.ar\/sitio\/wp-json\/wp\/v2\/types\/post"}],"author":[{"embeddable":true,"href":"https:\/\/vocesparalelas.com.ar\/sitio\/wp-json\/wp\/v2\/users\/3"}],"replies":[{"embeddable":true,"href":"https:\/\/vocesparalelas.com.ar\/sitio\/wp-json\/wp\/v2\/comments?post=92000"}],"version-history":[{"count":1,"href":"https:\/\/vocesparalelas.com.ar\/sitio\/wp-json\/wp\/v2\/posts\/92000\/revisions"}],"predecessor-version":[{"id":92006,"href":"https:\/\/vocesparalelas.com.ar\/sitio\/wp-json\/wp\/v2\/posts\/92000\/revisions\/92006"}],"wp:featuredmedia":[{"embeddable":true,"href":"https:\/\/vocesparalelas.com.ar\/sitio\/wp-json\/wp\/v2\/media\/92005"}],"wp:attachment":[{"href":"https:\/\/vocesparalelas.com.ar\/sitio\/wp-json\/wp\/v2\/media?parent=92000"}],"wp:term":[{"taxonomy":"category","embeddable":true,"href":"https:\/\/vocesparalelas.com.ar\/sitio\/wp-json\/wp\/v2\/categories?post=92000"},{"taxonomy":"post_tag","embeddable":true,"href":"https:\/\/vocesparalelas.com.ar\/sitio\/wp-json\/wp\/v2\/tags?post=92000"}],"curies":[{"name":"wp","href":"https:\/\/api.w.org\/{rel}","templated":true}]}}