{"id":91993,"date":"2025-09-30T20:58:03","date_gmt":"2025-09-30T23:58:03","guid":{"rendered":"https:\/\/vocesparalelas.com.ar\/sitio\/?p=91993"},"modified":"2025-10-01T01:58:31","modified_gmt":"2025-10-01T04:58:31","slug":"mundial-de-clubes-de-hockey-sobre-patines-2025-en-san-juan","status":"publish","type":"post","link":"https:\/\/vocesparalelas.com.ar\/sitio\/mundial-de-clubes-de-hockey-sobre-patines-2025-en-san-juan\/","title":{"rendered":"Mundial de Clubes de Hockey sobre Patines 2025 en San Juan"},"content":{"rendered":"<p>En la\u00a0Sala de Prensa Dante Pantuso\u00a0del\u00a0estadio Aldo Cantoni\u00a0se realiz\u00f3 la conferencia de prensa de apertura del\u00a0Mundial de Clubes de Hockey sobre Patines Masculino \u2013 San Juan 2025, un evento hist\u00f3rico que reunir\u00e1 a ocho equipos de distintos continentes.<\/p>\n<p>La mesa principal estuvo encabezada por el ministro de Turismo, Cultura y Deporte,\u00a0Guido Romero; el presidente de Agencia Deportes San Juan,\u00a0Pablo Aubone; el presidente del Comit\u00e9 T\u00e9cnico de Hockey Pat\u00edn de World Skate,\u00a0Carmelo Paniagua; el miembro del Comit\u00e9 T\u00e9cnico de World Skate,\u00a0Daniel Martinazzo; y el presidente de la Federaci\u00f3n Sanjuanina de Pat\u00edn,\u00a0Roberto Rold\u00e1n.<\/p>\n<p>Durante el acto,\u00a0Daniel Martinazzo\u00a0destac\u00f3 el orgullo de que San Juan sea sede de esta competencia, fruto de un trabajo iniciado a\u00f1os atr\u00e1s, y agradeci\u00f3 el apoyo de las autoridades provinciales.<\/p>\n<p>Por su parte,\u00a0Carmelo Paniagua\u00a0subray\u00f3 que este ser\u00e1 el primer Mundial de Clubes oficial de World Skate y que San Juan, reconocida como la capital mundial del hockey sobre patines, vuelve a mostrar su compromiso con la disciplina.<\/p>\n<p>Finalmente,\u00a0Guido Romero\u00a0resalt\u00f3 el fuerte respaldo del gobierno provincial al deporte y a los clubes, valorando el rol del hockey en la formaci\u00f3n de valores como el trabajo en equipo y el respeto. Adem\u00e1s, invit\u00f3 a toda la comunidad a vivir de cerca el torneo.<\/p>\n<p>El campeonato, que se disputar\u00e1 entre el\u00a01 y el 5 de octubre en el Aldo Cantoni, cuenta con la organizaci\u00f3n del Gobierno de San Juan, la Agencia Deportes San Juan y World Skate, con el acompa\u00f1amiento de la Federaci\u00f3n Sanjuanina de Pat\u00edn y la Confederaci\u00f3n Argentina de Patinaje.<\/p>\n<p><img loading=\"lazy\" decoding=\"async\" class=\"alignnone size-full wp-image-81290\" src=\"https:\/\/vocesparalelas.com.ar\/sitio\/wp-content\/uploads\/2025\/01\/HOCKEY-SOBRE-PATINES.jpg\" alt=\"\" width=\"800\" height=\"530\" srcset=\"https:\/\/vocesparalelas.com.ar\/sitio\/wp-content\/uploads\/2025\/01\/HOCKEY-SOBRE-PATINES.jpg 800w, https:\/\/vocesparalelas.com.ar\/sitio\/wp-content\/uploads\/2025\/01\/HOCKEY-SOBRE-PATINES-300x199.jpg 300w, https:\/\/vocesparalelas.com.ar\/sitio\/wp-content\/uploads\/2025\/01\/HOCKEY-SOBRE-PATINES-768x509.jpg 768w\" sizes=\"auto, (max-width: 800px) 100vw, 800px\" \/><\/p>\n<p>&nbsp;<\/p>\n","protected":false},"excerpt":{"rendered":"<p>En la\u00a0Sala de Prensa Dante Pantuso\u00a0del\u00a0estadio Aldo Cantoni\u00a0se realiz\u00f3 la conferencia de prensa de apertura del\u00a0Mundial de Clubes de Hockey<\/p>\n","protected":false},"author":3,"featured_media":91996,"comment_status":"closed","ping_status":"closed","sticky":false,"template":"","format":"standard","meta":{"_acf_changed":false,"_seopress_robots_primary_cat":"none","_seopress_titles_title":"","_seopress_titles_desc":"","_seopress_robots_index":"","colormag_page_container_layout":"default_layout","colormag_page_sidebar_layout":"default_layout","footnotes":""},"categories":[1],"tags":[],"class_list":["post-91993","post","type-post","status-publish","format-standard","has-post-thumbnail","hentry","category-destacadas"],"acf":[],"_links":{"self":[{"href":"https:\/\/vocesparalelas.com.ar\/sitio\/wp-json\/wp\/v2\/posts\/91993","targetHints":{"allow":["GET"]}}],"collection":[{"href":"https:\/\/vocesparalelas.com.ar\/sitio\/wp-json\/wp\/v2\/posts"}],"about":[{"href":"https:\/\/vocesparalelas.com.ar\/sitio\/wp-json\/wp\/v2\/types\/post"}],"author":[{"embeddable":true,"href":"https:\/\/vocesparalelas.com.ar\/sitio\/wp-json\/wp\/v2\/users\/3"}],"replies":[{"embeddable":true,"href":"https:\/\/vocesparalelas.com.ar\/sitio\/wp-json\/wp\/v2\/comments?post=91993"}],"version-history":[{"count":1,"href":"https:\/\/vocesparalelas.com.ar\/sitio\/wp-json\/wp\/v2\/posts\/91993\/revisions"}],"predecessor-version":[{"id":91997,"href":"https:\/\/vocesparalelas.com.ar\/sitio\/wp-json\/wp\/v2\/posts\/91993\/revisions\/91997"}],"wp:featuredmedia":[{"embeddable":true,"href":"https:\/\/vocesparalelas.com.ar\/sitio\/wp-json\/wp\/v2\/media\/91996"}],"wp:attachment":[{"href":"https:\/\/vocesparalelas.com.ar\/sitio\/wp-json\/wp\/v2\/media?parent=91993"}],"wp:term":[{"taxonomy":"category","embeddable":true,"href":"https:\/\/vocesparalelas.com.ar\/sitio\/wp-json\/wp\/v2\/categories?post=91993"},{"taxonomy":"post_tag","embeddable":true,"href":"https:\/\/vocesparalelas.com.ar\/sitio\/wp-json\/wp\/v2\/tags?post=91993"}],"curies":[{"name":"wp","href":"https:\/\/api.w.org\/{rel}","templated":true}]}}