{"id":91969,"date":"2025-09-30T21:55:27","date_gmt":"2025-10-01T00:55:27","guid":{"rendered":"https:\/\/vocesparalelas.com.ar\/sitio\/?p=91969"},"modified":"2025-10-01T23:01:06","modified_gmt":"2025-10-02T02:01:06","slug":"musica-en-familia-con-mixturas-en-san-juan","status":"publish","type":"post","link":"https:\/\/vocesparalelas.com.ar\/sitio\/musica-en-familia-con-mixturas-en-san-juan\/","title":{"rendered":"\u00abM\u00fasica en Familia\u00bb con Mixturas en San Juan"},"content":{"rendered":"<p>El S\u00e1bado 04 de Octubre, a las 21:30 hs.: en el Espacio Teatral T\u00edteres en Serio, Juan B. Justo 335 &#8211; S -, Departamento Rivadavia se desarrolla el concierto \u00abM\u00fasica en Familia\u00bb de Mixturas.<\/p>\n<p>Es as\u00ed que, Pierina y Marcelo, el D\u00fao Mixtura, junto sus hijos e hija: Juli\u00e1n, Santiago y Luisa m\u00e1s invitados de la comunidad art\u00edstica.<\/p>\n<p>Cantar juntos, atreverse&#8230;, dejar que las risas y las melod\u00edas se mezclen en un mismo momento de encuentro. Al cantar en familia celebramos la vida, la diversidad de cada uno y la magia de estar unidos en una sola voz. \u00a1An\u00edmate a compartir esta experiencia!<\/p>\n<p><iframe loading=\"lazy\" title=\"SAN JUAN D\u00daO MIXTURA EN FAMILIA\" width=\"563\" height=\"1000\" src=\"https:\/\/www.youtube.com\/embed\/Hd4hmmunPB8?feature=oembed\" frameborder=\"0\" allow=\"accelerometer; autoplay; clipboard-write; encrypted-media; gyroscope; picture-in-picture; web-share\" referrerpolicy=\"strict-origin-when-cross-origin\" allowfullscreen><\/iframe><\/p>\n<p><strong><span style=\"color: #ff6600;\">Entradas<\/span><\/strong><\/p>\n<ul>\n<li>Anticipadas $8.000<\/li>\n<li><a href=\"https:\/\/www.entradaweb.com.ar\/evento\/b939ab06\/step\/1\">https:\/\/www.entradaweb.com.ar\/evento\/b939ab06\/step\/1<\/a><\/li>\n<li>Boleter\u00eda, el d\u00eda de la funci\u00f3n, $10.000<\/li>\n<\/ul>\n<p><img loading=\"lazy\" decoding=\"async\" class=\"alignnone size-full wp-image-70815\" src=\"https:\/\/vocesparalelas.com.ar\/sitio\/wp-content\/uploads\/2024\/03\/TEATRO-TeS-01.jpg\" alt=\"\" width=\"800\" height=\"600\" srcset=\"https:\/\/vocesparalelas.com.ar\/sitio\/wp-content\/uploads\/2024\/03\/TEATRO-TeS-01.jpg 800w, https:\/\/vocesparalelas.com.ar\/sitio\/wp-content\/uploads\/2024\/03\/TEATRO-TeS-01-300x225.jpg 300w, https:\/\/vocesparalelas.com.ar\/sitio\/wp-content\/uploads\/2024\/03\/TEATRO-TeS-01-768x576.jpg 768w\" sizes=\"auto, (max-width: 800px) 100vw, 800px\" \/><\/p>\n","protected":false},"excerpt":{"rendered":"<p>El S\u00e1bado 04 de Octubre, a las 21:30 hs.: en el Espacio Teatral T\u00edteres en Serio, Juan B. Justo 335<\/p>\n","protected":false},"author":3,"featured_media":91974,"comment_status":"closed","ping_status":"closed","sticky":false,"template":"","format":"standard","meta":{"_acf_changed":false,"_seopress_robots_primary_cat":"none","_seopress_titles_title":"","_seopress_titles_desc":"","_seopress_robots_index":"","colormag_page_container_layout":"default_layout","colormag_page_sidebar_layout":"default_layout","footnotes":""},"categories":[20,7],"tags":[],"class_list":["post-91969","post","type-post","status-publish","format-standard","has-post-thumbnail","hentry","category-cartelera","category-videos"],"acf":[],"_links":{"self":[{"href":"https:\/\/vocesparalelas.com.ar\/sitio\/wp-json\/wp\/v2\/posts\/91969","targetHints":{"allow":["GET"]}}],"collection":[{"href":"https:\/\/vocesparalelas.com.ar\/sitio\/wp-json\/wp\/v2\/posts"}],"about":[{"href":"https:\/\/vocesparalelas.com.ar\/sitio\/wp-json\/wp\/v2\/types\/post"}],"author":[{"embeddable":true,"href":"https:\/\/vocesparalelas.com.ar\/sitio\/wp-json\/wp\/v2\/users\/3"}],"replies":[{"embeddable":true,"href":"https:\/\/vocesparalelas.com.ar\/sitio\/wp-json\/wp\/v2\/comments?post=91969"}],"version-history":[{"count":2,"href":"https:\/\/vocesparalelas.com.ar\/sitio\/wp-json\/wp\/v2\/posts\/91969\/revisions"}],"predecessor-version":[{"id":92023,"href":"https:\/\/vocesparalelas.com.ar\/sitio\/wp-json\/wp\/v2\/posts\/91969\/revisions\/92023"}],"wp:featuredmedia":[{"embeddable":true,"href":"https:\/\/vocesparalelas.com.ar\/sitio\/wp-json\/wp\/v2\/media\/91974"}],"wp:attachment":[{"href":"https:\/\/vocesparalelas.com.ar\/sitio\/wp-json\/wp\/v2\/media?parent=91969"}],"wp:term":[{"taxonomy":"category","embeddable":true,"href":"https:\/\/vocesparalelas.com.ar\/sitio\/wp-json\/wp\/v2\/categories?post=91969"},{"taxonomy":"post_tag","embeddable":true,"href":"https:\/\/vocesparalelas.com.ar\/sitio\/wp-json\/wp\/v2\/tags?post=91969"}],"curies":[{"name":"wp","href":"https:\/\/api.w.org\/{rel}","templated":true}]}}