{"id":91965,"date":"2025-09-30T19:06:47","date_gmt":"2025-09-30T22:06:47","guid":{"rendered":"https:\/\/vocesparalelas.com.ar\/sitio\/?p=91965"},"modified":"2025-10-01T23:57:34","modified_gmt":"2025-10-02T02:57:34","slug":"convocatoria-para-que-ong-participen-en-la-feria-agroproductiva-de-san-juan","status":"publish","type":"post","link":"https:\/\/vocesparalelas.com.ar\/sitio\/convocatoria-para-que-ong-participen-en-la-feria-agroproductiva-de-san-juan\/","title":{"rendered":"Convocatoria para que ONG participen en la Feria Agroproductiva de San Juan"},"content":{"rendered":"<p>El Ministerio de Gobierno de San Juan, a trav\u00e9s de la Secretar\u00eda de Relaciones Institucionales y la Direcci\u00f3n de Cultos y ONG, invita a las organizaciones inscriptas en el Registro \u00danico de Cultos y ONG &#8211; RUCO &#8211; a sumarse a la\u00a0 edici\u00f3n de la Feria Agroproductiva, el S\u00e1bado, 4 de Octubre en el tradicional Paseo de las Palmeras del Parque de Mayo, de 9:30 a 13:30 hs.<\/p>\n<p>La Feria Agroproductiva, organizada por la Secretar\u00eda de Agricultura, Ganader\u00eda y Agroindustria mediante la Direcci\u00f3n de Desarrollo Agropecuario del Ministerio de Producci\u00f3n, Trabajo e Innovaci\u00f3n del Gobierno de San Juan, constituye un espacio de encuentro y comercializaci\u00f3n que se desarrolla el primer y tercer S\u00e1bado de cada mes.<\/p>\n<p>En esta oportunidad, el Ministerio de Gobierno dispone de un sector espec\u00edfico para que las entidades sociales difundan su labor, exhiban sus proyectos y fortalezcan la integraci\u00f3n comunitaria.<\/p>\n<p>Las organizaciones interesadas en participar deben completar el formulario de inscripci\u00f3n habilitado para esta convocatoria, a fin que se realice la selecci\u00f3n correspondiente. Para m\u00e1s informaci\u00f3n, est\u00e1n disponibles los canales de contacto habituales de la Direcci\u00f3n de Cultos y ONG.<\/p>\n<p><a href=\"https:\/\/docs.google.com\/forms\/d\/e\/1FAIpQLSdN_kV3-WzG741a8rZQUoPMVC8rR3Wkjxox_DPJ_-F1TiTM9w\/viewform?usp=header\">https:\/\/docs.google.com\/forms\/d\/e\/1FAIpQLSdN_kV3-WzG741a8rZQUoPMVC8rR3Wkjxox_DPJ_-F1TiTM9w\/viewform?usp=header<\/a><\/p>\n<p><strong><span style=\"color: #ff6600;\">Para m\u00e1s informaci\u00f3n<\/span><\/strong><\/p>\n<p>Comunicarse por correo electr\u00f3nico a <span id=\"cloak1c7f8939459faf778f25a026b593cdf4\"><a href=\"mailto:cultoyong@sanjuan.gov.ar\">cultoyong@sanjuan.gov.ar<\/a><\/span> o llamar a los tel\u00e9fonos 4307200 \/ 7201 \/ 7202 \/ 7206, de Lunes a Viernes, de 8 a 14 horas.<\/p>\n<p><img loading=\"lazy\" decoding=\"async\" class=\"alignnone size-full wp-image-65642\" src=\"https:\/\/vocesparalelas.com.ar\/sitio\/wp-content\/uploads\/2023\/11\/GOBIERNO-SAN-JUAN.jpg\" alt=\"\" width=\"800\" height=\"600\" srcset=\"https:\/\/vocesparalelas.com.ar\/sitio\/wp-content\/uploads\/2023\/11\/GOBIERNO-SAN-JUAN.jpg 800w, https:\/\/vocesparalelas.com.ar\/sitio\/wp-content\/uploads\/2023\/11\/GOBIERNO-SAN-JUAN-300x225.jpg 300w, https:\/\/vocesparalelas.com.ar\/sitio\/wp-content\/uploads\/2023\/11\/GOBIERNO-SAN-JUAN-768x576.jpg 768w\" sizes=\"auto, (max-width: 800px) 100vw, 800px\" \/><\/p>\n<p>&nbsp;<\/p>\n","protected":false},"excerpt":{"rendered":"<p>El Ministerio de Gobierno de San Juan, a trav\u00e9s de la Secretar\u00eda de Relaciones Institucionales y la Direcci\u00f3n de Cultos<\/p>\n","protected":false},"author":3,"featured_media":89625,"comment_status":"closed","ping_status":"closed","sticky":false,"template":"","format":"standard","meta":{"_acf_changed":false,"_seopress_robots_primary_cat":"none","_seopress_titles_title":"","_seopress_titles_desc":"","_seopress_robots_index":"","colormag_page_container_layout":"default_layout","colormag_page_sidebar_layout":"default_layout","footnotes":""},"categories":[2],"tags":[],"class_list":["post-91965","post","type-post","status-publish","format-standard","has-post-thumbnail","hentry","category-convocatorias"],"acf":[],"_links":{"self":[{"href":"https:\/\/vocesparalelas.com.ar\/sitio\/wp-json\/wp\/v2\/posts\/91965","targetHints":{"allow":["GET"]}}],"collection":[{"href":"https:\/\/vocesparalelas.com.ar\/sitio\/wp-json\/wp\/v2\/posts"}],"about":[{"href":"https:\/\/vocesparalelas.com.ar\/sitio\/wp-json\/wp\/v2\/types\/post"}],"author":[{"embeddable":true,"href":"https:\/\/vocesparalelas.com.ar\/sitio\/wp-json\/wp\/v2\/users\/3"}],"replies":[{"embeddable":true,"href":"https:\/\/vocesparalelas.com.ar\/sitio\/wp-json\/wp\/v2\/comments?post=91965"}],"version-history":[{"count":1,"href":"https:\/\/vocesparalelas.com.ar\/sitio\/wp-json\/wp\/v2\/posts\/91965\/revisions"}],"predecessor-version":[{"id":91968,"href":"https:\/\/vocesparalelas.com.ar\/sitio\/wp-json\/wp\/v2\/posts\/91965\/revisions\/91968"}],"wp:featuredmedia":[{"embeddable":true,"href":"https:\/\/vocesparalelas.com.ar\/sitio\/wp-json\/wp\/v2\/media\/89625"}],"wp:attachment":[{"href":"https:\/\/vocesparalelas.com.ar\/sitio\/wp-json\/wp\/v2\/media?parent=91965"}],"wp:term":[{"taxonomy":"category","embeddable":true,"href":"https:\/\/vocesparalelas.com.ar\/sitio\/wp-json\/wp\/v2\/categories?post=91965"},{"taxonomy":"post_tag","embeddable":true,"href":"https:\/\/vocesparalelas.com.ar\/sitio\/wp-json\/wp\/v2\/tags?post=91965"}],"curies":[{"name":"wp","href":"https:\/\/api.w.org\/{rel}","templated":true}]}}