{"id":91960,"date":"2025-09-30T15:13:52","date_gmt":"2025-09-30T18:13:52","guid":{"rendered":"https:\/\/vocesparalelas.com.ar\/sitio\/?p=91960"},"modified":"2025-10-01T23:55:29","modified_gmt":"2025-10-02T02:55:29","slug":"obra-de-teatro-soberana-miseria-en-san-juan","status":"publish","type":"post","link":"https:\/\/vocesparalelas.com.ar\/sitio\/obra-de-teatro-soberana-miseria-en-san-juan\/","title":{"rendered":"Obra de Teatro \u00abSoberana Miseria\u00bb en San Juan"},"content":{"rendered":"<p>El S\u00e1bado, 4 de Octubre de 2025, a las 21:30 hs.; en el Espacio de Arte Franklin Rawson (calle Entre R\u00edos 1116 Sur, junto a la RTO, se presenta \u201cSoberana Miseria\u201d<strong>,<\/strong> un show de variedades compuesto por piezas teatrales que parten de distintos territorios dram\u00e1ticos, pero con un gui\u00f1o com\u00fan a la comedia. Destinada a p\u00fablico adulto.<\/p>\n<p><strong><span style=\"color: #ff6600;\">Entradas:<\/span><\/strong><\/p>\n<ul>\n<li>Anticipadas $ 8000<\/li>\n<li>Promo 2 \u00d7 $ 15000<\/li>\n<li>En puerta $10.000<\/li>\n<\/ul>\n<p>Para contacto y\/o reserva de entradas comunicarse al 2645402190 (Gema Arias).<\/p>\n<p><strong><span style=\"color: #ff6600;\">Ficha T\u00e9cnica<\/span><\/strong><\/p>\n<ul>\n<li>En escena: Roxana Orihuela, Mar\u00eda Carrizo, Gema Arias y Federico Lucero.<\/li>\n<li>Creaci\u00f3n y producci\u00f3n: Tercer Cr\u00eda Esc\u00e9nicas (Instagram: @tercercria.escenicas)<\/li>\n<\/ul>\n<p><strong><span style=\"color: #ff6600;\">Sinopsis<\/span><\/strong><\/p>\n<p>Una procesi\u00f3n de personajes empobrecidos no s\u00f3lo en pan, tambi\u00e9n en destino, sobrevive como puede bajo el yugo de su soberano. Hacemos de lo miserable un show de variedades.<\/p>\n<p><img loading=\"lazy\" decoding=\"async\" class=\"alignnone size-full wp-image-86394\" src=\"https:\/\/vocesparalelas.com.ar\/sitio\/wp-content\/uploads\/2025\/05\/TEATRO-SARMIENTO-SIMBOLO.jpg\" alt=\"\" width=\"800\" height=\"455\" srcset=\"https:\/\/vocesparalelas.com.ar\/sitio\/wp-content\/uploads\/2025\/05\/TEATRO-SARMIENTO-SIMBOLO.jpg 800w, https:\/\/vocesparalelas.com.ar\/sitio\/wp-content\/uploads\/2025\/05\/TEATRO-SARMIENTO-SIMBOLO-300x171.jpg 300w, https:\/\/vocesparalelas.com.ar\/sitio\/wp-content\/uploads\/2025\/05\/TEATRO-SARMIENTO-SIMBOLO-768x437.jpg 768w\" sizes=\"auto, (max-width: 800px) 100vw, 800px\" \/><\/p>\n","protected":false},"excerpt":{"rendered":"<p>El S\u00e1bado, 4 de Octubre de 2025, a las 21:30 hs.; en el Espacio de Arte Franklin Rawson (calle Entre<\/p>\n","protected":false},"author":3,"featured_media":91963,"comment_status":"closed","ping_status":"closed","sticky":false,"template":"","format":"standard","meta":{"_acf_changed":false,"_seopress_robots_primary_cat":"none","_seopress_titles_title":"","_seopress_titles_desc":"","_seopress_robots_index":"","colormag_page_container_layout":"default_layout","colormag_page_sidebar_layout":"default_layout","footnotes":""},"categories":[20],"tags":[],"class_list":["post-91960","post","type-post","status-publish","format-standard","has-post-thumbnail","hentry","category-cartelera"],"acf":[],"_links":{"self":[{"href":"https:\/\/vocesparalelas.com.ar\/sitio\/wp-json\/wp\/v2\/posts\/91960","targetHints":{"allow":["GET"]}}],"collection":[{"href":"https:\/\/vocesparalelas.com.ar\/sitio\/wp-json\/wp\/v2\/posts"}],"about":[{"href":"https:\/\/vocesparalelas.com.ar\/sitio\/wp-json\/wp\/v2\/types\/post"}],"author":[{"embeddable":true,"href":"https:\/\/vocesparalelas.com.ar\/sitio\/wp-json\/wp\/v2\/users\/3"}],"replies":[{"embeddable":true,"href":"https:\/\/vocesparalelas.com.ar\/sitio\/wp-json\/wp\/v2\/comments?post=91960"}],"version-history":[{"count":1,"href":"https:\/\/vocesparalelas.com.ar\/sitio\/wp-json\/wp\/v2\/posts\/91960\/revisions"}],"predecessor-version":[{"id":91964,"href":"https:\/\/vocesparalelas.com.ar\/sitio\/wp-json\/wp\/v2\/posts\/91960\/revisions\/91964"}],"wp:featuredmedia":[{"embeddable":true,"href":"https:\/\/vocesparalelas.com.ar\/sitio\/wp-json\/wp\/v2\/media\/91963"}],"wp:attachment":[{"href":"https:\/\/vocesparalelas.com.ar\/sitio\/wp-json\/wp\/v2\/media?parent=91960"}],"wp:term":[{"taxonomy":"category","embeddable":true,"href":"https:\/\/vocesparalelas.com.ar\/sitio\/wp-json\/wp\/v2\/categories?post=91960"},{"taxonomy":"post_tag","embeddable":true,"href":"https:\/\/vocesparalelas.com.ar\/sitio\/wp-json\/wp\/v2\/tags?post=91960"}],"curies":[{"name":"wp","href":"https:\/\/api.w.org\/{rel}","templated":true}]}}