{"id":91956,"date":"2025-09-30T13:44:56","date_gmt":"2025-09-30T16:44:56","guid":{"rendered":"https:\/\/vocesparalelas.com.ar\/sitio\/?p=91956"},"modified":"2025-10-01T23:55:58","modified_gmt":"2025-10-02T02:55:58","slug":"feria-agroproductiva-en-san-juan-15","status":"publish","type":"post","link":"https:\/\/vocesparalelas.com.ar\/sitio\/feria-agroproductiva-en-san-juan-15\/","title":{"rendered":"Feria Agroproductiva en San Juan"},"content":{"rendered":"<p>El S\u00e1bado 4 se realizar\u00e1 una nueva edici\u00f3n de la Feria Agroproductiva en el Paseo de las Palmeras del Parque de Mayo, de 9:30 a 13:30 hs. Este evento se consolida como un espacio ideal para disfrutar en familia, apoyar la producci\u00f3n local y fomentar h\u00e1bitos de vida saludables.<\/p>\n<p>Productores y emprendedores sanjuaninos ofrecer\u00e1n alimentos frescos, artesanales y saludables. Adem\u00e1s, habr\u00e1 stands de servicios e instituciones.<\/p>\n<p>Quienes asistan, pueden adquirir frutas y verduras frescas, aceite de oliva, aceitunas, vinos, panificados artesanales, conservas, dulces y muchos otros productos elaborados por m\u00e1s de 130 productores y emprendedores de San Juan.<\/p>\n<p>Adem\u00e1s, de la propuesta productiva, diversas instituciones p\u00fablicas ofrecer\u00e1n servicios e informaci\u00f3n a la comunidad. Entre ellas se destacan:<\/p>\n<p>Ministerio de Salud: actualizaci\u00f3n gratuita del calendario de vacunaci\u00f3n y actividades en el marco del D\u00eda de la Alimentaci\u00f3n y la Obesidad, incluyendo encuestas sobre el uso de plantas arom\u00e1ticas como reemplazo de la sal.<\/p>\n<p>Secretar\u00eda de Tr\u00e1nsito y Transporte: stand informativo sobre la Tarjeta SUBE, con entrega de tarjetas y asesoramiento personalizado.<\/p>\n<p>Ministerio de Gobierno \u2013 Secretar\u00eda de Relaciones Institucionales: participaci\u00f3n de la Direcci\u00f3n de Cultos y organizaciones no gubernamentales.<\/p>\n<p>Direcci\u00f3n de Sanidad Vegetal, Animal y Alimentos: canje de botellas descartables por trampas \u00abmatadoras\u00bb para la mosca de los frutos, informaci\u00f3n sobre el control de plagas agr\u00edcolas y exhibici\u00f3n de insectos biocontroladores de la BioPlanta San Juan.<\/p>\n<p>En esta edici\u00f3n tambi\u00e9n participar\u00e1n organizaciones locales como el Centro de Jubilados Unidos en Acci\u00f3n Asociaci\u00f3n Civil y la Asociaci\u00f3n Endometriosis San Juan.<\/p>\n<p><img loading=\"lazy\" decoding=\"async\" class=\"alignnone size-full wp-image-71555\" src=\"https:\/\/vocesparalelas.com.ar\/sitio\/wp-content\/uploads\/2024\/04\/FERIA-AGROPRODUCTIVA-02.jpg\" alt=\"\" width=\"800\" height=\"533\" srcset=\"https:\/\/vocesparalelas.com.ar\/sitio\/wp-content\/uploads\/2024\/04\/FERIA-AGROPRODUCTIVA-02.jpg 800w, https:\/\/vocesparalelas.com.ar\/sitio\/wp-content\/uploads\/2024\/04\/FERIA-AGROPRODUCTIVA-02-300x200.jpg 300w, https:\/\/vocesparalelas.com.ar\/sitio\/wp-content\/uploads\/2024\/04\/FERIA-AGROPRODUCTIVA-02-768x512.jpg 768w\" sizes=\"auto, (max-width: 800px) 100vw, 800px\" \/><\/p>\n<p>La Feria Agroproductiva se reafirma como un punto de encuentro entre productores y vecinos, donde se combinan alimentos de calidad, conciencia ambiental y acceso a servicios p\u00fablicos en un solo lugar.<\/p>\n<p><img loading=\"lazy\" decoding=\"async\" class=\"alignnone size-full wp-image-65642\" src=\"https:\/\/vocesparalelas.com.ar\/sitio\/wp-content\/uploads\/2023\/11\/GOBIERNO-SAN-JUAN.jpg\" alt=\"\" width=\"800\" height=\"600\" srcset=\"https:\/\/vocesparalelas.com.ar\/sitio\/wp-content\/uploads\/2023\/11\/GOBIERNO-SAN-JUAN.jpg 800w, https:\/\/vocesparalelas.com.ar\/sitio\/wp-content\/uploads\/2023\/11\/GOBIERNO-SAN-JUAN-300x225.jpg 300w, https:\/\/vocesparalelas.com.ar\/sitio\/wp-content\/uploads\/2023\/11\/GOBIERNO-SAN-JUAN-768x576.jpg 768w\" sizes=\"auto, (max-width: 800px) 100vw, 800px\" \/><\/p>\n","protected":false},"excerpt":{"rendered":"<p>El S\u00e1bado 4 se realizar\u00e1 una nueva edici\u00f3n de la Feria Agroproductiva en el Paseo de las Palmeras del Parque<\/p>\n","protected":false},"author":3,"featured_media":71556,"comment_status":"closed","ping_status":"closed","sticky":false,"template":"","format":"standard","meta":{"_acf_changed":false,"_seopress_robots_primary_cat":"none","_seopress_titles_title":"","_seopress_titles_desc":"","_seopress_robots_index":"","colormag_page_container_layout":"default_layout","colormag_page_sidebar_layout":"default_layout","footnotes":""},"categories":[6],"tags":[],"class_list":["post-91956","post","type-post","status-publish","format-standard","has-post-thumbnail","hentry","category-eventos"],"acf":[],"_links":{"self":[{"href":"https:\/\/vocesparalelas.com.ar\/sitio\/wp-json\/wp\/v2\/posts\/91956","targetHints":{"allow":["GET"]}}],"collection":[{"href":"https:\/\/vocesparalelas.com.ar\/sitio\/wp-json\/wp\/v2\/posts"}],"about":[{"href":"https:\/\/vocesparalelas.com.ar\/sitio\/wp-json\/wp\/v2\/types\/post"}],"author":[{"embeddable":true,"href":"https:\/\/vocesparalelas.com.ar\/sitio\/wp-json\/wp\/v2\/users\/3"}],"replies":[{"embeddable":true,"href":"https:\/\/vocesparalelas.com.ar\/sitio\/wp-json\/wp\/v2\/comments?post=91956"}],"version-history":[{"count":1,"href":"https:\/\/vocesparalelas.com.ar\/sitio\/wp-json\/wp\/v2\/posts\/91956\/revisions"}],"predecessor-version":[{"id":91959,"href":"https:\/\/vocesparalelas.com.ar\/sitio\/wp-json\/wp\/v2\/posts\/91956\/revisions\/91959"}],"wp:featuredmedia":[{"embeddable":true,"href":"https:\/\/vocesparalelas.com.ar\/sitio\/wp-json\/wp\/v2\/media\/71556"}],"wp:attachment":[{"href":"https:\/\/vocesparalelas.com.ar\/sitio\/wp-json\/wp\/v2\/media?parent=91956"}],"wp:term":[{"taxonomy":"category","embeddable":true,"href":"https:\/\/vocesparalelas.com.ar\/sitio\/wp-json\/wp\/v2\/categories?post=91956"},{"taxonomy":"post_tag","embeddable":true,"href":"https:\/\/vocesparalelas.com.ar\/sitio\/wp-json\/wp\/v2\/tags?post=91956"}],"curies":[{"name":"wp","href":"https:\/\/api.w.org\/{rel}","templated":true}]}}