{"id":9195,"date":"2018-01-11T22:59:46","date_gmt":"2018-01-12T01:59:46","guid":{"rendered":"http:\/\/vocesparalelas.com.ar\/sitio\/?p=9195"},"modified":"2018-01-11T23:01:22","modified_gmt":"2018-01-12T02:01:22","slug":"unos-150-chicos-de-las-colonias-de-verano-se-suman-al-vivac-del-dakar-para-vivir-de-cerca","status":"publish","type":"post","link":"https:\/\/vocesparalelas.com.ar\/sitio\/unos-150-chicos-de-las-colonias-de-verano-se-suman-al-vivac-del-dakar-para-vivir-de-cerca\/","title":{"rendered":"Unos 150 Chicos de las Colonias de Verano se suman al vivac del Dakar para vivir de cerca"},"content":{"rendered":"<p>Al igual que en 2017, ni\u00f1os, ni\u00f1as y j\u00f3venes con discapacidad, recorrern el campamento del rally m\u00e1s duro del mundo. Dentro de ese grupo participar\u00e1n ni\u00f1os que forman parte de los Hogares del Ministerio de Desarrollo Humano.<\/p>\n<p>El Rally m\u00e1s importante del mundo tambi\u00e9n tiene un importante anclaje social. Es que al igual que el a\u00f1o pasado, 150 chicos de Colonias de Verano de distintos departamento y otras instituciones, visitar\u00e1n por primera vez el campamento montado en el Aut\u00f3dromo Eduardo Copello, pudiendo disfrutar del Dakar desde adentro.<\/p>\n<p>Por este motivo, el ministro de Desarrollo Humano y Promoci\u00f3n Social, Armando S\u00e1nchez, mantuvo una reuni\u00f3n con el secretario de Turismo, Dr. Roberto Ju\u00e1rez y el subsecretario de Asistencia Social, Dr. Javier Rodr\u00edguez, para ultimar detalles sobre la visita de chicos sanjuaninos al vivac del Dakar.<\/p>\n<p>La visita guiada se realizar\u00e1\u00a0 para los ni\u00f1os de la provincia, de los cuales algunos forman parte de los Hogares del Ministerio de Desarrollo Humano.<\/p>\n<p>La actividad se realiza de manera conjunta entre los ministerios de Desarrollo Humano y Turismo y Cultura.<\/p>\n<p><iframe loading=\"lazy\" width=\"800\" height=\"600\" src=\"https:\/\/www.youtube.com\/embed\/wuf35tBzbIg?feature=oembed\" frameborder=\"0\" allow=\"autoplay; encrypted-media\" allowfullscreen><\/iframe><\/p>\n<p>&nbsp;<\/p>\n<p>&nbsp;<\/p>\n","protected":false},"excerpt":{"rendered":"<p>Al igual que en 2017, ni\u00f1os, ni\u00f1as y j\u00f3venes con discapacidad, recorrern el campamento del rally m\u00e1s duro del mundo.<\/p>\n","protected":false},"author":3,"featured_media":9196,"comment_status":"closed","ping_status":"closed","sticky":false,"template":"","format":"video","meta":{"_acf_changed":false,"_seopress_robots_primary_cat":"","_seopress_titles_title":"","_seopress_titles_desc":"","_seopress_robots_index":"","colormag_page_container_layout":"default_layout","colormag_page_sidebar_layout":"default_layout","footnotes":""},"categories":[1,7],"tags":[],"class_list":["post-9195","post","type-post","status-publish","format-video","has-post-thumbnail","hentry","category-destacadas","category-videos","post_format-post-format-video"],"acf":[],"_links":{"self":[{"href":"https:\/\/vocesparalelas.com.ar\/sitio\/wp-json\/wp\/v2\/posts\/9195","targetHints":{"allow":["GET"]}}],"collection":[{"href":"https:\/\/vocesparalelas.com.ar\/sitio\/wp-json\/wp\/v2\/posts"}],"about":[{"href":"https:\/\/vocesparalelas.com.ar\/sitio\/wp-json\/wp\/v2\/types\/post"}],"author":[{"embeddable":true,"href":"https:\/\/vocesparalelas.com.ar\/sitio\/wp-json\/wp\/v2\/users\/3"}],"replies":[{"embeddable":true,"href":"https:\/\/vocesparalelas.com.ar\/sitio\/wp-json\/wp\/v2\/comments?post=9195"}],"version-history":[{"count":0,"href":"https:\/\/vocesparalelas.com.ar\/sitio\/wp-json\/wp\/v2\/posts\/9195\/revisions"}],"wp:featuredmedia":[{"embeddable":true,"href":"https:\/\/vocesparalelas.com.ar\/sitio\/wp-json\/wp\/v2\/media\/9196"}],"wp:attachment":[{"href":"https:\/\/vocesparalelas.com.ar\/sitio\/wp-json\/wp\/v2\/media?parent=9195"}],"wp:term":[{"taxonomy":"category","embeddable":true,"href":"https:\/\/vocesparalelas.com.ar\/sitio\/wp-json\/wp\/v2\/categories?post=9195"},{"taxonomy":"post_tag","embeddable":true,"href":"https:\/\/vocesparalelas.com.ar\/sitio\/wp-json\/wp\/v2\/tags?post=9195"}],"curies":[{"name":"wp","href":"https:\/\/api.w.org\/{rel}","templated":true}]}}