{"id":91947,"date":"2025-09-29T19:33:04","date_gmt":"2025-09-29T22:33:04","guid":{"rendered":"https:\/\/vocesparalelas.com.ar\/sitio\/?p=91947"},"modified":"2025-10-01T01:40:50","modified_gmt":"2025-10-01T04:40:50","slug":"postcasete-unplugged-en-el-teatro-del-bicentenario-de-san-juan","status":"publish","type":"post","link":"https:\/\/vocesparalelas.com.ar\/sitio\/postcasete-unplugged-en-el-teatro-del-bicentenario-de-san-juan\/","title":{"rendered":"\u201cPostcasete, Unplugged\u201d en el Teatro del Bicentenario de San Juan"},"content":{"rendered":"<p>La banda Postcasete,\u00a0una de las propuestas musicales emergentes m\u00e1s originales de la provincia, se prepara para dar un show \u00fanico el Viernes, 03 de Octubre. Basado en los hist\u00f3ricos MTV Unplugged, Juan Guerra (voz y teclado), Sebasti\u00e1n Arnaez (guitarra y coros), Fabricio Norte (bajo) y Lucas Rico (bater\u00eda y coros) se presentar\u00e1n en la Sala Audit\u00f3rium de Teatro del Bicentenario con \u201cPostcasete, Unplugged\u201d.<\/p>\n<p>En esta oportunidad, el grupo propondr\u00e1\u00a0un espect\u00e1culo con una nueva est\u00e9tica sonora y visual\u00a0y contar\u00e1 con\u00a0invitados especiales, reversiones de sus canciones y una puesta en escena innovadora que promete convertirse en una de las citas musicales m\u00e1s memorables del a\u00f1o.<\/p>\n<p>\u00abPostasete, Unplugged\u00bb apuesta fuertemente a un\u00a0formato m\u00e1s ac\u00fastico, con reversiones de sus temas y una puesta en escena pocas veces vista en la provincia que\u00a0abrir\u00e1 sus puertas para vivir una aut\u00e9ntica experiencia postcasetera.<\/p>\n<p>As\u00ed, esta agrupaci\u00f3n local conquistar\u00e1 al p\u00fablico con su fusi\u00f3n de funk, pop y m\u00fasica disco, siempre con una impronta original y fresca. Tras la edici\u00f3n de su primer EP \u201cTres partes\u201d en 2024, la banda ha recorrido distintos escenarios de la provincia, consolidando una comunidad que acompa\u00f1a cada una de sus presentaciones.<\/p>\n<p>La cita ser\u00e1 a las 22\u00a0y las entradas tienen un valor de $10.000, con descuentos exclusivos, y se encuentran disponibles en la boleter\u00eda del TB, de lunes a viernes de 9:30 a 14 y de 16 a 20, y s\u00e1bados de 9:30 a 14. Tambi\u00e9n pueden adquirirse online a trav\u00e9s de\u00a0<a href=\"https:\/\/www.tuentrada.com\/eventos\/detalle\/tbsj\/827816198397\">Tuentrada.com<\/a><\/p>\n<p>&nbsp;<\/p>\n<p><img loading=\"lazy\" decoding=\"async\" class=\"alignnone size-large wp-image-21666\" src=\"https:\/\/vocesparalelas.com.ar\/sitio\/wp-content\/uploads\/2019\/06\/TEATRO-BICENTENARIO-10-800x600.jpg\" alt=\"\" width=\"800\" height=\"600\" srcset=\"https:\/\/vocesparalelas.com.ar\/sitio\/wp-content\/uploads\/2019\/06\/TEATRO-BICENTENARIO-10-800x600.jpg 800w, https:\/\/vocesparalelas.com.ar\/sitio\/wp-content\/uploads\/2019\/06\/TEATRO-BICENTENARIO-10-300x225.jpg 300w, https:\/\/vocesparalelas.com.ar\/sitio\/wp-content\/uploads\/2019\/06\/TEATRO-BICENTENARIO-10-768x576.jpg 768w, https:\/\/vocesparalelas.com.ar\/sitio\/wp-content\/uploads\/2019\/06\/TEATRO-BICENTENARIO-10.jpg 1000w\" sizes=\"auto, (max-width: 800px) 100vw, 800px\" \/><\/p>\n","protected":false},"excerpt":{"rendered":"<p>La banda Postcasete,\u00a0una de las propuestas musicales emergentes m\u00e1s originales de la provincia, se prepara para dar un show \u00fanico<\/p>\n","protected":false},"author":3,"featured_media":91950,"comment_status":"closed","ping_status":"closed","sticky":false,"template":"","format":"standard","meta":{"_acf_changed":false,"_seopress_robots_primary_cat":"none","_seopress_titles_title":"","_seopress_titles_desc":"","_seopress_robots_index":"","colormag_page_container_layout":"default_layout","colormag_page_sidebar_layout":"default_layout","footnotes":""},"categories":[20],"tags":[],"class_list":["post-91947","post","type-post","status-publish","format-standard","has-post-thumbnail","hentry","category-cartelera"],"acf":[],"_links":{"self":[{"href":"https:\/\/vocesparalelas.com.ar\/sitio\/wp-json\/wp\/v2\/posts\/91947","targetHints":{"allow":["GET"]}}],"collection":[{"href":"https:\/\/vocesparalelas.com.ar\/sitio\/wp-json\/wp\/v2\/posts"}],"about":[{"href":"https:\/\/vocesparalelas.com.ar\/sitio\/wp-json\/wp\/v2\/types\/post"}],"author":[{"embeddable":true,"href":"https:\/\/vocesparalelas.com.ar\/sitio\/wp-json\/wp\/v2\/users\/3"}],"replies":[{"embeddable":true,"href":"https:\/\/vocesparalelas.com.ar\/sitio\/wp-json\/wp\/v2\/comments?post=91947"}],"version-history":[{"count":3,"href":"https:\/\/vocesparalelas.com.ar\/sitio\/wp-json\/wp\/v2\/posts\/91947\/revisions"}],"predecessor-version":[{"id":91953,"href":"https:\/\/vocesparalelas.com.ar\/sitio\/wp-json\/wp\/v2\/posts\/91947\/revisions\/91953"}],"wp:featuredmedia":[{"embeddable":true,"href":"https:\/\/vocesparalelas.com.ar\/sitio\/wp-json\/wp\/v2\/media\/91950"}],"wp:attachment":[{"href":"https:\/\/vocesparalelas.com.ar\/sitio\/wp-json\/wp\/v2\/media?parent=91947"}],"wp:term":[{"taxonomy":"category","embeddable":true,"href":"https:\/\/vocesparalelas.com.ar\/sitio\/wp-json\/wp\/v2\/categories?post=91947"},{"taxonomy":"post_tag","embeddable":true,"href":"https:\/\/vocesparalelas.com.ar\/sitio\/wp-json\/wp\/v2\/tags?post=91947"}],"curies":[{"name":"wp","href":"https:\/\/api.w.org\/{rel}","templated":true}]}}