{"id":91943,"date":"2025-09-29T20:26:33","date_gmt":"2025-09-29T23:26:33","guid":{"rendered":"https:\/\/vocesparalelas.com.ar\/sitio\/?p=91943"},"modified":"2025-10-01T01:37:36","modified_gmt":"2025-10-01T04:37:36","slug":"programa-octubre-2025-del-ciclo-de-cine-en-la-ffha-de-la-unsj","status":"publish","type":"post","link":"https:\/\/vocesparalelas.com.ar\/sitio\/programa-octubre-2025-del-ciclo-de-cine-en-la-ffha-de-la-unsj\/","title":{"rendered":"Programa \u00abOctubre 2025\u00bb del Ciclo de Cine en la FFHA de la UNSJ"},"content":{"rendered":"<p>La Facultad de Filosof\u00eda, Humanidades y Arte de la Universidad Nacional de San Juan ofrece el Ciclo de Cine \u00a0\u201cOctubre 2025\u201d con entrada Libre y gratuita los Mi\u00e9rcoles, a las 20:30 hs.; en el Aula Magna de la Unidad Acad\u00e9mica.<\/p>\n<p>La coordinaci\u00f3n del Cineasta Carlos Cerlmedo y la Secretaria de Extensi\u00f3n Universitaria de la FFHA de la UNSJ, desde hace 28 a\u00f1os consecutivos.<\/p>\n<figure id=\"attachment_59222\" aria-describedby=\"caption-attachment-59222\" style=\"width: 800px\" class=\"wp-caption alignnone\"><img loading=\"lazy\" decoding=\"async\" class=\"size-full wp-image-59222\" src=\"https:\/\/vocesparalelas.com.ar\/sitio\/wp-content\/uploads\/2023\/05\/FFHA-CARLOS-CERIMEDO-03.jpg\" alt=\"\" width=\"800\" height=\"533\" srcset=\"https:\/\/vocesparalelas.com.ar\/sitio\/wp-content\/uploads\/2023\/05\/FFHA-CARLOS-CERIMEDO-03.jpg 800w, https:\/\/vocesparalelas.com.ar\/sitio\/wp-content\/uploads\/2023\/05\/FFHA-CARLOS-CERIMEDO-03-300x200.jpg 300w, https:\/\/vocesparalelas.com.ar\/sitio\/wp-content\/uploads\/2023\/05\/FFHA-CARLOS-CERIMEDO-03-768x512.jpg 768w\" sizes=\"auto, (max-width: 800px) 100vw, 800px\" \/><figcaption id=\"caption-attachment-59222\" class=\"wp-caption-text\">Cineasta de San Juan, Carlos Cerimedo<\/figcaption><\/figure>\n<p>El ciclo fue creado en Setiembre de 1998 por Carlos Cerlmedo, cuando desde su programa \u00abLuz, c\u00e1mara, Acci\u00f3n\u00bb por Radio Sarmiento, lanza este ciclo.<\/p>\n<p>Este programa es \u00fanico en Argentina \u00a0y en la Provincia de San Juan. Fue declarado de Inter\u00e9s Provincial, Legislativo, Municipal, Universitario, de Inter\u00e9s Cultural Nacional e Hist\u00f3rico Cultural por la C\u00e1mara de Diputados de la Naci\u00f3n.<\/p>\n<p><span style=\"color: #ff6600;\"><strong>Programa<\/strong><\/span><\/p>\n<p><strong><span style=\"color: #ff6600;\">Mi\u00e9rcoles, 01 de Octubre, a las 20,30 hs.; \u201c LOVE RANCH\u201d con Helen Mirren- Joe Pesci y elenco<\/span><\/strong><\/p>\n<p><iframe loading=\"lazy\" title=\"Love Ranch - Official HD Trailer with Helen Mirren and Joe Pesci\" width=\"800\" height=\"450\" src=\"https:\/\/www.youtube.com\/embed\/AtH-KF0_Rkc?feature=oembed\" frameborder=\"0\" allow=\"accelerometer; autoplay; clipboard-write; encrypted-media; gyroscope; picture-in-picture; web-share\" referrerpolicy=\"strict-origin-when-cross-origin\" allowfullscreen><\/iframe><\/p>\n<p>&nbsp;<\/p>\n<p><span style=\"color: #ff6600;\"><strong>Mi\u00e9rcoles, 08 de Octubre, a las 20,30 hs.; \u201cCUMBRES BORRASCOSAS\u201d con Merle Oberon- Lawrence Oliver y elenco<\/strong><\/span><\/p>\n<p><iframe loading=\"lazy\" title=\"&quot;Cumbres Borrascosas&quot; | Teaser Oficial | Subtitulado\" width=\"800\" height=\"450\" src=\"https:\/\/www.youtube.com\/embed\/2aua3byharo?feature=oembed\" frameborder=\"0\" allow=\"accelerometer; autoplay; clipboard-write; encrypted-media; gyroscope; picture-in-picture; web-share\" referrerpolicy=\"strict-origin-when-cross-origin\" allowfullscreen><\/iframe><\/p>\n<p>&nbsp;<\/p>\n<p><strong><span style=\"color: #ff6600;\">Mi\u00e9rcoles, 15 de Octubre, a las 20,30 hs.; \u201c APITAN KOBLIK\u201d\u00a0 con Ricardo Dar\u00edn-Oscar Martinez y elenco<\/span><\/strong><\/p>\n<p><iframe loading=\"lazy\" title=\"K\u00d3BLIC - TRAILER OFICIAL\" width=\"800\" height=\"450\" src=\"https:\/\/www.youtube.com\/embed\/ZjoQS9_VBp0?feature=oembed\" frameborder=\"0\" allow=\"accelerometer; autoplay; clipboard-write; encrypted-media; gyroscope; picture-in-picture; web-share\" referrerpolicy=\"strict-origin-when-cross-origin\" allowfullscreen><\/iframe><\/p>\n<p><strong><span style=\"color: #ff6600;\">Mi\u00e9rcoles, 22 de octubre, a las 20,30 hs.; \u201cTIEMPOS MODERNOS\u201d con Charles Chaplin- Paulette Goddart y elenco<\/span><\/strong><\/p>\n<p><iframe loading=\"lazy\" title=\"Trailer: Tiempos Modernos\" width=\"800\" height=\"600\" src=\"https:\/\/www.youtube.com\/embed\/Sy16A3ARC4c?feature=oembed\" frameborder=\"0\" allow=\"accelerometer; autoplay; clipboard-write; encrypted-media; gyroscope; picture-in-picture; web-share\" referrerpolicy=\"strict-origin-when-cross-origin\" allowfullscreen><\/iframe><\/p>\n<p>&nbsp;<\/p>\n<p><strong><span style=\"color: #ff6600;\">Mi\u00e9rcoles, 29 de Octubre, a las 20,30 hs.; \u201cLAS INVASIONES BARBARAS\u201d con Remy Girard- Estephane Roseau y elenco<\/span><\/strong><\/p>\n<p><iframe loading=\"lazy\" title=\"&quot;Las invasiones ba\u0301rbaras&quot; - (Les invasions barbares) Trailer (VE)\" width=\"800\" height=\"600\" src=\"https:\/\/www.youtube.com\/embed\/c2NjgwjgSiA?feature=oembed\" frameborder=\"0\" allow=\"accelerometer; autoplay; clipboard-write; encrypted-media; gyroscope; picture-in-picture; web-share\" referrerpolicy=\"strict-origin-when-cross-origin\" allowfullscreen><\/iframe><\/p>\n<p><img loading=\"lazy\" decoding=\"async\" class=\"alignnone size-large wp-image-43889\" src=\"https:\/\/vocesparalelas.com.ar\/sitio\/wp-content\/uploads\/2021\/11\/FFHA-FRENTE-1-800x600.jpg\" alt=\"\" width=\"800\" height=\"600\" srcset=\"https:\/\/vocesparalelas.com.ar\/sitio\/wp-content\/uploads\/2021\/11\/FFHA-FRENTE-1-800x600.jpg 800w, https:\/\/vocesparalelas.com.ar\/sitio\/wp-content\/uploads\/2021\/11\/FFHA-FRENTE-1-300x225.jpg 300w, https:\/\/vocesparalelas.com.ar\/sitio\/wp-content\/uploads\/2021\/11\/FFHA-FRENTE-1-768x576.jpg 768w, https:\/\/vocesparalelas.com.ar\/sitio\/wp-content\/uploads\/2021\/11\/FFHA-FRENTE-1.jpg 1024w\" sizes=\"auto, (max-width: 800px) 100vw, 800px\" \/><\/p>\n","protected":false},"excerpt":{"rendered":"<p>La Facultad de Filosof\u00eda, Humanidades y Arte de la Universidad Nacional de San Juan ofrece el Ciclo de Cine \u00a0\u201cOctubre<\/p>\n","protected":false},"author":3,"featured_media":60454,"comment_status":"closed","ping_status":"closed","sticky":false,"template":"","format":"standard","meta":{"_acf_changed":false,"_seopress_robots_primary_cat":"none","_seopress_titles_title":"","_seopress_titles_desc":"","_seopress_robots_index":"","colormag_page_container_layout":"default_layout","colormag_page_sidebar_layout":"default_layout","footnotes":""},"categories":[20],"tags":[],"class_list":["post-91943","post","type-post","status-publish","format-standard","has-post-thumbnail","hentry","category-cartelera"],"acf":[],"_links":{"self":[{"href":"https:\/\/vocesparalelas.com.ar\/sitio\/wp-json\/wp\/v2\/posts\/91943","targetHints":{"allow":["GET"]}}],"collection":[{"href":"https:\/\/vocesparalelas.com.ar\/sitio\/wp-json\/wp\/v2\/posts"}],"about":[{"href":"https:\/\/vocesparalelas.com.ar\/sitio\/wp-json\/wp\/v2\/types\/post"}],"author":[{"embeddable":true,"href":"https:\/\/vocesparalelas.com.ar\/sitio\/wp-json\/wp\/v2\/users\/3"}],"replies":[{"embeddable":true,"href":"https:\/\/vocesparalelas.com.ar\/sitio\/wp-json\/wp\/v2\/comments?post=91943"}],"version-history":[{"count":1,"href":"https:\/\/vocesparalelas.com.ar\/sitio\/wp-json\/wp\/v2\/posts\/91943\/revisions"}],"predecessor-version":[{"id":91946,"href":"https:\/\/vocesparalelas.com.ar\/sitio\/wp-json\/wp\/v2\/posts\/91943\/revisions\/91946"}],"wp:featuredmedia":[{"embeddable":true,"href":"https:\/\/vocesparalelas.com.ar\/sitio\/wp-json\/wp\/v2\/media\/60454"}],"wp:attachment":[{"href":"https:\/\/vocesparalelas.com.ar\/sitio\/wp-json\/wp\/v2\/media?parent=91943"}],"wp:term":[{"taxonomy":"category","embeddable":true,"href":"https:\/\/vocesparalelas.com.ar\/sitio\/wp-json\/wp\/v2\/categories?post=91943"},{"taxonomy":"post_tag","embeddable":true,"href":"https:\/\/vocesparalelas.com.ar\/sitio\/wp-json\/wp\/v2\/tags?post=91943"}],"curies":[{"name":"wp","href":"https:\/\/api.w.org\/{rel}","templated":true}]}}