{"id":91937,"date":"2025-09-29T23:07:31","date_gmt":"2025-09-30T02:07:31","guid":{"rendered":"https:\/\/vocesparalelas.com.ar\/sitio\/?p=91937"},"modified":"2025-10-02T00:45:55","modified_gmt":"2025-10-02T03:45:55","slug":"proyecto-memoria-vigente-2025-de-la-eidfs-de-la-unsj","status":"publish","type":"post","link":"https:\/\/vocesparalelas.com.ar\/sitio\/proyecto-memoria-vigente-2025-de-la-eidfs-de-la-unsj\/","title":{"rendered":"Proyecto \u00abMemoria Vigente 2025\u00bb de la EIDFS de la UNSJ"},"content":{"rendered":"<p>El Departamento de Lengua del Instituto Preuniversitario de la Universidad Nacional de San Juan Escuela Industrial Domingo Faustino Sarmiento desarrollan el Proyecto \u00abMemoria Vigente\u00bb desde hace 8 a\u00f1os.<\/p>\n<p>Un proyecto muy interesante porque los docentes inducen a los alumnos a la lectura de los libros \u00abEl Ghetto de Ocho Puertas\u00bb; \u00abLa Ni\u00f1a y su doble\u00bb y \u00abHanka 753\u00bb del Escritor Alejandro Parisi. Encuentro que se realiz\u00f3 en el Hall del Edificio de la UNSJ.<\/p>\n<p>Participaron los alumnos de 6\u00b0 a\u00f1o Construcciones, Vial, Electr\u00f3nica, Automotores, Minas, Equipos e Industrias de la EIDFS de la UNSJ con los Profesores: Daniela Fabaro; Mar\u00eda Isabel Paredes y Mar\u00eda Laura Gonz\u00e1lez.<\/p>\n<p><img loading=\"lazy\" decoding=\"async\" class=\"alignnone size-large wp-image-91941\" src=\"https:\/\/vocesparalelas.com.ar\/sitio\/wp-content\/uploads\/2025\/09\/EIDFS-UNSJ-PROYECTO-02.jpg\" alt=\"\" width=\"800\" height=\"533\" srcset=\"https:\/\/vocesparalelas.com.ar\/sitio\/wp-content\/uploads\/2025\/09\/EIDFS-UNSJ-PROYECTO-02.jpg 800w, https:\/\/vocesparalelas.com.ar\/sitio\/wp-content\/uploads\/2025\/09\/EIDFS-UNSJ-PROYECTO-02-300x200.jpg 300w, https:\/\/vocesparalelas.com.ar\/sitio\/wp-content\/uploads\/2025\/09\/EIDFS-UNSJ-PROYECTO-02-768x512.jpg 768w\" sizes=\"auto, (max-width: 800px) 100vw, 800px\" \/><\/p>\n<p>Es importante destacar que a trav\u00e9s del tiempo el Proyecto\u00a0 \u00abMemoria Vigente\u00bb se desarrolla en otra escuelas transform\u00e1ndose en inter institucional.<\/p>\n<ul>\n<li>IPU de la UNSJ Escuela Industrial Domingo Faustino Sarmiento<\/li>\n<li>IPU de la UNSJ Escuela de Comercio Libertador General San Mart\u00edn<\/li>\n<li>Colegio Fray Mamerto Esqui\u00fa<\/li>\n<li>Colegio San Francisco de As\u00eds<\/li>\n<li>Colegio del Tr\u00e1nsito de Ntra. Se\u00f1ora<\/li>\n<li>Colegio Parroquial de Santa Luc\u00eda<\/li>\n<\/ul>\n<p>El acto de reflexiones y explicaciones del Escritor Alejandro Parisi a los alumnos frente a importante pregunta hacia el autor tuvieron el honor de escuchar y fortalecer sus interpretaciones frente a la lectura de las obras del autor.<\/p>\n<p><iframe loading=\"lazy\" title=\"EIDFS UNSJ ESCRITOR ALEJANDRO PARISI\" width=\"800\" height=\"450\" src=\"https:\/\/www.youtube.com\/embed\/51qPGhdWNXk?feature=oembed\" frameborder=\"0\" allow=\"accelerometer; autoplay; clipboard-write; encrypted-media; gyroscope; picture-in-picture; web-share\" referrerpolicy=\"strict-origin-when-cross-origin\" allowfullscreen><\/iframe><\/p>\n<p>En este contexto, Voces Paralelas desarroll\u00f3 una entrevista period\u00edstica a la Prof. Daniela Fabaro, quien explic\u00f3 el sentido del Proyecto \u00abMemoria Vigente\u00bb.<\/p>\n<p><iframe loading=\"lazy\" title=\"EIDFS UNSJ PROF. DANIELA FABARO\" width=\"800\" height=\"450\" src=\"https:\/\/www.youtube.com\/embed\/BZ4-kS8WBxo?feature=oembed\" frameborder=\"0\" allow=\"accelerometer; autoplay; clipboard-write; encrypted-media; gyroscope; picture-in-picture; web-share\" referrerpolicy=\"strict-origin-when-cross-origin\" allowfullscreen><\/iframe><\/p>\n<p>Posteriormente, al Escritor Alejandro Parisi, quien lleg\u00f3 a San Juan para conversar con los alumnos de 6\u00b0 A\u00f1o para contar su experiencia en su rol y responder pregunta de los lectores que se torna una charla muy amena.<\/p>\n<p>&nbsp;<\/p>\n<p><iframe loading=\"lazy\" title=\"EIDFS UNSJ ESCRITOR ALEJANDRO PARISI \" width=\"800\" height=\"450\" src=\"https:\/\/www.youtube.com\/embed\/Y2u78yScymU?feature=oembed\" frameborder=\"0\" allow=\"accelerometer; autoplay; clipboard-write; encrypted-media; gyroscope; picture-in-picture; web-share\" referrerpolicy=\"strict-origin-when-cross-origin\" allowfullscreen><\/iframe><\/p>\n<p>&nbsp;<\/p>\n<p><img loading=\"lazy\" decoding=\"async\" class=\"alignnone size-large wp-image-14441\" src=\"https:\/\/vocesparalelas.com.ar\/sitio\/wp-content\/uploads\/2018\/08\/UNSJ-EIDFS001-800x574.jpg\" alt=\"\" width=\"800\" height=\"574\" srcset=\"https:\/\/vocesparalelas.com.ar\/sitio\/wp-content\/uploads\/2018\/08\/UNSJ-EIDFS001-800x574.jpg 800w, https:\/\/vocesparalelas.com.ar\/sitio\/wp-content\/uploads\/2018\/08\/UNSJ-EIDFS001-300x215.jpg 300w, https:\/\/vocesparalelas.com.ar\/sitio\/wp-content\/uploads\/2018\/08\/UNSJ-EIDFS001-768x551.jpg 768w, https:\/\/vocesparalelas.com.ar\/sitio\/wp-content\/uploads\/2018\/08\/UNSJ-EIDFS001.jpg 1000w\" sizes=\"auto, (max-width: 800px) 100vw, 800px\" \/><\/p>\n","protected":false},"excerpt":{"rendered":"<p>El Departamento de Lengua del Instituto Preuniversitario de la Universidad Nacional de San Juan Escuela Industrial Domingo Faustino Sarmiento desarrollan<\/p>\n","protected":false},"author":3,"featured_media":91940,"comment_status":"closed","ping_status":"closed","sticky":false,"template":"","format":"standard","meta":{"_acf_changed":false,"_seopress_robots_primary_cat":"none","_seopress_titles_title":"","_seopress_titles_desc":"","_seopress_robots_index":"","colormag_page_container_layout":"default_layout","colormag_page_sidebar_layout":"default_layout","footnotes":""},"categories":[10,7],"tags":[],"class_list":["post-91937","post","type-post","status-publish","format-standard","has-post-thumbnail","hentry","category-opiniones","category-videos"],"acf":[],"_links":{"self":[{"href":"https:\/\/vocesparalelas.com.ar\/sitio\/wp-json\/wp\/v2\/posts\/91937","targetHints":{"allow":["GET"]}}],"collection":[{"href":"https:\/\/vocesparalelas.com.ar\/sitio\/wp-json\/wp\/v2\/posts"}],"about":[{"href":"https:\/\/vocesparalelas.com.ar\/sitio\/wp-json\/wp\/v2\/types\/post"}],"author":[{"embeddable":true,"href":"https:\/\/vocesparalelas.com.ar\/sitio\/wp-json\/wp\/v2\/users\/3"}],"replies":[{"embeddable":true,"href":"https:\/\/vocesparalelas.com.ar\/sitio\/wp-json\/wp\/v2\/comments?post=91937"}],"version-history":[{"count":1,"href":"https:\/\/vocesparalelas.com.ar\/sitio\/wp-json\/wp\/v2\/posts\/91937\/revisions"}],"predecessor-version":[{"id":91942,"href":"https:\/\/vocesparalelas.com.ar\/sitio\/wp-json\/wp\/v2\/posts\/91937\/revisions\/91942"}],"wp:featuredmedia":[{"embeddable":true,"href":"https:\/\/vocesparalelas.com.ar\/sitio\/wp-json\/wp\/v2\/media\/91940"}],"wp:attachment":[{"href":"https:\/\/vocesparalelas.com.ar\/sitio\/wp-json\/wp\/v2\/media?parent=91937"}],"wp:term":[{"taxonomy":"category","embeddable":true,"href":"https:\/\/vocesparalelas.com.ar\/sitio\/wp-json\/wp\/v2\/categories?post=91937"},{"taxonomy":"post_tag","embeddable":true,"href":"https:\/\/vocesparalelas.com.ar\/sitio\/wp-json\/wp\/v2\/tags?post=91937"}],"curies":[{"name":"wp","href":"https:\/\/api.w.org\/{rel}","templated":true}]}}