{"id":91932,"date":"2025-09-29T22:58:34","date_gmt":"2025-09-30T01:58:34","guid":{"rendered":"https:\/\/vocesparalelas.com.ar\/sitio\/?p=91932"},"modified":"2025-10-01T01:52:58","modified_gmt":"2025-10-01T04:52:58","slug":"convocatoria-abierta-de-figurantes-para-la-opera-pagliacci-en-san-juan","status":"publish","type":"post","link":"https:\/\/vocesparalelas.com.ar\/sitio\/convocatoria-abierta-de-figurantes-para-la-opera-pagliacci-en-san-juan\/","title":{"rendered":"Convocatoria abierta de figurantes para la \u00d3pera Pagliacci en San Juan"},"content":{"rendered":"<p>El Ministerio de Turismo, Cultura y Deporte del Gobierno de San Juan, a trav\u00e9s del Teatro del Bicentenario abre la convocatoria para figurantes que forman parte de \u201cPagliacci\u201d, la \u00f3pera de cierre de temporada l\u00edrica 2025.<\/p>\n<p>La convocatoria est\u00e1 dirigida a\u00a0acr\u00f3batas, bailarines o interpretes con habilidades circenses como acrobacia a\u00e9rea o de piso, malabares, zancos y otras destrezas f\u00edsicas, danc\u00edsticas o esc\u00e9nicas. Las postulaciones pueden ser de manera individual, en d\u00fao, tr\u00edo o grupos de hasta seis personas, pero la selecci\u00f3n puede ser individual, ya que se cubrir\u00e1n diferentes roles de figuraci\u00f3n dentro de la \u00f3pera Pagliacci.<\/p>\n<p>Para postularse enviar un video de hasta 2 minutos con c\u00e1mara fija, donde se vea el cuerpo completo y se registre claramente la ejecuci\u00f3n de la habilidad. El v\u00eddeo debe mostrar una o m\u00e1s destrezas f\u00edsicas\/circenses.<\/p>\n<p>Los requisitos de postulaci\u00f3n son: ser mayor de 18 a\u00f1os, tener disponibilidad para ensayos del 3 al 30 de noviembre, en diferentes horarios seg\u00fan el plan de trabajo. Inscripci\u00f3n abierta hasta el 3 de octubre, a las 12:00 en el\u00a0link<\/p>\n<p><a href=\"https:\/\/docs.google.com\/forms\/d\/e\/1FAIpQLScAr3pvH-uYeRBFG0ATi05xLNjP2wt3GIn6Vidjija4PBioeQ\/viewform\">https:\/\/docs.google.com\/forms\/d\/e\/1FAIpQLScAr3pvH-uYeRBFG0ATi05xLNjP2wt3GIn6Vidjija4PBioeQ\/viewform<\/a><\/p>\n<p>Luego del cierre de inscripci\u00f3n se hace una preselecci\u00f3n, los postulantes preseleccionados pasan a una etapa de selecci\u00f3n con el maestro Zanetti, y equipo creativo entre el 17 y 18 de Octubre de 2025.<\/p>\n<p>Esta oportunidad forma parte del compromiso del Teatro del Bicentenario por abrir sus producciones a artistas locales, integrando la comunidad esc\u00e9nica a espect\u00e1culos de excelencia y proyecci\u00f3n internacional.<\/p>\n<p><img loading=\"lazy\" decoding=\"async\" class=\"alignnone size-large wp-image-21666\" src=\"https:\/\/vocesparalelas.com.ar\/sitio\/wp-content\/uploads\/2019\/06\/TEATRO-BICENTENARIO-10-800x600.jpg\" alt=\"\" width=\"800\" height=\"600\" srcset=\"https:\/\/vocesparalelas.com.ar\/sitio\/wp-content\/uploads\/2019\/06\/TEATRO-BICENTENARIO-10-800x600.jpg 800w, https:\/\/vocesparalelas.com.ar\/sitio\/wp-content\/uploads\/2019\/06\/TEATRO-BICENTENARIO-10-300x225.jpg 300w, https:\/\/vocesparalelas.com.ar\/sitio\/wp-content\/uploads\/2019\/06\/TEATRO-BICENTENARIO-10-768x576.jpg 768w, https:\/\/vocesparalelas.com.ar\/sitio\/wp-content\/uploads\/2019\/06\/TEATRO-BICENTENARIO-10.jpg 1000w\" sizes=\"auto, (max-width: 800px) 100vw, 800px\" \/><\/p>\n","protected":false},"excerpt":{"rendered":"<p>El Ministerio de Turismo, Cultura y Deporte del Gobierno de San Juan, a trav\u00e9s del Teatro del Bicentenario abre la<\/p>\n","protected":false},"author":3,"featured_media":91935,"comment_status":"closed","ping_status":"closed","sticky":false,"template":"","format":"standard","meta":{"_acf_changed":false,"_seopress_robots_primary_cat":"none","_seopress_titles_title":"","_seopress_titles_desc":"","_seopress_robots_index":"","colormag_page_container_layout":"default_layout","colormag_page_sidebar_layout":"default_layout","footnotes":""},"categories":[8],"tags":[],"class_list":["post-91932","post","type-post","status-publish","format-standard","has-post-thumbnail","hentry","category-concursos"],"acf":[],"_links":{"self":[{"href":"https:\/\/vocesparalelas.com.ar\/sitio\/wp-json\/wp\/v2\/posts\/91932","targetHints":{"allow":["GET"]}}],"collection":[{"href":"https:\/\/vocesparalelas.com.ar\/sitio\/wp-json\/wp\/v2\/posts"}],"about":[{"href":"https:\/\/vocesparalelas.com.ar\/sitio\/wp-json\/wp\/v2\/types\/post"}],"author":[{"embeddable":true,"href":"https:\/\/vocesparalelas.com.ar\/sitio\/wp-json\/wp\/v2\/users\/3"}],"replies":[{"embeddable":true,"href":"https:\/\/vocesparalelas.com.ar\/sitio\/wp-json\/wp\/v2\/comments?post=91932"}],"version-history":[{"count":1,"href":"https:\/\/vocesparalelas.com.ar\/sitio\/wp-json\/wp\/v2\/posts\/91932\/revisions"}],"predecessor-version":[{"id":91936,"href":"https:\/\/vocesparalelas.com.ar\/sitio\/wp-json\/wp\/v2\/posts\/91932\/revisions\/91936"}],"wp:featuredmedia":[{"embeddable":true,"href":"https:\/\/vocesparalelas.com.ar\/sitio\/wp-json\/wp\/v2\/media\/91935"}],"wp:attachment":[{"href":"https:\/\/vocesparalelas.com.ar\/sitio\/wp-json\/wp\/v2\/media?parent=91932"}],"wp:term":[{"taxonomy":"category","embeddable":true,"href":"https:\/\/vocesparalelas.com.ar\/sitio\/wp-json\/wp\/v2\/categories?post=91932"},{"taxonomy":"post_tag","embeddable":true,"href":"https:\/\/vocesparalelas.com.ar\/sitio\/wp-json\/wp\/v2\/tags?post=91932"}],"curies":[{"name":"wp","href":"https:\/\/api.w.org\/{rel}","templated":true}]}}