{"id":91928,"date":"2025-09-29T22:47:13","date_gmt":"2025-09-30T01:47:13","guid":{"rendered":"https:\/\/vocesparalelas.com.ar\/sitio\/?p=91928"},"modified":"2025-09-29T22:47:13","modified_gmt":"2025-09-30T01:47:13","slug":"epre-inicia-procedimiento-sumarial-contra-naturgy-san-juan-s-a","status":"publish","type":"post","link":"https:\/\/vocesparalelas.com.ar\/sitio\/epre-inicia-procedimiento-sumarial-contra-naturgy-san-juan-s-a\/","title":{"rendered":"EPRE inicia procedimiento sumarial contra Naturgy San Juan S.A."},"content":{"rendered":"<p>La tormenta de viento del d\u00eda viernes 26\/09\/25 ocasion\u00f3 da\u00f1os en la infraestructura del servicio el\u00e9ctrico de Distribuci\u00f3n de Electricidad, afectando la continuidad y calidad del abastecimiento.<\/p>\n<p>Desde el momento del inicio del temporal, el E.P.R.E. ha seguido en informes horarios la evoluci\u00f3n de las acciones de subsanaci\u00f3n de las situaciones de seguridad p\u00fablica, as\u00ed como las tareas responsabilidad de las Distribuidoras para la restituci\u00f3n del normal servicio de electricidad.<\/p>\n<p><img loading=\"lazy\" decoding=\"async\" class=\"alignnone size-large wp-image-4280\" src=\"https:\/\/vocesparalelas.com.ar\/sitio\/wp-content\/uploads\/2017\/08\/VIENTO-ZONDA-01-800x532.jpg\" alt=\"\" width=\"800\" height=\"532\" srcset=\"https:\/\/vocesparalelas.com.ar\/sitio\/wp-content\/uploads\/2017\/08\/VIENTO-ZONDA-01-800x532.jpg 800w, https:\/\/vocesparalelas.com.ar\/sitio\/wp-content\/uploads\/2017\/08\/VIENTO-ZONDA-01-300x200.jpg 300w, https:\/\/vocesparalelas.com.ar\/sitio\/wp-content\/uploads\/2017\/08\/VIENTO-ZONDA-01-768x511.jpg 768w, https:\/\/vocesparalelas.com.ar\/sitio\/wp-content\/uploads\/2017\/08\/VIENTO-ZONDA-01.jpg 1024w\" sizes=\"auto, (max-width: 800px) 100vw, 800px\" \/><\/p>\n<p>Los registros del d\u00eda del d\u00eda 09\/09\/25 a las 13:30 hs., dan cuenta de la existencia de 237 suministros que permanecen afectados (0,092 % del total).<\/p>\n<p>Se ha iniciado procedimiento de sumario administrativo contra Naturgy San Juan S.A., orientado a precisar la eventual existencia de incumplimientos a las previsiones legales, contractuales y reglamentarias vigentes.<\/p>\n<p>Luego de recabar la informaci\u00f3n respectiva, formulados los cargos en el sumario en instrucci\u00f3n, que garantizan el derecho de defensa de la Distribuidora, se aplicar\u00e1n las sanciones que establece el Contrato de Concesi\u00f3n para los incumplimientos que se acrediten.<\/p>\n<p>&nbsp;<\/p>\n<p style=\"text-align: right;\">Directorio E.P.R.E.<\/p>\n<p>&nbsp;<\/p>\n<p><img loading=\"lazy\" decoding=\"async\" class=\"alignnone size-large wp-image-13177\" src=\"https:\/\/vocesparalelas.com.ar\/sitio\/wp-content\/uploads\/2018\/07\/EPRE-LOGO-NUEVO-800x493.jpg\" alt=\"\" width=\"800\" height=\"493\" srcset=\"https:\/\/vocesparalelas.com.ar\/sitio\/wp-content\/uploads\/2018\/07\/EPRE-LOGO-NUEVO-800x493.jpg 800w, https:\/\/vocesparalelas.com.ar\/sitio\/wp-content\/uploads\/2018\/07\/EPRE-LOGO-NUEVO-300x185.jpg 300w, https:\/\/vocesparalelas.com.ar\/sitio\/wp-content\/uploads\/2018\/07\/EPRE-LOGO-NUEVO-768x473.jpg 768w, https:\/\/vocesparalelas.com.ar\/sitio\/wp-content\/uploads\/2018\/07\/EPRE-LOGO-NUEVO.jpg 1000w\" sizes=\"auto, (max-width: 800px) 100vw, 800px\" \/><\/p>\n","protected":false},"excerpt":{"rendered":"<p>La tormenta de viento del d\u00eda viernes 26\/09\/25 ocasion\u00f3 da\u00f1os en la infraestructura del servicio el\u00e9ctrico de Distribuci\u00f3n de Electricidad,<\/p>\n","protected":false},"author":3,"featured_media":85438,"comment_status":"closed","ping_status":"closed","sticky":false,"template":"","format":"standard","meta":{"_acf_changed":false,"_seopress_robots_primary_cat":"none","_seopress_titles_title":"","_seopress_titles_desc":"","_seopress_robots_index":"","colormag_page_container_layout":"default_layout","colormag_page_sidebar_layout":"default_layout","footnotes":""},"categories":[1],"tags":[],"class_list":["post-91928","post","type-post","status-publish","format-standard","has-post-thumbnail","hentry","category-destacadas"],"acf":[],"_links":{"self":[{"href":"https:\/\/vocesparalelas.com.ar\/sitio\/wp-json\/wp\/v2\/posts\/91928","targetHints":{"allow":["GET"]}}],"collection":[{"href":"https:\/\/vocesparalelas.com.ar\/sitio\/wp-json\/wp\/v2\/posts"}],"about":[{"href":"https:\/\/vocesparalelas.com.ar\/sitio\/wp-json\/wp\/v2\/types\/post"}],"author":[{"embeddable":true,"href":"https:\/\/vocesparalelas.com.ar\/sitio\/wp-json\/wp\/v2\/users\/3"}],"replies":[{"embeddable":true,"href":"https:\/\/vocesparalelas.com.ar\/sitio\/wp-json\/wp\/v2\/comments?post=91928"}],"version-history":[{"count":1,"href":"https:\/\/vocesparalelas.com.ar\/sitio\/wp-json\/wp\/v2\/posts\/91928\/revisions"}],"predecessor-version":[{"id":91931,"href":"https:\/\/vocesparalelas.com.ar\/sitio\/wp-json\/wp\/v2\/posts\/91928\/revisions\/91931"}],"wp:featuredmedia":[{"embeddable":true,"href":"https:\/\/vocesparalelas.com.ar\/sitio\/wp-json\/wp\/v2\/media\/85438"}],"wp:attachment":[{"href":"https:\/\/vocesparalelas.com.ar\/sitio\/wp-json\/wp\/v2\/media?parent=91928"}],"wp:term":[{"taxonomy":"category","embeddable":true,"href":"https:\/\/vocesparalelas.com.ar\/sitio\/wp-json\/wp\/v2\/categories?post=91928"},{"taxonomy":"post_tag","embeddable":true,"href":"https:\/\/vocesparalelas.com.ar\/sitio\/wp-json\/wp\/v2\/tags?post=91928"}],"curies":[{"name":"wp","href":"https:\/\/api.w.org\/{rel}","templated":true}]}}