{"id":91902,"date":"2025-09-28T21:44:40","date_gmt":"2025-09-29T00:44:40","guid":{"rendered":"https:\/\/vocesparalelas.com.ar\/sitio\/?p=91902"},"modified":"2025-09-28T21:44:40","modified_gmt":"2025-09-29T00:44:40","slug":"caminaton-saludable-del-hospital-general-dra-julieta-lanteri-de-san-juan","status":"publish","type":"post","link":"https:\/\/vocesparalelas.com.ar\/sitio\/caminaton-saludable-del-hospital-general-dra-julieta-lanteri-de-san-juan\/","title":{"rendered":"\u00abCaminat\u00f3n Saludable\u00bb del Hospital General Dra. Julieta Lanteri de San Juan"},"content":{"rendered":"<p>En el marco del Mes de la prevenci\u00f3n de suicidio, las autoridades, equipo de salud y comunidad del Hospital General Dra. Julieta Lanteri realizaron una caminata en las inmediaciones de este centro sanitario.<\/p>\n<p>La actividad reuni\u00f3 a personas de diferentes edades que disfrutaron de una jornada al aire libre que incluy\u00f3 la caminata por 3 km alrededor del Hospital, stand de las diferentes \u00e1reas de Ministerio de Salud del Gobierno de San Juan que brindaron informaci\u00f3n, vacunaci\u00f3n y testeos.<\/p>\n<p>El director del Hospital General Dra. Julieta Lanteri, Dr. Carlos Stolzing subray\u00f3 que \u00abel objetivo del Caminat\u00f3n Saludable es promover la salud \u201cno solo cuestiones f\u00edsicas, sino tambi\u00e9n de salud mental, prevenci\u00f3n del suicidio y ayudar a todo aquel que lo necesite. Es muy importante estimular el cuidado de la salud con estas actividades como caminat\u00f3n, marat\u00f3n, con actividad f\u00edsica, con comida saludable y sociabilizar\u201d.<\/p>\n<p>Los asistentes a la caminata recorrieron las inmediaciones del hospital, unos 3 km, en un tiempo estimado de una hora y media .<\/p>\n<p>Los stands que estuvieron presentes<\/p>\n<ul>\n<li>Direcci\u00f3n de Emergencias;<\/li>\n<li>Direcci\u00f3n de Programas;<\/li>\n<li>Testeos de VIH; S\u00edfilis y Hepatitis;<\/li>\n<li>Salud Mental;<\/li>\n<li>Calidad;<\/li>\n<li>Nutrici\u00f3n.<\/li>\n<\/ul>\n<p>La jornada cont\u00f3 con la participaron de las familias, equipos de salud y pacientes del nosocomio, quienes disfrutaron de diferentes propuestas recreativas, juegos y una clase de zumba, concluyendo la actividad al ritmo de la Banda de M\u00fasica de la Polic\u00eda de San Juan.<\/p>\n<p>El objetivo del evento fue disfrutar de la naturaleza promocionando la salud de una manera m\u00e1s atractiva y con la participaci\u00f3n de toda la familia.<\/p>\n<p>&nbsp;<\/p>\n<p><img loading=\"lazy\" decoding=\"async\" class=\"alignnone size-full wp-image-47667\" src=\"https:\/\/vocesparalelas.com.ar\/sitio\/wp-content\/uploads\/2022\/04\/HOSPITAL-JULIETA-LANTERI02.jpg\" alt=\"\" width=\"800\" height=\"534\" srcset=\"https:\/\/vocesparalelas.com.ar\/sitio\/wp-content\/uploads\/2022\/04\/HOSPITAL-JULIETA-LANTERI02.jpg 800w, https:\/\/vocesparalelas.com.ar\/sitio\/wp-content\/uploads\/2022\/04\/HOSPITAL-JULIETA-LANTERI02-300x200.jpg 300w, https:\/\/vocesparalelas.com.ar\/sitio\/wp-content\/uploads\/2022\/04\/HOSPITAL-JULIETA-LANTERI02-768x513.jpg 768w\" sizes=\"auto, (max-width: 800px) 100vw, 800px\" \/><\/p>\n","protected":false},"excerpt":{"rendered":"<p>En el marco del Mes de la prevenci\u00f3n de suicidio, las autoridades, equipo de salud y comunidad del Hospital General<\/p>\n","protected":false},"author":3,"featured_media":91905,"comment_status":"closed","ping_status":"closed","sticky":false,"template":"","format":"standard","meta":{"_acf_changed":false,"_seopress_robots_primary_cat":"none","_seopress_titles_title":"","_seopress_titles_desc":"","_seopress_robots_index":"","colormag_page_container_layout":"default_layout","colormag_page_sidebar_layout":"default_layout","footnotes":""},"categories":[1],"tags":[],"class_list":["post-91902","post","type-post","status-publish","format-standard","has-post-thumbnail","hentry","category-destacadas"],"acf":[],"_links":{"self":[{"href":"https:\/\/vocesparalelas.com.ar\/sitio\/wp-json\/wp\/v2\/posts\/91902","targetHints":{"allow":["GET"]}}],"collection":[{"href":"https:\/\/vocesparalelas.com.ar\/sitio\/wp-json\/wp\/v2\/posts"}],"about":[{"href":"https:\/\/vocesparalelas.com.ar\/sitio\/wp-json\/wp\/v2\/types\/post"}],"author":[{"embeddable":true,"href":"https:\/\/vocesparalelas.com.ar\/sitio\/wp-json\/wp\/v2\/users\/3"}],"replies":[{"embeddable":true,"href":"https:\/\/vocesparalelas.com.ar\/sitio\/wp-json\/wp\/v2\/comments?post=91902"}],"version-history":[{"count":1,"href":"https:\/\/vocesparalelas.com.ar\/sitio\/wp-json\/wp\/v2\/posts\/91902\/revisions"}],"predecessor-version":[{"id":91906,"href":"https:\/\/vocesparalelas.com.ar\/sitio\/wp-json\/wp\/v2\/posts\/91902\/revisions\/91906"}],"wp:featuredmedia":[{"embeddable":true,"href":"https:\/\/vocesparalelas.com.ar\/sitio\/wp-json\/wp\/v2\/media\/91905"}],"wp:attachment":[{"href":"https:\/\/vocesparalelas.com.ar\/sitio\/wp-json\/wp\/v2\/media?parent=91902"}],"wp:term":[{"taxonomy":"category","embeddable":true,"href":"https:\/\/vocesparalelas.com.ar\/sitio\/wp-json\/wp\/v2\/categories?post=91902"},{"taxonomy":"post_tag","embeddable":true,"href":"https:\/\/vocesparalelas.com.ar\/sitio\/wp-json\/wp\/v2\/tags?post=91902"}],"curies":[{"name":"wp","href":"https:\/\/api.w.org\/{rel}","templated":true}]}}