{"id":91890,"date":"2025-09-28T09:33:11","date_gmt":"2025-09-28T12:33:11","guid":{"rendered":"https:\/\/vocesparalelas.com.ar\/sitio\/?p=91890"},"modified":"2025-09-30T01:09:56","modified_gmt":"2025-09-30T04:09:56","slug":"sumate-al-dia-de-la-madre-te-del-reencuentro-de-uda-san-juan","status":"publish","type":"post","link":"https:\/\/vocesparalelas.com.ar\/sitio\/sumate-al-dia-de-la-madre-te-del-reencuentro-de-uda-san-juan\/","title":{"rendered":"Sumate al D\u00eda de la Madre \u00abT\u00e9 del Reencuentro\u00bb de UDA San Juan\u00a0"},"content":{"rendered":"<p>UDA Seccional San Juan invita a la comunidad a participar del \u00abT\u00e9 del Reencuentro en el D\u00eda de la Madre\u00bb, un evento especial para homenajear a las madres, el Domingo, 5 de Octubre, a las 17:00 horas, en el Complejo La Superiora, Departamento Rawson.<\/p>\n<p>Una tarde llena de alegr\u00eda, dise\u00f1ada para disfrutar con el Super Bingo, grandes premios, un imperdible show art\u00edstico y, para cerrar la jornada a pura diversi\u00f3n, un final bailable. Este encuentro busca brindar un momento de esparcimiento y uni\u00f3n para la familia.<\/p>\n<p><iframe loading=\"lazy\" title=\"UDA SAN JUAN T\u00c9 DEL ENCUENTRO\" width=\"800\" height=\"450\" src=\"https:\/\/www.youtube.com\/embed\/0lHiOiJqTQ0?feature=oembed\" frameborder=\"0\" allow=\"accelerometer; autoplay; clipboard-write; encrypted-media; gyroscope; picture-in-picture; web-share\" referrerpolicy=\"strict-origin-when-cross-origin\" allowfullscreen><\/iframe><\/p>\n<p><strong><span style=\"color: #ff6600;\">Entradas<\/span><\/strong><\/p>\n<ul>\n<li>Afiliados a UDA: $25.000 &#8211; contado, transferencia o descuento por planilla<\/li>\n<li>No afiliados: $28.000 &#8211; contado o transferencia<\/li>\n<\/ul>\n<p>Puedes adquirir tus entradas en la sede de UDA, Sarmiento 122 &#8211; N &#8211; Capital, o a trav\u00e9s del chatbot al n\u00famero 2644152728.<\/p>\n<p><strong><span style=\"color: #ff6600;\">Invita y organiza<\/span><\/strong><\/p>\n<p>UDA Seccional San Juan.<\/p>\n<p><span style=\"color: #ff6600;\"><strong>Link de Pago<\/strong><\/span><\/p>\n<ul>\n<li>Pago Afiliados<\/li>\n<\/ul>\n<p><a href=\"https:\/\/forms.gle\/qTbnXmuxKyeB8eLu5\">https:\/\/forms.gle\/qTbnXmuxKyeB8eLu5<\/a><\/p>\n<ul>\n<li>Pago No Afiliados<\/li>\n<\/ul>\n<p><a href=\"https:\/\/forms.gle\/jnK6AooyVD4eS2Gf9\">https:\/\/forms.gle\/jnK6AooyVD4eS2Gf9<\/a><\/p>\n<p><img loading=\"lazy\" decoding=\"async\" class=\"alignnone size-full wp-image-74657\" src=\"https:\/\/vocesparalelas.com.ar\/sitio\/wp-content\/uploads\/2024\/07\/UDA-SAN-JUAN-01.jpg\" alt=\"\" width=\"800\" height=\"443\" srcset=\"https:\/\/vocesparalelas.com.ar\/sitio\/wp-content\/uploads\/2024\/07\/UDA-SAN-JUAN-01.jpg 800w, https:\/\/vocesparalelas.com.ar\/sitio\/wp-content\/uploads\/2024\/07\/UDA-SAN-JUAN-01-300x166.jpg 300w, https:\/\/vocesparalelas.com.ar\/sitio\/wp-content\/uploads\/2024\/07\/UDA-SAN-JUAN-01-768x425.jpg 768w\" sizes=\"auto, (max-width: 800px) 100vw, 800px\" \/><\/p>\n","protected":false},"excerpt":{"rendered":"<p>UDA Seccional San Juan invita a la comunidad a participar del \u00abT\u00e9 del Reencuentro en el D\u00eda de la Madre\u00bb,<\/p>\n","protected":false},"author":3,"featured_media":91893,"comment_status":"closed","ping_status":"closed","sticky":false,"template":"","format":"standard","meta":{"_acf_changed":false,"_seopress_robots_primary_cat":"none","_seopress_titles_title":"","_seopress_titles_desc":"","_seopress_robots_index":"","colormag_page_container_layout":"default_layout","colormag_page_sidebar_layout":"default_layout","footnotes":""},"categories":[5,7],"tags":[],"class_list":["post-91890","post","type-post","status-publish","format-standard","has-post-thumbnail","hentry","category-ofrecimientos","category-videos"],"acf":[],"_links":{"self":[{"href":"https:\/\/vocesparalelas.com.ar\/sitio\/wp-json\/wp\/v2\/posts\/91890","targetHints":{"allow":["GET"]}}],"collection":[{"href":"https:\/\/vocesparalelas.com.ar\/sitio\/wp-json\/wp\/v2\/posts"}],"about":[{"href":"https:\/\/vocesparalelas.com.ar\/sitio\/wp-json\/wp\/v2\/types\/post"}],"author":[{"embeddable":true,"href":"https:\/\/vocesparalelas.com.ar\/sitio\/wp-json\/wp\/v2\/users\/3"}],"replies":[{"embeddable":true,"href":"https:\/\/vocesparalelas.com.ar\/sitio\/wp-json\/wp\/v2\/comments?post=91890"}],"version-history":[{"count":3,"href":"https:\/\/vocesparalelas.com.ar\/sitio\/wp-json\/wp\/v2\/posts\/91890\/revisions"}],"predecessor-version":[{"id":91896,"href":"https:\/\/vocesparalelas.com.ar\/sitio\/wp-json\/wp\/v2\/posts\/91890\/revisions\/91896"}],"wp:featuredmedia":[{"embeddable":true,"href":"https:\/\/vocesparalelas.com.ar\/sitio\/wp-json\/wp\/v2\/media\/91893"}],"wp:attachment":[{"href":"https:\/\/vocesparalelas.com.ar\/sitio\/wp-json\/wp\/v2\/media?parent=91890"}],"wp:term":[{"taxonomy":"category","embeddable":true,"href":"https:\/\/vocesparalelas.com.ar\/sitio\/wp-json\/wp\/v2\/categories?post=91890"},{"taxonomy":"post_tag","embeddable":true,"href":"https:\/\/vocesparalelas.com.ar\/sitio\/wp-json\/wp\/v2\/tags?post=91890"}],"curies":[{"name":"wp","href":"https:\/\/api.w.org\/{rel}","templated":true}]}}