{"id":91878,"date":"2025-09-28T10:05:20","date_gmt":"2025-09-28T13:05:20","guid":{"rendered":"https:\/\/vocesparalelas.com.ar\/sitio\/?p=91878"},"modified":"2025-09-28T11:08:28","modified_gmt":"2025-09-28T14:08:28","slug":"san-juan-cielo-tierra-y-energia-en-la-feria-internacional-de-turismo-2025-en-la-rural-en-buenos-aires","status":"publish","type":"post","link":"https:\/\/vocesparalelas.com.ar\/sitio\/san-juan-cielo-tierra-y-energia-en-la-feria-internacional-de-turismo-2025-en-la-rural-en-buenos-aires\/","title":{"rendered":"\u201cSan Juan: cielo, tierra y energ\u00eda\u201d en la Feria Internacional de Turismo 2025 en La Rural en Buenos Aires"},"content":{"rendered":"<p>El gobernador de San Juan, Dr. Marcelo Orrego visit\u00f3 el S\u00e1bado, 27 de Septiembre, el stand \u201cSan Juan: cielo, tierra y energ\u00eda\u201d en la Feria Internacional de Turismo 2025 &#8211; FIT -, donde la provincia cautiva a miles de visitantes con una propuesta tecnol\u00f3gica y cultural \u00fanica: la c\u00e1psula inmersiva.<\/p>\n<p>Se trata del coraz\u00f3n del stand de San Juan, en La Rural, Buenos Aires, que este a\u00f1o se presenta por primera vez bajo el t\u00edtulo de Capital Nacional del Turismo Astron\u00f3mico. Con financiamiento del Consejo Federal de Inversiones, la provincia ofrece una experiencia sensorial que combina im\u00e1genes audiovisuales, efectos de viento y sonido envolvente para recrear un viaje por los cielos m\u00e1s limpios del mundo.<\/p>\n<p>Durante cinco minutos, el p\u00fablico recorre Ischigualasto, la Pampa del Leoncito, observatorios astron\u00f3micos, diques y la Ruta del Vino, entre otros paisajes ic\u00f3nicos. De esta manera, San Juan acerca su oferta de naturaleza, cultura y tradici\u00f3n con un formato innovador que invita a descubrir la magia del astroturismo y su diversidad tur\u00edstica.<\/p>\n<p>En este contexto, el Gobernador de San Juan, Dr. Marcelo puntualiz\u00f3 que \u00abestamos muy conformes con esta experiencia, donde desarrollamos distintos matices para mostrar nuestras provincias. En San Juan presentamos una c\u00e1psula inmersiva que permite recorrer paisajes, recursos naturales y prestaciones que tenemos para el mundo\u00bb.<\/p>\n<p>\u00abAdem\u00e1s de ser l\u00edderes en aceite de oliva, pistachos y tomate industrializado, y segundos en producci\u00f3n de vinos, contamos con m\u00e1s de 300 d\u00edas de sol y diques para disfrutar en verano. Queremos invitar a todos a visitar nuestra provincia y a participar de la Fiesta Nacional del Sol 2025, que se realiza el 20, 21 y 22 de Noviembre en el Estadio del Bicentenario y el vel\u00f3dromo# convoc\u00f3 el gobernador, Dr. Marcelo Orrego.<\/p>\n<p><img loading=\"lazy\" decoding=\"async\" class=\"alignnone size-full wp-image-91888\" src=\"https:\/\/vocesparalelas.com.ar\/sitio\/wp-content\/uploads\/2025\/09\/SAN-JUAN-STAND-FIT-2025-01.jpg\" alt=\"\" width=\"800\" height=\"472\" srcset=\"https:\/\/vocesparalelas.com.ar\/sitio\/wp-content\/uploads\/2025\/09\/SAN-JUAN-STAND-FIT-2025-01.jpg 800w, https:\/\/vocesparalelas.com.ar\/sitio\/wp-content\/uploads\/2025\/09\/SAN-JUAN-STAND-FIT-2025-01-300x177.jpg 300w, https:\/\/vocesparalelas.com.ar\/sitio\/wp-content\/uploads\/2025\/09\/SAN-JUAN-STAND-FIT-2025-01-768x453.jpg 768w\" sizes=\"auto, (max-width: 800px) 100vw, 800px\" \/><\/p>\n<p>Adem\u00e1s, del recorrido por el stand, dialog\u00f3 con prestadores tur\u00edsticos, productores locales y referentes culturales que permite conocer m\u00e1s la realidad pujante de San Juan.<\/p>\n<p>Tambi\u00e9n, se ofrece espect\u00e1culos art\u00edsticos, shows en vivo y la posibilidad de conocer la propuesta de municipios, agencias y observatorios que trabajan para consolidar la provincia como un destino tur\u00edstico de nivel internacional.<\/p>\n<p><span style=\"color: #ff6600;\"><strong>D\u00edas y horarios para visitar la FIT<\/strong><\/span><\/p>\n<p>El stand de San Juan es el N\u00ba 1340 y est\u00e1 ubicado en el Pabell\u00f3n Azul, esquina de Avenida J y Calle 11.<\/p>\n<ul>\n<li>S\u00e1bado 27 y Domingo, 28 de Septiembre: abierto de 14 a 21 h para p\u00fablico general y profesionales.<\/li>\n<li>Lunes 29 y martes 30 de septiembre: exclusivo para profesionales del sector tur\u00edstico, de 10 a 19 h.<\/li>\n<\/ul>\n<p>Con el lema \u201cSan Juan: cielo, tierra y energ\u00eda\u201d, la provincia reafirma su identidad y apuesta a posicionarse como uno de los destinos m\u00e1s atractivos de Argentina y Latinoam\u00e9rica.<\/p>\n<p><img loading=\"lazy\" decoding=\"async\" class=\"alignnone size-full wp-image-91882\" src=\"https:\/\/vocesparalelas.com.ar\/sitio\/wp-content\/uploads\/2025\/09\/FERIA-INTERNACIONAL-TURISMO.jpg\" alt=\"\" width=\"800\" height=\"533\" srcset=\"https:\/\/vocesparalelas.com.ar\/sitio\/wp-content\/uploads\/2025\/09\/FERIA-INTERNACIONAL-TURISMO.jpg 800w, https:\/\/vocesparalelas.com.ar\/sitio\/wp-content\/uploads\/2025\/09\/FERIA-INTERNACIONAL-TURISMO-300x200.jpg 300w, https:\/\/vocesparalelas.com.ar\/sitio\/wp-content\/uploads\/2025\/09\/FERIA-INTERNACIONAL-TURISMO-768x512.jpg 768w\" sizes=\"auto, (max-width: 800px) 100vw, 800px\" \/><\/p>\n","protected":false},"excerpt":{"rendered":"<p>El gobernador de San Juan, Dr. Marcelo Orrego visit\u00f3 el S\u00e1bado, 27 de Septiembre, el stand \u201cSan Juan: cielo, tierra<\/p>\n","protected":false},"author":3,"featured_media":91881,"comment_status":"closed","ping_status":"closed","sticky":false,"template":"","format":"standard","meta":{"_acf_changed":false,"_seopress_robots_primary_cat":"none","_seopress_titles_title":"","_seopress_titles_desc":"","_seopress_robots_index":"","colormag_page_container_layout":"default_layout","colormag_page_sidebar_layout":"default_layout","footnotes":""},"categories":[1],"tags":[],"class_list":["post-91878","post","type-post","status-publish","format-standard","has-post-thumbnail","hentry","category-destacadas"],"acf":[],"_links":{"self":[{"href":"https:\/\/vocesparalelas.com.ar\/sitio\/wp-json\/wp\/v2\/posts\/91878","targetHints":{"allow":["GET"]}}],"collection":[{"href":"https:\/\/vocesparalelas.com.ar\/sitio\/wp-json\/wp\/v2\/posts"}],"about":[{"href":"https:\/\/vocesparalelas.com.ar\/sitio\/wp-json\/wp\/v2\/types\/post"}],"author":[{"embeddable":true,"href":"https:\/\/vocesparalelas.com.ar\/sitio\/wp-json\/wp\/v2\/users\/3"}],"replies":[{"embeddable":true,"href":"https:\/\/vocesparalelas.com.ar\/sitio\/wp-json\/wp\/v2\/comments?post=91878"}],"version-history":[{"count":3,"href":"https:\/\/vocesparalelas.com.ar\/sitio\/wp-json\/wp\/v2\/posts\/91878\/revisions"}],"predecessor-version":[{"id":91889,"href":"https:\/\/vocesparalelas.com.ar\/sitio\/wp-json\/wp\/v2\/posts\/91878\/revisions\/91889"}],"wp:featuredmedia":[{"embeddable":true,"href":"https:\/\/vocesparalelas.com.ar\/sitio\/wp-json\/wp\/v2\/media\/91881"}],"wp:attachment":[{"href":"https:\/\/vocesparalelas.com.ar\/sitio\/wp-json\/wp\/v2\/media?parent=91878"}],"wp:term":[{"taxonomy":"category","embeddable":true,"href":"https:\/\/vocesparalelas.com.ar\/sitio\/wp-json\/wp\/v2\/categories?post=91878"},{"taxonomy":"post_tag","embeddable":true,"href":"https:\/\/vocesparalelas.com.ar\/sitio\/wp-json\/wp\/v2\/tags?post=91878"}],"curies":[{"name":"wp","href":"https:\/\/api.w.org\/{rel}","templated":true}]}}