{"id":91868,"date":"2025-09-27T21:18:39","date_gmt":"2025-09-28T00:18:39","guid":{"rendered":"https:\/\/vocesparalelas.com.ar\/sitio\/?p=91868"},"modified":"2025-09-27T21:18:39","modified_gmt":"2025-09-28T00:18:39","slug":"el-programa-maestro-de-america-cultivando-el-futuro-llego-a-los-docentes-de-los-departamentos-jachal-e-iglesia-de-san-juan","status":"publish","type":"post","link":"https:\/\/vocesparalelas.com.ar\/sitio\/el-programa-maestro-de-america-cultivando-el-futuro-llego-a-los-docentes-de-los-departamentos-jachal-e-iglesia-de-san-juan\/","title":{"rendered":"El Programa \u201cMaestro de Am\u00e9rica, cultivando el futuro\u201d lleg\u00f3 a los docentes de los Departamentos J\u00e1chal e Iglesia de San Juan"},"content":{"rendered":"<p>El acto de entrega de Notebook del Programa \u201cMaestro de Am\u00e9rica, cultivando el futuro\u201d se desarroll\u00f3 en la Escuela Normal Fray Justo Santa Mar\u00eda de Oro, Departamento de J\u00e1chal.<\/p>\n<p><span style=\"color: #ff6600;\"><strong>Recibieron la Notebook<\/strong><\/span><\/p>\n<ul>\n<li>176 Docentes Primarios, Departamento J\u00e1chal<\/li>\n<li>68 docentes Primarios, Departamento Iglesia.<\/li>\n<\/ul>\n<p>Fueron 244 Notebook a los docentes de 1\u00b0 a 6\u00b0 grado, frente al aula en escuelas de gesti\u00f3n Estatal y Privada de ambos departamentos.<\/p>\n<p>En este contexto, el vicegobernador a cargo del poder ejecutivo, Dr. Fabi\u00e1n Mart\u00edn y la secretaria de Educaci\u00f3n, Lic. Mariela Lueje fueron los responsables de la tan deseada y esperada por los docentes.<\/p>\n<p>De esta manera se beneficiaron los docentes de los Departamentos J\u00e1chal, Iglesia, Gran San Juan, Calingasta y Sarmiento. En los pr\u00f3ximos d\u00edas se repite la acci\u00f3n los departamentos Valle F\u00e9rtil, San Mart\u00edn y Angaco, consolidando un plan que beneficia a m\u00e1s de 5.000 docentes de San Juan.<\/p>\n<p>Es as\u00ed que el vicegobernador a cargo del poder ejecutivo, Dr. Fabi\u00e1n Mart\u00edn se\u00f1al\u00f3 que \u00abel gobernador ha dicho siempre que gobernar es tomar decisiones sobre las prioridades y esta gesti\u00f3n que llevamos adelante a puesto el eje central en la educaci\u00f3n. Pondero la labor docente y los consider\u00f3 un motor que impulsa el futuro de ni\u00f1os y j\u00f3venes\u201d.<\/p>\n<p>Luego, la secretaria de Educaci\u00f3n, Lic. Mariela Lueje remarc\u00f3 que \u00abla ministro de Educaci\u00f3n, Lic. Silvia Fuentes les env\u00eda saludos y el gobernador prometi\u00f3 que la educaci\u00f3n es prioridad y lo est\u00e1 demostrando con hechos. Es una nueva forma de hacer pol\u00edtica prometer y cumplir. Se est\u00e1 haciendo en la medida de lo posible con recursos propios y gracias al esfuerzo de los involucrados comprometidos\u201d.<\/p>\n<p><img loading=\"lazy\" decoding=\"async\" class=\"alignnone size-full wp-image-91872\" src=\"https:\/\/vocesparalelas.com.ar\/sitio\/wp-content\/uploads\/2025\/09\/JACHAL-PROGRAMA-02.jpg\" alt=\"\" width=\"800\" height=\"533\" srcset=\"https:\/\/vocesparalelas.com.ar\/sitio\/wp-content\/uploads\/2025\/09\/JACHAL-PROGRAMA-02.jpg 800w, https:\/\/vocesparalelas.com.ar\/sitio\/wp-content\/uploads\/2025\/09\/JACHAL-PROGRAMA-02-300x200.jpg 300w, https:\/\/vocesparalelas.com.ar\/sitio\/wp-content\/uploads\/2025\/09\/JACHAL-PROGRAMA-02-768x512.jpg 768w\" sizes=\"auto, (max-width: 800px) 100vw, 800px\" \/><\/p>\n<p>El programa impulsado por el Gobierno de San Juan, a trav\u00e9s de los ministerios de Educaci\u00f3n y de Econom\u00eda, Finanzas y Hacienda, busca fortalecer el acceso a la tecnolog\u00eda y acompa\u00f1ar la labor docente con equipamiento y formaci\u00f3n digital de calidad.<\/p>\n<p>El programa contempla tambi\u00e9n la implementaci\u00f3n de EDUGE &#8211; Ecosistema Digital Unificado de Gesti\u00f3n Educativa. Siendo San Juan la primer provincia en utilizar una plataforma con Inteligencia Artificial que favorece la gesti\u00f3n educativa.<\/p>\n<p>Por otra parte el ministerio de Educaci\u00f3n del Gobierno de San Juan lleva adelante un proceso de formaci\u00f3n continua que complementa la entrega de computadoras y la implementaci\u00f3n de EDUGE. Formaciones destinadas a docentes y equipos directivos de todos los niveles y modalidades del sistema educativo que se implementan en distintas etapas y que abarcan instrucciones de uso de los dispositivos y las plataformas, optimizaci\u00f3n de datos e IA aplicada a la educaci\u00f3n.<\/p>\n<p>De esta manera el proceso de modernizaci\u00f3n y mejora en la gesti\u00f3n es sostenido en el tiempo, favoreciendo la transformaci\u00f3n educativa.<\/p>\n<p>La adquisici\u00f3n de los equipos se logra junto a UNOPS &#8211; Oficina de Naciones Unidas de Servicios para Proyectos -, que acompa\u00f1\u00f3 a la provincia en los procesos de compra para garantizar transparencia y eficiencia.<\/p>\n<p>El programa incluye adem\u00e1s la compra de 25.000 netbooks para estudiantes de 5\u00b0 y 6\u00b0 grado de escuelas primarias, as\u00ed como licencias Microsoft adquiridas gracias a ahorros en la gesti\u00f3n de adquisiciones.<\/p>\n<p><img loading=\"lazy\" decoding=\"async\" class=\"alignnone size-full wp-image-28629\" src=\"https:\/\/vocesparalelas.com.ar\/sitio\/wp-content\/uploads\/2020\/05\/MINISTERIO-EDUCACION-SJ.jpg\" alt=\"\" width=\"800\" height=\"533\" srcset=\"https:\/\/vocesparalelas.com.ar\/sitio\/wp-content\/uploads\/2020\/05\/MINISTERIO-EDUCACION-SJ.jpg 800w, https:\/\/vocesparalelas.com.ar\/sitio\/wp-content\/uploads\/2020\/05\/MINISTERIO-EDUCACION-SJ-300x200.jpg 300w, https:\/\/vocesparalelas.com.ar\/sitio\/wp-content\/uploads\/2020\/05\/MINISTERIO-EDUCACION-SJ-768x512.jpg 768w\" sizes=\"auto, (max-width: 800px) 100vw, 800px\" \/><\/p>\n","protected":false},"excerpt":{"rendered":"<p>El acto de entrega de Notebook del Programa \u201cMaestro de Am\u00e9rica, cultivando el futuro\u201d se desarroll\u00f3 en la Escuela Normal<\/p>\n","protected":false},"author":3,"featured_media":91871,"comment_status":"closed","ping_status":"closed","sticky":false,"template":"","format":"standard","meta":{"_acf_changed":false,"_seopress_robots_primary_cat":"none","_seopress_titles_title":"","_seopress_titles_desc":"","_seopress_robots_index":"","colormag_page_container_layout":"default_layout","colormag_page_sidebar_layout":"default_layout","footnotes":""},"categories":[1],"tags":[],"class_list":["post-91868","post","type-post","status-publish","format-standard","has-post-thumbnail","hentry","category-destacadas"],"acf":[],"_links":{"self":[{"href":"https:\/\/vocesparalelas.com.ar\/sitio\/wp-json\/wp\/v2\/posts\/91868","targetHints":{"allow":["GET"]}}],"collection":[{"href":"https:\/\/vocesparalelas.com.ar\/sitio\/wp-json\/wp\/v2\/posts"}],"about":[{"href":"https:\/\/vocesparalelas.com.ar\/sitio\/wp-json\/wp\/v2\/types\/post"}],"author":[{"embeddable":true,"href":"https:\/\/vocesparalelas.com.ar\/sitio\/wp-json\/wp\/v2\/users\/3"}],"replies":[{"embeddable":true,"href":"https:\/\/vocesparalelas.com.ar\/sitio\/wp-json\/wp\/v2\/comments?post=91868"}],"version-history":[{"count":1,"href":"https:\/\/vocesparalelas.com.ar\/sitio\/wp-json\/wp\/v2\/posts\/91868\/revisions"}],"predecessor-version":[{"id":91873,"href":"https:\/\/vocesparalelas.com.ar\/sitio\/wp-json\/wp\/v2\/posts\/91868\/revisions\/91873"}],"wp:featuredmedia":[{"embeddable":true,"href":"https:\/\/vocesparalelas.com.ar\/sitio\/wp-json\/wp\/v2\/media\/91871"}],"wp:attachment":[{"href":"https:\/\/vocesparalelas.com.ar\/sitio\/wp-json\/wp\/v2\/media?parent=91868"}],"wp:term":[{"taxonomy":"category","embeddable":true,"href":"https:\/\/vocesparalelas.com.ar\/sitio\/wp-json\/wp\/v2\/categories?post=91868"},{"taxonomy":"post_tag","embeddable":true,"href":"https:\/\/vocesparalelas.com.ar\/sitio\/wp-json\/wp\/v2\/tags?post=91868"}],"curies":[{"name":"wp","href":"https:\/\/api.w.org\/{rel}","templated":true}]}}