{"id":91857,"date":"2025-09-27T14:48:33","date_gmt":"2025-09-27T17:48:33","guid":{"rendered":"https:\/\/vocesparalelas.com.ar\/sitio\/?p=91857"},"modified":"2025-09-28T12:05:09","modified_gmt":"2025-09-28T15:05:09","slug":"ganadores-del-concurso-fotografico-bosque-nativo-de-san-juan-2025","status":"publish","type":"post","link":"https:\/\/vocesparalelas.com.ar\/sitio\/ganadores-del-concurso-fotografico-bosque-nativo-de-san-juan-2025\/","title":{"rendered":"Ganadores del Concurso Fotogr\u00e1fico \u201cBosque Nativo de San Juan 2025\u201d"},"content":{"rendered":"<p>La Secretar\u00eda de Ambiente y Desarrollo Sustentable del Gobierno de San Juan, a trav\u00e9s de la Direcci\u00f3n de Bosques Nativos, desarroll\u00f3 el Concurso Fotogr\u00e1fico \u201cBosque Nativo de San Juan 2025\u201d, una propuesta abierta al p\u00fablico que invit\u00f3 a retratar la riqueza natural de la provincia desde una mirada creativa y comprometida.<\/p>\n<p>Con el objetivo de promover la conservaci\u00f3n y valoraci\u00f3n del bosque nativo de San Juan, el certamen estuvo destinado a personas mayores de 18 a\u00f1os con residencia en San Juan, sean fot\u00f3grafos profesionales o aficionados.<\/p>\n<p><span style=\"color: #008000;\"><strong>Tres temas centrales en los trabajos<\/strong><\/span><\/p>\n<ul>\n<li>Paisajes del Bosque Nativo,<\/li>\n<li>Flora y Fauna Aut\u00f3ctona, e<\/li>\n<li>Interacci\u00f3n Humana y Naturaleza.<\/li>\n<\/ul>\n<p>Los trabajos fueron evaluados por un jurado integrado por la Lic. Victoria Mattei, el fotorreportero Gonzalo Medina, la Lic. Cecilia Rodr\u00edguez y la Lic. Lorena Ruarte.<\/p>\n<p>Es as\u00ed, que en la Estaci\u00f3n San Martin, se present\u00f3 la exposici\u00f3n fotogr\u00e1fico producto del Concurso \u201cBosque Nativo de San Juan 2025\u201d y se entregaron los premios y Menciones especiales.<\/p>\n<p>La cual se puede visitar y disfrutar de Lunes a Viernes, de 8 a 12 hs. en la Estaci\u00f3n San Martin, con entrada libre y gratuita. Est\u00e1 disponible hasta el Viernes, 03 de Octubre<\/p>\n<p><img loading=\"lazy\" decoding=\"async\" class=\"alignnone size-full wp-image-91860\" src=\"https:\/\/vocesparalelas.com.ar\/sitio\/wp-content\/uploads\/2025\/09\/AMBIENTE-CONCURSO-01.jpg\" alt=\"\" width=\"800\" height=\"533\" srcset=\"https:\/\/vocesparalelas.com.ar\/sitio\/wp-content\/uploads\/2025\/09\/AMBIENTE-CONCURSO-01.jpg 800w, https:\/\/vocesparalelas.com.ar\/sitio\/wp-content\/uploads\/2025\/09\/AMBIENTE-CONCURSO-01-300x200.jpg 300w, https:\/\/vocesparalelas.com.ar\/sitio\/wp-content\/uploads\/2025\/09\/AMBIENTE-CONCURSO-01-768x512.jpg 768w\" sizes=\"auto, (max-width: 800px) 100vw, 800px\" \/><\/p>\n<p>&nbsp;<\/p>\n<p><span style=\"color: #008000;\"><strong>Los premios<\/strong><\/span><\/p>\n<ul>\n<li>1\u00b0 Premio Paula Cecilia Far\u00edas Ag\u00fcero recibi\u00f3 un tr\u00edpode y una mochila<\/li>\n<\/ul>\n<figure id=\"attachment_91863\" aria-describedby=\"caption-attachment-91863\" style=\"width: 800px\" class=\"wp-caption alignnone\"><img loading=\"lazy\" decoding=\"async\" class=\"wp-image-91863 size-full\" src=\"https:\/\/vocesparalelas.com.ar\/sitio\/wp-content\/uploads\/2025\/09\/AMBIENTE-CONCURSO-04.jpg\" alt=\"\" width=\"800\" height=\"533\" srcset=\"https:\/\/vocesparalelas.com.ar\/sitio\/wp-content\/uploads\/2025\/09\/AMBIENTE-CONCURSO-04.jpg 800w, https:\/\/vocesparalelas.com.ar\/sitio\/wp-content\/uploads\/2025\/09\/AMBIENTE-CONCURSO-04-300x200.jpg 300w, https:\/\/vocesparalelas.com.ar\/sitio\/wp-content\/uploads\/2025\/09\/AMBIENTE-CONCURSO-04-768x512.jpg 768w\" sizes=\"auto, (max-width: 800px) 100vw, 800px\" \/><figcaption id=\"caption-attachment-91863\" class=\"wp-caption-text\">Muestra el fuerte vinculo de las comunidades originarias con el bosque, en especial el de algarrobo, en cuyo entorno se desarrolla su vida.<\/figcaption><\/figure>\n<p>&nbsp;<\/p>\n<figure id=\"attachment_91861\" aria-describedby=\"caption-attachment-91861\" style=\"width: 800px\" class=\"wp-caption alignnone\"><img loading=\"lazy\" decoding=\"async\" class=\"size-full wp-image-91861\" src=\"https:\/\/vocesparalelas.com.ar\/sitio\/wp-content\/uploads\/2025\/09\/AMBIENTE-CONCURSO-02.jpg\" alt=\"\" width=\"800\" height=\"493\" srcset=\"https:\/\/vocesparalelas.com.ar\/sitio\/wp-content\/uploads\/2025\/09\/AMBIENTE-CONCURSO-02.jpg 800w, https:\/\/vocesparalelas.com.ar\/sitio\/wp-content\/uploads\/2025\/09\/AMBIENTE-CONCURSO-02-300x185.jpg 300w, https:\/\/vocesparalelas.com.ar\/sitio\/wp-content\/uploads\/2025\/09\/AMBIENTE-CONCURSO-02-768x473.jpg 768w\" sizes=\"auto, (max-width: 800px) 100vw, 800px\" \/><figcaption id=\"caption-attachment-91861\" class=\"wp-caption-text\">1\u00b0 Premio Paula Cecilia Far\u00edas Ag\u00fcero junto al Secretario de Ambiente y Desarrollo Sustentable del Gobierno de San Juan,, Dr. Federico R\u00edos Ya\u00f1ez<\/figcaption><\/figure>\n<ul>\n<li>2\u00b0 Premio Edgardo Herrera recibi\u00f3 un tr\u00edpode<\/li>\n<\/ul>\n<figure id=\"attachment_91864\" aria-describedby=\"caption-attachment-91864\" style=\"width: 800px\" class=\"wp-caption alignnone\"><img loading=\"lazy\" decoding=\"async\" class=\"wp-image-91864 size-full\" src=\"https:\/\/vocesparalelas.com.ar\/sitio\/wp-content\/uploads\/2025\/09\/AMBIENTE-CONCURSO-05.jpg\" alt=\"\" width=\"800\" height=\"367\" srcset=\"https:\/\/vocesparalelas.com.ar\/sitio\/wp-content\/uploads\/2025\/09\/AMBIENTE-CONCURSO-05.jpg 800w, https:\/\/vocesparalelas.com.ar\/sitio\/wp-content\/uploads\/2025\/09\/AMBIENTE-CONCURSO-05-300x138.jpg 300w, https:\/\/vocesparalelas.com.ar\/sitio\/wp-content\/uploads\/2025\/09\/AMBIENTE-CONCURSO-05-768x352.jpg 768w\" sizes=\"auto, (max-width: 800px) 100vw, 800px\" \/><figcaption id=\"caption-attachment-91864\" class=\"wp-caption-text\">El Quebracho colorado, la particularidad es que se da \u00fanicamente en el Departamento Valle F\u00e9rtil<\/figcaption><\/figure>\n<p><img loading=\"lazy\" decoding=\"async\" class=\"size-full wp-image-91862\" src=\"https:\/\/vocesparalelas.com.ar\/sitio\/wp-content\/uploads\/2025\/09\/AMBIENTE-CONCURSO-03.jpg\" alt=\"\" width=\"800\" height=\"533\" srcset=\"https:\/\/vocesparalelas.com.ar\/sitio\/wp-content\/uploads\/2025\/09\/AMBIENTE-CONCURSO-03.jpg 800w, https:\/\/vocesparalelas.com.ar\/sitio\/wp-content\/uploads\/2025\/09\/AMBIENTE-CONCURSO-03-300x200.jpg 300w, https:\/\/vocesparalelas.com.ar\/sitio\/wp-content\/uploads\/2025\/09\/AMBIENTE-CONCURSO-03-768x512.jpg 768w\" sizes=\"auto, (max-width: 800px) 100vw, 800px\" \/><\/p>\n<p><span style=\"color: #008000;\"><strong>Adem\u00e1s, se entregaron Menciones Especiales<\/strong><\/span><\/p>\n<ul>\n<li>\u00a0Ariel Flores<\/li>\n<li>Marcela Barzola<\/li>\n<li>Mauricio Moyano<\/li>\n<\/ul>\n<p><img loading=\"lazy\" decoding=\"async\" class=\"alignnone size-large wp-image-18375\" src=\"https:\/\/vocesparalelas.com.ar\/sitio\/wp-content\/uploads\/2019\/01\/AMBIENTE-CARTEL-800x496.jpg\" alt=\"\" width=\"800\" height=\"496\" srcset=\"https:\/\/vocesparalelas.com.ar\/sitio\/wp-content\/uploads\/2019\/01\/AMBIENTE-CARTEL-800x496.jpg 800w, https:\/\/vocesparalelas.com.ar\/sitio\/wp-content\/uploads\/2019\/01\/AMBIENTE-CARTEL-300x186.jpg 300w, https:\/\/vocesparalelas.com.ar\/sitio\/wp-content\/uploads\/2019\/01\/AMBIENTE-CARTEL-768x476.jpg 768w, https:\/\/vocesparalelas.com.ar\/sitio\/wp-content\/uploads\/2019\/01\/AMBIENTE-CARTEL.jpg 1000w\" sizes=\"auto, (max-width: 800px) 100vw, 800px\" \/><\/p>\n","protected":false},"excerpt":{"rendered":"<p>La Secretar\u00eda de Ambiente y Desarrollo Sustentable del Gobierno de San Juan, a trav\u00e9s de la Direcci\u00f3n de Bosques Nativos,<\/p>\n","protected":false},"author":3,"featured_media":91861,"comment_status":"closed","ping_status":"closed","sticky":false,"template":"","format":"standard","meta":{"_acf_changed":false,"_seopress_robots_primary_cat":"none","_seopress_titles_title":"","_seopress_titles_desc":"","_seopress_robots_index":"","colormag_page_container_layout":"default_layout","colormag_page_sidebar_layout":"default_layout","footnotes":""},"categories":[8],"tags":[],"class_list":["post-91857","post","type-post","status-publish","format-standard","has-post-thumbnail","hentry","category-concursos"],"acf":[],"_links":{"self":[{"href":"https:\/\/vocesparalelas.com.ar\/sitio\/wp-json\/wp\/v2\/posts\/91857","targetHints":{"allow":["GET"]}}],"collection":[{"href":"https:\/\/vocesparalelas.com.ar\/sitio\/wp-json\/wp\/v2\/posts"}],"about":[{"href":"https:\/\/vocesparalelas.com.ar\/sitio\/wp-json\/wp\/v2\/types\/post"}],"author":[{"embeddable":true,"href":"https:\/\/vocesparalelas.com.ar\/sitio\/wp-json\/wp\/v2\/users\/3"}],"replies":[{"embeddable":true,"href":"https:\/\/vocesparalelas.com.ar\/sitio\/wp-json\/wp\/v2\/comments?post=91857"}],"version-history":[{"count":1,"href":"https:\/\/vocesparalelas.com.ar\/sitio\/wp-json\/wp\/v2\/posts\/91857\/revisions"}],"predecessor-version":[{"id":91865,"href":"https:\/\/vocesparalelas.com.ar\/sitio\/wp-json\/wp\/v2\/posts\/91857\/revisions\/91865"}],"wp:featuredmedia":[{"embeddable":true,"href":"https:\/\/vocesparalelas.com.ar\/sitio\/wp-json\/wp\/v2\/media\/91861"}],"wp:attachment":[{"href":"https:\/\/vocesparalelas.com.ar\/sitio\/wp-json\/wp\/v2\/media?parent=91857"}],"wp:term":[{"taxonomy":"category","embeddable":true,"href":"https:\/\/vocesparalelas.com.ar\/sitio\/wp-json\/wp\/v2\/categories?post=91857"},{"taxonomy":"post_tag","embeddable":true,"href":"https:\/\/vocesparalelas.com.ar\/sitio\/wp-json\/wp\/v2\/tags?post=91857"}],"curies":[{"name":"wp","href":"https:\/\/api.w.org\/{rel}","templated":true}]}}