{"id":91844,"date":"2025-09-27T11:34:10","date_gmt":"2025-09-27T14:34:10","guid":{"rendered":"https:\/\/vocesparalelas.com.ar\/sitio\/?p=91844"},"modified":"2025-09-27T11:46:27","modified_gmt":"2025-09-27T14:46:27","slug":"emprendedora-del-sol-2025-del-departamento-iglesia-herminia-tello","status":"publish","type":"post","link":"https:\/\/vocesparalelas.com.ar\/sitio\/emprendedora-del-sol-2025-del-departamento-iglesia-herminia-tello\/","title":{"rendered":"\u00abEmprendedora del Sol 2025\u00bb del Departamento Iglesia, Herminia Tello"},"content":{"rendered":"<p>Frente al Concurso \u00abEmprendedora del Sol 2025\u00bb en el marco de la Fiesta Nacional del Sol en San Juan, que se desarrolla el 21; 22 y 23 de Noviembre, en el Estadio del Bicentenario, Departamento Pocito.<\/p>\n<p>El concurso, recorre los 19 departamentos de San Juan, en busca de talentos, entrega 73 millones de pesos en premios, adem\u00e1s de capacitaciones, mentor\u00edas y espacios de difusi\u00f3n para potenciar ideas y negocios. Su objetivo central es visibilizar el aporte de las mujeres a la econom\u00eda local, la innovaci\u00f3n y el desarrollo social y productivo.<\/p>\n<p>En consecuencia de este recorrido del Concurso, la Municipalidad de Iglesia convoc\u00f3 a mujeres emprendedoras locales para presentar sus proyectos.<\/p>\n<p>Durante esta instancia departamental, se evaluaron propuestas innovadoras que reflejan talento, compromiso y visi\u00f3n transformadora, bajo criterios de sustentabilidad, generaci\u00f3n de empleo, desarrollo local, valor agregado y circularidad.<\/p>\n<p><span style=\"color: #ff6600;\"><strong>Participaron con sus proyectos<\/strong><\/span><\/p>\n<ul>\n<li>Carolina P\u00e9cora \u2013 Fundas Kaku (Textil)<\/li>\n<li>Selma Poblete \u2013 Comedor La Roca (Gastron\u00f3mico)<\/li>\n<li>Sol Mu\u00f1oz \u2013 Est\u00e9tica SS<\/li>\n<li>Giselda Castillo \u2013 Comidas Luly (Gastron\u00f3mico)<\/li>\n<li>Carla Meglioli \u2013 Finca El Martillo (Gastron\u00f3mico)<\/li>\n<li>Sandra Mu\u00f1oz \u2013 Aromas de Monta\u00f1a (Limpieza, Textil)<\/li>\n<li>Irene Goranzky \u2013 Cervecer\u00eda Agua Negra (Gastron\u00f3mico)<\/li>\n<li>Marisa Aguilera \u2013 AGMA (Gastron\u00f3mico)<\/li>\n<li>Herminia Tello \u2013 Lavander\u00eda Iglesiana (Limpieza, Textil)<\/li>\n<\/ul>\n<p><strong><span style=\"color: #ff6600;\">El jurado estuvo integrado por referentes institucionales y sociales<\/span><\/strong><\/p>\n<ul>\n<li>Marcelo Tejada<\/li>\n<li>Romina Illanes<\/li>\n<li>Georgina Lemole<\/li>\n<li>Regina Gonz\u00e1lez<\/li>\n<li>Selva Aciar del Departamento de la Mujer de la Uni\u00f3n Industrial y<\/li>\n<li>Carolina Cirica de la Direcci\u00f3n de Industrias del Ministerio de Producci\u00f3n, Trabajo e Innovaci\u00f3n del obierno de San Juan<\/li>\n<\/ul>\n<p><strong><span style=\"color: #ff6600;\">En esta etapa se otorgaron los premios<\/span><\/strong><\/p>\n<ul>\n<li>1\u00b0 Premio de $2.000.000 y la representaci\u00f3n de Iglesia en el certamen provincial Emprendedora del Sol 2025, para Herminia Tello con Lavander\u00eda Iglesiana.<\/li>\n<li>2\u00b0 Premio de $1.500.000 para Giselda Castillo con Comidas Luly.<\/li>\n<\/ul>\n<figure id=\"attachment_91850\" aria-describedby=\"caption-attachment-91850\" style=\"width: 533px\" class=\"wp-caption aligncenter\"><img loading=\"lazy\" decoding=\"async\" class=\"size-large wp-image-91850\" src=\"https:\/\/vocesparalelas.com.ar\/sitio\/wp-content\/uploads\/2025\/09\/IGLESIA-EMPRENDEDORA-DEL-SOL-2025-04-533x800.jpg\" alt=\"\" width=\"533\" height=\"800\" srcset=\"https:\/\/vocesparalelas.com.ar\/sitio\/wp-content\/uploads\/2025\/09\/IGLESIA-EMPRENDEDORA-DEL-SOL-2025-04-533x800.jpg 533w, https:\/\/vocesparalelas.com.ar\/sitio\/wp-content\/uploads\/2025\/09\/IGLESIA-EMPRENDEDORA-DEL-SOL-2025-04-200x300.jpg 200w, https:\/\/vocesparalelas.com.ar\/sitio\/wp-content\/uploads\/2025\/09\/IGLESIA-EMPRENDEDORA-DEL-SOL-2025-04.jpg 682w\" sizes=\"auto, (max-width: 533px) 100vw, 533px\" \/><figcaption id=\"caption-attachment-91850\" class=\"wp-caption-text\">1\u00b0 Premio de $2.000.000 y la representaci\u00f3n de Iglesia en el certamen provincial Emprendedora del Sol 2025 para Herminia Tello con Lavander\u00eda Iglesiana.<\/figcaption><\/figure>\n<p>&nbsp;<\/p>\n<figure id=\"attachment_91849\" aria-describedby=\"caption-attachment-91849\" style=\"width: 800px\" class=\"wp-caption alignnone\"><img loading=\"lazy\" decoding=\"async\" class=\"size-full wp-image-91849\" src=\"https:\/\/vocesparalelas.com.ar\/sitio\/wp-content\/uploads\/2025\/09\/IGLESIA-EMPRENDEDORA-DEL-SOL-2025-03.jpg\" alt=\"\" width=\"800\" height=\"533\" srcset=\"https:\/\/vocesparalelas.com.ar\/sitio\/wp-content\/uploads\/2025\/09\/IGLESIA-EMPRENDEDORA-DEL-SOL-2025-03.jpg 800w, https:\/\/vocesparalelas.com.ar\/sitio\/wp-content\/uploads\/2025\/09\/IGLESIA-EMPRENDEDORA-DEL-SOL-2025-03-300x200.jpg 300w, https:\/\/vocesparalelas.com.ar\/sitio\/wp-content\/uploads\/2025\/09\/IGLESIA-EMPRENDEDORA-DEL-SOL-2025-03-768x512.jpg 768w\" sizes=\"auto, (max-width: 800px) 100vw, 800px\" \/><figcaption id=\"caption-attachment-91849\" class=\"wp-caption-text\">2\u00b0 Premio de $1.500.000 para Giselda Castillo con Comidas Luly<\/figcaption><\/figure>\n<p>Es as\u00ed que la Embajadora Departamental, Herminia Tello, es la que represente con orgullo al departamento Iglesia en la gran final de la Emprendedora del Sol 2025 en la Fiesta Nacional del Sol, compitiendo por un premio de $7.000.000.<\/p>\n<p><iframe loading=\"lazy\" title=\"IGLESIA SAN JUAN EMPRENDEDORA DEL SOL 2025\" width=\"563\" height=\"1000\" src=\"https:\/\/www.youtube.com\/embed\/O-57FTNHWe4?feature=oembed\" frameborder=\"0\" allow=\"accelerometer; autoplay; clipboard-write; encrypted-media; gyroscope; picture-in-picture; web-share\" referrerpolicy=\"strict-origin-when-cross-origin\" allowfullscreen><\/iframe><\/p>\n<p>&nbsp;<\/p>\n<p>Desde la Municipalidad de Iglesia felicita a\u00a0 las participantes y agradecen su compromiso, porque con su trabajo fortalecen el desarrollo local y demuestran que el esp\u00edritu emprendedor de las mujeres es motor de crecimiento para\u00a0 la comunidad.<\/p>\n<p><img loading=\"lazy\" decoding=\"async\" class=\"alignnone size-full wp-image-91848\" src=\"https:\/\/vocesparalelas.com.ar\/sitio\/wp-content\/uploads\/2025\/09\/IGLESIA-EMPRENDEDORA-DEL-SOL-2025-01.jpg\" alt=\"\" width=\"800\" height=\"533\" srcset=\"https:\/\/vocesparalelas.com.ar\/sitio\/wp-content\/uploads\/2025\/09\/IGLESIA-EMPRENDEDORA-DEL-SOL-2025-01.jpg 800w, https:\/\/vocesparalelas.com.ar\/sitio\/wp-content\/uploads\/2025\/09\/IGLESIA-EMPRENDEDORA-DEL-SOL-2025-01-300x200.jpg 300w, https:\/\/vocesparalelas.com.ar\/sitio\/wp-content\/uploads\/2025\/09\/IGLESIA-EMPRENDEDORA-DEL-SOL-2025-01-768x512.jpg 768w\" sizes=\"auto, (max-width: 800px) 100vw, 800px\" \/><\/p>\n<p><strong><span style=\"color: #ff6600;\">Fiesta Nacional del Sol 2025<\/span><\/strong><\/p>\n<p><iframe loading=\"lazy\" title=\"SAN JUAN FNS 2025\" width=\"800\" height=\"450\" src=\"https:\/\/www.youtube.com\/embed\/hG6JPSqgl-k?feature=oembed\" frameborder=\"0\" allow=\"accelerometer; autoplay; clipboard-write; encrypted-media; gyroscope; picture-in-picture; web-share\" referrerpolicy=\"strict-origin-when-cross-origin\" allowfullscreen><\/iframe><\/p>\n<p>&nbsp;<\/p>\n<p><img loading=\"lazy\" decoding=\"async\" class=\"alignnone size-full wp-image-90510\" src=\"https:\/\/vocesparalelas.com.ar\/sitio\/wp-content\/uploads\/2025\/08\/FNS-2025-01.jpg\" alt=\"\" width=\"800\" height=\"450\" srcset=\"https:\/\/vocesparalelas.com.ar\/sitio\/wp-content\/uploads\/2025\/08\/FNS-2025-01.jpg 800w, https:\/\/vocesparalelas.com.ar\/sitio\/wp-content\/uploads\/2025\/08\/FNS-2025-01-300x169.jpg 300w, https:\/\/vocesparalelas.com.ar\/sitio\/wp-content\/uploads\/2025\/08\/FNS-2025-01-768x432.jpg 768w\" sizes=\"auto, (max-width: 800px) 100vw, 800px\" \/><\/p>\n","protected":false},"excerpt":{"rendered":"<p>Frente al Concurso \u00abEmprendedora del Sol 2025\u00bb en el marco de la Fiesta Nacional del Sol en San Juan, que<\/p>\n","protected":false},"author":3,"featured_media":91847,"comment_status":"closed","ping_status":"closed","sticky":false,"template":"","format":"standard","meta":{"_acf_changed":false,"_seopress_robots_primary_cat":"none","_seopress_titles_title":"","_seopress_titles_desc":"","_seopress_robots_index":"","colormag_page_container_layout":"default_layout","colormag_page_sidebar_layout":"default_layout","footnotes":""},"categories":[1,7],"tags":[],"class_list":["post-91844","post","type-post","status-publish","format-standard","has-post-thumbnail","hentry","category-destacadas","category-videos"],"acf":[],"_links":{"self":[{"href":"https:\/\/vocesparalelas.com.ar\/sitio\/wp-json\/wp\/v2\/posts\/91844","targetHints":{"allow":["GET"]}}],"collection":[{"href":"https:\/\/vocesparalelas.com.ar\/sitio\/wp-json\/wp\/v2\/posts"}],"about":[{"href":"https:\/\/vocesparalelas.com.ar\/sitio\/wp-json\/wp\/v2\/types\/post"}],"author":[{"embeddable":true,"href":"https:\/\/vocesparalelas.com.ar\/sitio\/wp-json\/wp\/v2\/users\/3"}],"replies":[{"embeddable":true,"href":"https:\/\/vocesparalelas.com.ar\/sitio\/wp-json\/wp\/v2\/comments?post=91844"}],"version-history":[{"count":2,"href":"https:\/\/vocesparalelas.com.ar\/sitio\/wp-json\/wp\/v2\/posts\/91844\/revisions"}],"predecessor-version":[{"id":91852,"href":"https:\/\/vocesparalelas.com.ar\/sitio\/wp-json\/wp\/v2\/posts\/91844\/revisions\/91852"}],"wp:featuredmedia":[{"embeddable":true,"href":"https:\/\/vocesparalelas.com.ar\/sitio\/wp-json\/wp\/v2\/media\/91847"}],"wp:attachment":[{"href":"https:\/\/vocesparalelas.com.ar\/sitio\/wp-json\/wp\/v2\/media?parent=91844"}],"wp:term":[{"taxonomy":"category","embeddable":true,"href":"https:\/\/vocesparalelas.com.ar\/sitio\/wp-json\/wp\/v2\/categories?post=91844"},{"taxonomy":"post_tag","embeddable":true,"href":"https:\/\/vocesparalelas.com.ar\/sitio\/wp-json\/wp\/v2\/tags?post=91844"}],"curies":[{"name":"wp","href":"https:\/\/api.w.org\/{rel}","templated":true}]}}