{"id":9183,"date":"2018-01-13T19:30:52","date_gmt":"2018-01-13T22:30:52","guid":{"rendered":"http:\/\/vocesparalelas.com.ar\/sitio\/?p=9183"},"modified":"2018-01-13T21:10:55","modified_gmt":"2018-01-14T00:10:55","slug":"tardecitas-de-verano","status":"publish","type":"post","link":"https:\/\/vocesparalelas.com.ar\/sitio\/tardecitas-de-verano\/","title":{"rendered":"Tardecitas de Verano"},"content":{"rendered":"<p>El Domingo, 14 de Enero, a las 19 hs.; en el Jard\u00edn de los Poetas, se desarrolla Tardecitas de Verano, con la Feria de Artesan\u00edas, sorteos y patio de Comida acompa\u00f1ada con la presentaci\u00f3n\u00a0 del Ballet Municipal de los Andes, los integrantes del Taller de Folklore de Juan Gonz\u00e1lez, en el g\u00e9nero folklorico Diego Villegas; en Rock Animal Nativo; en Reggeton Alexis y el Dogor; en Folklore Nano Rodr\u00edguez, la Academia Santiago Ayala y en cuarteto El Yeyo.<\/p>\n<p>Organiza la Municipalidad de Rivadavia y su Direcci\u00f3n de Turismo y Cultura.<\/p>\n<p><img loading=\"lazy\" decoding=\"async\" class=\"alignnone size-medium wp-image-9184 aligncenter\" src=\"https:\/\/vocesparalelas.com.ar\/sitio\/wp-content\/uploads\/2018\/01\/RIVADAVIA-TARDECITAS-DE-VERANO-221x300.jpg\" alt=\"\" width=\"221\" height=\"300\" \/><\/p>\n<p>&nbsp;<\/p>\n<p>&nbsp;<\/p>\n<p>&nbsp;<\/p>\n","protected":false},"excerpt":{"rendered":"<p>El Domingo, 14 de Enero, a las 19 hs.; en el Jard\u00edn de los Poetas, se desarrolla Tardecitas de Verano,<\/p>\n","protected":false},"author":3,"featured_media":3241,"comment_status":"closed","ping_status":"closed","sticky":false,"template":"","format":"standard","meta":{"_acf_changed":false,"_seopress_robots_primary_cat":"","_seopress_titles_title":"","_seopress_titles_desc":"","_seopress_robots_index":"","colormag_page_container_layout":"default_layout","colormag_page_sidebar_layout":"default_layout","footnotes":""},"categories":[1],"tags":[],"class_list":["post-9183","post","type-post","status-publish","format-standard","has-post-thumbnail","hentry","category-destacadas"],"acf":[],"_links":{"self":[{"href":"https:\/\/vocesparalelas.com.ar\/sitio\/wp-json\/wp\/v2\/posts\/9183","targetHints":{"allow":["GET"]}}],"collection":[{"href":"https:\/\/vocesparalelas.com.ar\/sitio\/wp-json\/wp\/v2\/posts"}],"about":[{"href":"https:\/\/vocesparalelas.com.ar\/sitio\/wp-json\/wp\/v2\/types\/post"}],"author":[{"embeddable":true,"href":"https:\/\/vocesparalelas.com.ar\/sitio\/wp-json\/wp\/v2\/users\/3"}],"replies":[{"embeddable":true,"href":"https:\/\/vocesparalelas.com.ar\/sitio\/wp-json\/wp\/v2\/comments?post=9183"}],"version-history":[{"count":0,"href":"https:\/\/vocesparalelas.com.ar\/sitio\/wp-json\/wp\/v2\/posts\/9183\/revisions"}],"wp:featuredmedia":[{"embeddable":true,"href":"https:\/\/vocesparalelas.com.ar\/sitio\/wp-json\/wp\/v2\/media\/3241"}],"wp:attachment":[{"href":"https:\/\/vocesparalelas.com.ar\/sitio\/wp-json\/wp\/v2\/media?parent=9183"}],"wp:term":[{"taxonomy":"category","embeddable":true,"href":"https:\/\/vocesparalelas.com.ar\/sitio\/wp-json\/wp\/v2\/categories?post=9183"},{"taxonomy":"post_tag","embeddable":true,"href":"https:\/\/vocesparalelas.com.ar\/sitio\/wp-json\/wp\/v2\/tags?post=9183"}],"curies":[{"name":"wp","href":"https:\/\/api.w.org\/{rel}","templated":true}]}}