{"id":91823,"date":"2025-09-26T20:18:55","date_gmt":"2025-09-26T23:18:55","guid":{"rendered":"https:\/\/vocesparalelas.com.ar\/sitio\/?p=91823"},"modified":"2025-09-27T15:09:28","modified_gmt":"2025-09-27T18:09:28","slug":"inscripcion-al-programa-de-fortalecimiento-escolar-gratuito-para-alumnos-del-nivel-secundario-de-san-juan","status":"publish","type":"post","link":"https:\/\/vocesparalelas.com.ar\/sitio\/inscripcion-al-programa-de-fortalecimiento-escolar-gratuito-para-alumnos-del-nivel-secundario-de-san-juan\/","title":{"rendered":"Inscripci\u00f3n al Programa de Fortalecimiento Escolar Gratuito para alumnos del Nivel Secundario de San Juan"},"content":{"rendered":"<p>El Ministerio de Educaci\u00f3n del Gobierno de San Juan comunica que se inscriben alumnos de Escuelas Secundaria en el Programa de Fortalecimiento Escolar Gratuito, el Lunes, 29 de Septiembre y la inscripci\u00f3n es hasta completar el cupo previsto, en Conectar Lab, Las Heras y Alberdi, Capital, de Lunes a Viernes, de 8,30 a 12,30 hs.<\/p>\n<p><span style=\"color: #ff6600;\"><strong>Para concretar la inscripci\u00f3n, las familias deben presentar<\/strong><\/span><\/p>\n<ul>\n<li>Fotocopia del DNI del estudiante y del progenitor\/tutor<\/li>\n<li>Fotocopia de partida de nacimiento del menor.<\/li>\n<\/ul>\n<p>En el marco del Plan de Alfabetizaci\u00f3n Comprendo y Aprendo, el objetivo del Programa de Fortalecimiento Escolar Gratuito es acompa\u00f1ar a los estudiantes en sus trayectorias educativas y fortalecer sus aprendizajes.<\/p>\n<p>La ministra de Educaci\u00f3n, Lic. Silvia Fuentes puntualiz\u00f3 que \u00abpromover esta l\u00ednea de apoyo escolar ya que no s\u00f3lo busca reducir la deserci\u00f3n escolar, sino tambi\u00e9n mejorar el rendimiento acad\u00e9mico y garantizar la igualdad de oportunidades de los estudiantes de San Juan. Adem\u00e1s, el programa le brinda colaboraci\u00f3n a familias que no pueden pagar profesores particulares\u00bb.<\/p>\n<p><img loading=\"lazy\" decoding=\"async\" class=\"alignnone size-full wp-image-64251\" src=\"https:\/\/vocesparalelas.com.ar\/sitio\/wp-content\/uploads\/2023\/10\/CONECTAR-LAB-SAN-JUAN-01.jpg\" alt=\"\" width=\"800\" height=\"600\" srcset=\"https:\/\/vocesparalelas.com.ar\/sitio\/wp-content\/uploads\/2023\/10\/CONECTAR-LAB-SAN-JUAN-01.jpg 800w, https:\/\/vocesparalelas.com.ar\/sitio\/wp-content\/uploads\/2023\/10\/CONECTAR-LAB-SAN-JUAN-01-300x225.jpg 300w, https:\/\/vocesparalelas.com.ar\/sitio\/wp-content\/uploads\/2023\/10\/CONECTAR-LAB-SAN-JUAN-01-768x576.jpg 768w\" sizes=\"auto, (max-width: 800px) 100vw, 800px\" \/><\/p>\n","protected":false},"excerpt":{"rendered":"<p>El Ministerio de Educaci\u00f3n del Gobierno de San Juan comunica que se inscriben alumnos de Escuelas Secundaria en el Programa<\/p>\n","protected":false},"author":3,"featured_media":68998,"comment_status":"closed","ping_status":"closed","sticky":false,"template":"","format":"standard","meta":{"_acf_changed":false,"_seopress_robots_primary_cat":"none","_seopress_titles_title":"","_seopress_titles_desc":"","_seopress_robots_index":"","colormag_page_container_layout":"default_layout","colormag_page_sidebar_layout":"default_layout","footnotes":""},"categories":[9],"tags":[],"class_list":["post-91823","post","type-post","status-publish","format-standard","has-post-thumbnail","hentry","category-cursos"],"acf":[],"_links":{"self":[{"href":"https:\/\/vocesparalelas.com.ar\/sitio\/wp-json\/wp\/v2\/posts\/91823","targetHints":{"allow":["GET"]}}],"collection":[{"href":"https:\/\/vocesparalelas.com.ar\/sitio\/wp-json\/wp\/v2\/posts"}],"about":[{"href":"https:\/\/vocesparalelas.com.ar\/sitio\/wp-json\/wp\/v2\/types\/post"}],"author":[{"embeddable":true,"href":"https:\/\/vocesparalelas.com.ar\/sitio\/wp-json\/wp\/v2\/users\/3"}],"replies":[{"embeddable":true,"href":"https:\/\/vocesparalelas.com.ar\/sitio\/wp-json\/wp\/v2\/comments?post=91823"}],"version-history":[{"count":2,"href":"https:\/\/vocesparalelas.com.ar\/sitio\/wp-json\/wp\/v2\/posts\/91823\/revisions"}],"predecessor-version":[{"id":91827,"href":"https:\/\/vocesparalelas.com.ar\/sitio\/wp-json\/wp\/v2\/posts\/91823\/revisions\/91827"}],"wp:featuredmedia":[{"embeddable":true,"href":"https:\/\/vocesparalelas.com.ar\/sitio\/wp-json\/wp\/v2\/media\/68998"}],"wp:attachment":[{"href":"https:\/\/vocesparalelas.com.ar\/sitio\/wp-json\/wp\/v2\/media?parent=91823"}],"wp:term":[{"taxonomy":"category","embeddable":true,"href":"https:\/\/vocesparalelas.com.ar\/sitio\/wp-json\/wp\/v2\/categories?post=91823"},{"taxonomy":"post_tag","embeddable":true,"href":"https:\/\/vocesparalelas.com.ar\/sitio\/wp-json\/wp\/v2\/tags?post=91823"}],"curies":[{"name":"wp","href":"https:\/\/api.w.org\/{rel}","templated":true}]}}