{"id":91780,"date":"2025-09-25T23:15:09","date_gmt":"2025-09-26T02:15:09","guid":{"rendered":"https:\/\/vocesparalelas.com.ar\/sitio\/?p=91780"},"modified":"2025-09-25T23:16:13","modified_gmt":"2025-09-26T02:16:13","slug":"se-reunio-la-comision-de-mineria-y-energia-de-la-camara-de-diputados-de-san-juan","status":"publish","type":"post","link":"https:\/\/vocesparalelas.com.ar\/sitio\/se-reunio-la-comision-de-mineria-y-energia-de-la-camara-de-diputados-de-san-juan\/","title":{"rendered":"Se reuni\u00f3 la Comisi\u00f3n de Miner\u00eda y Energ\u00eda de la C\u00e1mara de Diputados de San Juan"},"content":{"rendered":"<p>En el Edificio de la Legislatura Provincial, los integrantes de la Comisi\u00f3n de Miner\u00eda y Energ\u00eda mantuvieron una reuni\u00f3n donde debatieron dos iniciativas.<\/p>\n<p>Integrado por los Diputados Andr\u00e9s Castro, Enzo Cornejo, Fernando Patinella, el Dr. Mario Herrero, Carlos Jaime, Eduardo Cabello, el Lic. Franco Aranda y el Dr. Juan de la Cruz C\u00f3rdoba.<\/p>\n<p>Durante la reuni\u00f3n debatieron respecto al proyecto presentado en el\u00a0Exp. N\u00ba 1790, que bajo el t\u00edtulo\u00a0\u201cEtiquetado de Eficiencia Energ\u00e9tica de Inmuebles Destinados a Vivienda\u201d, tiene la finalidad de fomentar la implementaci\u00f3n del\u00a0<a href=\"https:\/\/www.argentina.gob.ar\/economia\/energia\/eficiencia-energetica\/eficiencia-energetica-en-edificaciones\/pronev-programa-nacional-de-etiquetado-de-viviendas\" target=\"_blank\" rel=\"noopener\">Programa Nacional de Etiquetado de Viviendas (PRONEV)<\/a> en la provincia de San Juan. Esta propuesta contin\u00faa en discusi\u00f3n y an\u00e1lisis, con la posibilidad de invitar para consultas a funcionarios del Poder Ejecutivo.<\/p>\n<p>Por otra parte, se dio despacho favorable al\u00a0Exp. N\u00ba 2144, por el que se propone aprobar el\u00a0Convenio de Asistencia y Cooperaci\u00f3n\u00a0suscripto a los 25 d\u00edas del mes de julio de 2025, entre la Provincia de San Juan, y la Distribuidora El\u00e9ctrica de Caucete Sociedad An\u00f3nima (DECSA). El proyecto tiene por objeto establecer las bases para la colaboraci\u00f3n en las funciones de distribuci\u00f3n, sostenimiento y mejora del servicio el\u00e9ctrico, con el fin de garantizar una prestaci\u00f3n continua, segura y de calidad en la distribuci\u00f3n de energ\u00eda el\u00e9ctrica.<\/p>\n<p>&nbsp;<\/p>\n<figure id=\"attachment_37951\" aria-describedby=\"caption-attachment-37951\" style=\"width: 800px\" class=\"wp-caption alignnone\"><img loading=\"lazy\" decoding=\"async\" class=\"size-full wp-image-37951\" src=\"https:\/\/vocesparalelas.com.ar\/sitio\/wp-content\/uploads\/2021\/05\/CAMARA-EDIFICIO.jpg\" alt=\"\" width=\"800\" height=\"515\" srcset=\"https:\/\/vocesparalelas.com.ar\/sitio\/wp-content\/uploads\/2021\/05\/CAMARA-EDIFICIO.jpg 800w, https:\/\/vocesparalelas.com.ar\/sitio\/wp-content\/uploads\/2021\/05\/CAMARA-EDIFICIO-300x193.jpg 300w, https:\/\/vocesparalelas.com.ar\/sitio\/wp-content\/uploads\/2021\/05\/CAMARA-EDIFICIO-768x494.jpg 768w\" sizes=\"auto, (max-width: 800px) 100vw, 800px\" \/><figcaption id=\"caption-attachment-37951\" class=\"wp-caption-text\">Legislatura Provincial de San Juan, Rep\u00fablica Argentina<\/figcaption><\/figure>\n","protected":false},"excerpt":{"rendered":"<p>En el Edificio de la Legislatura Provincial, los integrantes de la Comisi\u00f3n de Miner\u00eda y Energ\u00eda mantuvieron una reuni\u00f3n donde<\/p>\n","protected":false},"author":3,"featured_media":91783,"comment_status":"closed","ping_status":"closed","sticky":false,"template":"","format":"standard","meta":{"_acf_changed":false,"_seopress_robots_primary_cat":"none","_seopress_titles_title":"","_seopress_titles_desc":"","_seopress_robots_index":"","colormag_page_container_layout":"default_layout","colormag_page_sidebar_layout":"default_layout","footnotes":""},"categories":[1],"tags":[],"class_list":["post-91780","post","type-post","status-publish","format-standard","has-post-thumbnail","hentry","category-destacadas"],"acf":[],"_links":{"self":[{"href":"https:\/\/vocesparalelas.com.ar\/sitio\/wp-json\/wp\/v2\/posts\/91780","targetHints":{"allow":["GET"]}}],"collection":[{"href":"https:\/\/vocesparalelas.com.ar\/sitio\/wp-json\/wp\/v2\/posts"}],"about":[{"href":"https:\/\/vocesparalelas.com.ar\/sitio\/wp-json\/wp\/v2\/types\/post"}],"author":[{"embeddable":true,"href":"https:\/\/vocesparalelas.com.ar\/sitio\/wp-json\/wp\/v2\/users\/3"}],"replies":[{"embeddable":true,"href":"https:\/\/vocesparalelas.com.ar\/sitio\/wp-json\/wp\/v2\/comments?post=91780"}],"version-history":[{"count":3,"href":"https:\/\/vocesparalelas.com.ar\/sitio\/wp-json\/wp\/v2\/posts\/91780\/revisions"}],"predecessor-version":[{"id":91786,"href":"https:\/\/vocesparalelas.com.ar\/sitio\/wp-json\/wp\/v2\/posts\/91780\/revisions\/91786"}],"wp:featuredmedia":[{"embeddable":true,"href":"https:\/\/vocesparalelas.com.ar\/sitio\/wp-json\/wp\/v2\/media\/91783"}],"wp:attachment":[{"href":"https:\/\/vocesparalelas.com.ar\/sitio\/wp-json\/wp\/v2\/media?parent=91780"}],"wp:term":[{"taxonomy":"category","embeddable":true,"href":"https:\/\/vocesparalelas.com.ar\/sitio\/wp-json\/wp\/v2\/categories?post=91780"},{"taxonomy":"post_tag","embeddable":true,"href":"https:\/\/vocesparalelas.com.ar\/sitio\/wp-json\/wp\/v2\/tags?post=91780"}],"curies":[{"name":"wp","href":"https:\/\/api.w.org\/{rel}","templated":true}]}}