{"id":91726,"date":"2025-09-24T23:42:12","date_gmt":"2025-09-25T02:42:12","guid":{"rendered":"https:\/\/vocesparalelas.com.ar\/sitio\/?p=91726"},"modified":"2025-09-25T23:37:57","modified_gmt":"2025-09-26T02:37:57","slug":"las-practicas-profesionalizantes-de-los-estudiantes-de-san-juan-fortalece-la-preparacion-laboral","status":"publish","type":"post","link":"https:\/\/vocesparalelas.com.ar\/sitio\/las-practicas-profesionalizantes-de-los-estudiantes-de-san-juan-fortalece-la-preparacion-laboral\/","title":{"rendered":"Las Pr\u00e1cticas Profesionalizantes de los Estudiantes de San Juan fortalece la preparaci\u00f3n laboral"},"content":{"rendered":"<p>El Programa de Pr\u00e1cticas Profesionalizantes del Ministerio de Educaci\u00f3n del Gobierno de San Juan es una pol\u00edtica destinada a la juventud, la cual genera experiencias reales que acercan la formaci\u00f3n acad\u00e9mica al \u00e1mbito laboral.<\/p>\n<p>Hasta Septiembre de 2025, 1.090 alumnos realizaron 1.412 pr\u00e1cticas en distintos espacios, distribuidos en 75 organismos p\u00fablicos y 113 entidades privadas. Lo mejor es que el n\u00famero seguir\u00e1 creciendo hacia el cierre del Ciclo Lectivo.<\/p>\n<p>Un paso clave en este proceso y que representa los avances de la actual gesti\u00f3n fue la aprobaci\u00f3n de la resoluci\u00f3n N\u00b0 12349 ME-2025, que establece el marco normativo de las pr\u00e1cticas e incorpora a las instituciones de Capacitaci\u00f3n Laboral, Centros de Formaci\u00f3n Profesional y Misiones Monot\u00e9cnicas, tanto de gesti\u00f3n estatal como privada. El nuevo instrumento define con claridad los roles y responsabilidades de cada actor, garantizando un marco s\u00f3lido y ordenado,<\/p>\n<p>Actualmente, el Ministerio de Educaci\u00f3n cuenta con 370 convenios firmados, que habilitan a m\u00e1s de 2.000 empresas y organismos a recibir estudiantes. En paralelo, el Consejo Provincial de Educaci\u00f3n T\u00e9cnica, Trabajo y Producci\u00f3n (COPETTYP) mantiene reuniones con c\u00e1maras empresariales y sectores productivos, sumando oportunidades para los j\u00f3venes.<\/p>\n<p>Desde la Coordinaci\u00f3n de Pr\u00e1cticas Profesionalizantes, dependiente de la Direcci\u00f3n de Educaci\u00f3n Secundaria T\u00e9cnica y Formaci\u00f3n Profesional del Ministerio de Educaci\u00f3n, se acompa\u00f1a a cada instituci\u00f3n en la gesti\u00f3n administrativa. Este tr\u00e1mite, que antes demoraba semanas, hoy puede resolverse en un d\u00eda, lo que agiliza el inicio de las experiencias de los estudiantes.<\/p>\n<p>El Programa de Pr\u00e1cticas Profesionalizantes crea puentes directos entre la formaci\u00f3n acad\u00e9mica de los j\u00f3venes y el mercado laboral. Estas pr\u00e1cticas, integradas en la curr\u00edcula escolar, son estrategias formativas dise\u00f1adas para que los estudiantes consoliden y ampl\u00eden los conocimientos de su perfil profesional. Este acercamiento temprano al entorno laboral no s\u00f3lo prepara a los j\u00f3venes para los desaf\u00edos del mercado, sino que tambi\u00e9n impulsa su crecimiento personal y profesional.<\/p>\n<p><img loading=\"lazy\" decoding=\"async\" class=\"alignnone size-full wp-image-28629\" src=\"https:\/\/vocesparalelas.com.ar\/sitio\/wp-content\/uploads\/2020\/05\/MINISTERIO-EDUCACION-SJ.jpg\" alt=\"\" width=\"800\" height=\"533\" srcset=\"https:\/\/vocesparalelas.com.ar\/sitio\/wp-content\/uploads\/2020\/05\/MINISTERIO-EDUCACION-SJ.jpg 800w, https:\/\/vocesparalelas.com.ar\/sitio\/wp-content\/uploads\/2020\/05\/MINISTERIO-EDUCACION-SJ-300x200.jpg 300w, https:\/\/vocesparalelas.com.ar\/sitio\/wp-content\/uploads\/2020\/05\/MINISTERIO-EDUCACION-SJ-768x512.jpg 768w\" sizes=\"auto, (max-width: 800px) 100vw, 800px\" \/><\/p>\n","protected":false},"excerpt":{"rendered":"<p>El Programa de Pr\u00e1cticas Profesionalizantes del Ministerio de Educaci\u00f3n del Gobierno de San Juan es una pol\u00edtica destinada a la<\/p>\n","protected":false},"author":3,"featured_media":37753,"comment_status":"closed","ping_status":"closed","sticky":false,"template":"","format":"standard","meta":{"_acf_changed":false,"_seopress_robots_primary_cat":"none","_seopress_titles_title":"","_seopress_titles_desc":"","_seopress_robots_index":"","colormag_page_container_layout":"default_layout","colormag_page_sidebar_layout":"default_layout","footnotes":""},"categories":[5],"tags":[],"class_list":["post-91726","post","type-post","status-publish","format-standard","has-post-thumbnail","hentry","category-ofrecimientos"],"acf":[],"_links":{"self":[{"href":"https:\/\/vocesparalelas.com.ar\/sitio\/wp-json\/wp\/v2\/posts\/91726","targetHints":{"allow":["GET"]}}],"collection":[{"href":"https:\/\/vocesparalelas.com.ar\/sitio\/wp-json\/wp\/v2\/posts"}],"about":[{"href":"https:\/\/vocesparalelas.com.ar\/sitio\/wp-json\/wp\/v2\/types\/post"}],"author":[{"embeddable":true,"href":"https:\/\/vocesparalelas.com.ar\/sitio\/wp-json\/wp\/v2\/users\/3"}],"replies":[{"embeddable":true,"href":"https:\/\/vocesparalelas.com.ar\/sitio\/wp-json\/wp\/v2\/comments?post=91726"}],"version-history":[{"count":3,"href":"https:\/\/vocesparalelas.com.ar\/sitio\/wp-json\/wp\/v2\/posts\/91726\/revisions"}],"predecessor-version":[{"id":91731,"href":"https:\/\/vocesparalelas.com.ar\/sitio\/wp-json\/wp\/v2\/posts\/91726\/revisions\/91731"}],"wp:featuredmedia":[{"embeddable":true,"href":"https:\/\/vocesparalelas.com.ar\/sitio\/wp-json\/wp\/v2\/media\/37753"}],"wp:attachment":[{"href":"https:\/\/vocesparalelas.com.ar\/sitio\/wp-json\/wp\/v2\/media?parent=91726"}],"wp:term":[{"taxonomy":"category","embeddable":true,"href":"https:\/\/vocesparalelas.com.ar\/sitio\/wp-json\/wp\/v2\/categories?post=91726"},{"taxonomy":"post_tag","embeddable":true,"href":"https:\/\/vocesparalelas.com.ar\/sitio\/wp-json\/wp\/v2\/tags?post=91726"}],"curies":[{"name":"wp","href":"https:\/\/api.w.org\/{rel}","templated":true}]}}