{"id":91717,"date":"2025-09-24T23:34:25","date_gmt":"2025-09-25T02:34:25","guid":{"rendered":"https:\/\/vocesparalelas.com.ar\/sitio\/?p=91717"},"modified":"2025-09-25T23:40:52","modified_gmt":"2025-09-26T02:40:52","slug":"hacia-el-1-mapa-provincial-de-fauna-atropellada-en-san-juan","status":"publish","type":"post","link":"https:\/\/vocesparalelas.com.ar\/sitio\/hacia-el-1-mapa-provincial-de-fauna-atropellada-en-san-juan\/","title":{"rendered":"Hacia el 1\u00b0 mapa provincial de fauna atropellada en San Juan"},"content":{"rendered":"<p>La Secretar\u00eda de Estado de Ambiente y Desarrollo Sustentable del Gobierno de San Juan comenz\u00f3 a elaborar el primer mapa provincial de fauna atropellada, en el marco de la campa\u00f1a \u201cBaj\u00e1 un Cambio\u201d, una iniciativa de ciencia ciudadana para proteger la fauna silvestre y mejorar la seguridad vial.<\/p>\n<p>Esta iniciativa busca abordar de manera integral la problem\u00e1tica de los atropellamientos de fauna silvestre, combinando el aporte de la ciudadan\u00eda con la planificaci\u00f3n y gesti\u00f3n estatal.<\/p>\n<p>El mapa permite identificar las zonas cr\u00edticas o \u201cpuntos calientes\u201d donde este tipo de incidentes se registran con mayor frecuencia.<\/p>\n<p>La informaci\u00f3n se recopila a trav\u00e9s de la aplicaci\u00f3n Epicollect5, una herramienta que posibilita el registro georreferenciado de cada atropellamiento, facilitando as\u00ed un an\u00e1lisis detallado del problema.<\/p>\n<p>Estos registros pueden ser realzados por cualquier persona que al momento de circular por rutas de la provincia y observar una situaci\u00f3n de atropellamiento.<\/p>\n<p>La metodolog\u00eda de trabajo para la elaboraci\u00f3n del mapa contempla varias etapas: la tarea comenz\u00f3 con la recopilaci\u00f3n manual de datos y luego avanz\u00f3 a un sistema digital que centraliza los registros y los hace accesibles en tiempo real. A los datos hist\u00f3ricos cargados por t\u00e9cnicos de la Secretar\u00eda se suman los aportes actuales de ciudadanos que reportan hallazgos en distintos puntos de la provincia, fortaleciendo el conocimiento sobre la distribuci\u00f3n de los atropellamientos y las especies m\u00e1s afectadas.<\/p>\n<p>Hasta el momento se han registrado 140 registros, la mitad de ellos fueron realizados por agentes de conservaci\u00f3n, mientras que el otro 50% se carg\u00f3 a trav\u00e9s de la aplicaci\u00f3n. Con esta informaci\u00f3n disponible el equipo t\u00e9cnico de la Direcci\u00f3n de Conservaci\u00f3n comenz\u00f3 a analizar los datos existentes a fin de planificar acciones de mitigaci\u00f3n ambiental en los tramos viales m\u00e1s cr\u00edticos, dise\u00f1ar medidas espec\u00edficas para proteger a las especies en riesgo y desarrollar campa\u00f1as de concientizaci\u00f3n dirigidas a conductores y visitantes.<\/p>\n<p>Entre los datos preliminares ya se puede visualizar como zona cr\u00edtica diferentes tramos de Ruta N\u00b0 40, como las zonas cercanas a J\u00e1chal y a Sarmiento, en Ruta N\u00b0 20 el mayor n\u00famero de registros se da en el ingreso a Caucete y en los accesos a Valle F\u00e9rtil. Entre las especies m\u00e1s afectadas, en principio, se podr\u00eda mencionar el zorro, algunas aves y serpientes.<\/p>\n<p><span style=\"color: #008000;\"><strong>\u00bfC\u00f3mo utilizar la App?<\/strong><\/span><\/p>\n<p><strong><span style=\"color: #008000;\">Paso 1: Descargar la aplicaci\u00f3n<\/span><\/strong><\/p>\n<ul>\n<li>Ingres\u00e1 a la tienda de aplicaciones correspondiente seg\u00fan tu dispositivo:<\/li>\n<li>Google Play (Android)<\/li>\n<li>App Store (iOS)<\/li>\n<li>Descarg\u00e1 e instal\u00e1 Epicollect5 en tu celular.<\/li>\n<\/ul>\n<p><strong><span style=\"color: #008000;\">Paso 2: A\u00f1adir Proyecto<\/span><\/strong><\/p>\n<ul>\n<li>Busc\u00e1 el nombre de la campa\u00f1a \u201cBaj\u00e1 un cambio San Juan\u201d<\/li>\n<\/ul>\n<p><strong><span style=\"color: #008000;\">Paso 3: Toc\u00e1 el bot\u00f3n \u201cA\u00f1adir entrada\u201d<\/span><\/strong><\/p>\n<ul>\n<li>Ingres\u00e1 al proyecto<\/li>\n<li>Toc\u00e1 el bot\u00f3n \u201cA\u00f1adir entrada\u201d<\/li>\n<li>Complet\u00e1 el formulario con la informaci\u00f3n del atropellamiento (pod\u00e9s agregar fotos y\/o videos)<\/li>\n<li>Guard\u00e1 y sincroniz\u00e1 los datos<\/li>\n<\/ul>\n<p><img loading=\"lazy\" decoding=\"async\" class=\"alignnone size-full wp-image-50936\" src=\"https:\/\/vocesparalelas.com.ar\/sitio\/wp-content\/uploads\/2022\/07\/AMBIENTE-CONSERVACION-01.jpg\" alt=\"\" width=\"800\" height=\"534\" srcset=\"https:\/\/vocesparalelas.com.ar\/sitio\/wp-content\/uploads\/2022\/07\/AMBIENTE-CONSERVACION-01.jpg 800w, https:\/\/vocesparalelas.com.ar\/sitio\/wp-content\/uploads\/2022\/07\/AMBIENTE-CONSERVACION-01-300x200.jpg 300w, https:\/\/vocesparalelas.com.ar\/sitio\/wp-content\/uploads\/2022\/07\/AMBIENTE-CONSERVACION-01-768x513.jpg 768w\" sizes=\"auto, (max-width: 800px) 100vw, 800px\" \/><\/p>\n<p>&nbsp;<\/p>\n","protected":false},"excerpt":{"rendered":"<p>La Secretar\u00eda de Estado de Ambiente y Desarrollo Sustentable del Gobierno de San Juan comenz\u00f3 a elaborar el primer mapa<\/p>\n","protected":false},"author":3,"featured_media":91720,"comment_status":"closed","ping_status":"closed","sticky":false,"template":"","format":"standard","meta":{"_acf_changed":false,"_seopress_robots_primary_cat":"none","_seopress_titles_title":"","_seopress_titles_desc":"","_seopress_robots_index":"","colormag_page_container_layout":"default_layout","colormag_page_sidebar_layout":"default_layout","footnotes":""},"categories":[2],"tags":[],"class_list":["post-91717","post","type-post","status-publish","format-standard","has-post-thumbnail","hentry","category-convocatorias"],"acf":[],"_links":{"self":[{"href":"https:\/\/vocesparalelas.com.ar\/sitio\/wp-json\/wp\/v2\/posts\/91717","targetHints":{"allow":["GET"]}}],"collection":[{"href":"https:\/\/vocesparalelas.com.ar\/sitio\/wp-json\/wp\/v2\/posts"}],"about":[{"href":"https:\/\/vocesparalelas.com.ar\/sitio\/wp-json\/wp\/v2\/types\/post"}],"author":[{"embeddable":true,"href":"https:\/\/vocesparalelas.com.ar\/sitio\/wp-json\/wp\/v2\/users\/3"}],"replies":[{"embeddable":true,"href":"https:\/\/vocesparalelas.com.ar\/sitio\/wp-json\/wp\/v2\/comments?post=91717"}],"version-history":[{"count":1,"href":"https:\/\/vocesparalelas.com.ar\/sitio\/wp-json\/wp\/v2\/posts\/91717\/revisions"}],"predecessor-version":[{"id":91721,"href":"https:\/\/vocesparalelas.com.ar\/sitio\/wp-json\/wp\/v2\/posts\/91717\/revisions\/91721"}],"wp:featuredmedia":[{"embeddable":true,"href":"https:\/\/vocesparalelas.com.ar\/sitio\/wp-json\/wp\/v2\/media\/91720"}],"wp:attachment":[{"href":"https:\/\/vocesparalelas.com.ar\/sitio\/wp-json\/wp\/v2\/media?parent=91717"}],"wp:term":[{"taxonomy":"category","embeddable":true,"href":"https:\/\/vocesparalelas.com.ar\/sitio\/wp-json\/wp\/v2\/categories?post=91717"},{"taxonomy":"post_tag","embeddable":true,"href":"https:\/\/vocesparalelas.com.ar\/sitio\/wp-json\/wp\/v2\/tags?post=91717"}],"curies":[{"name":"wp","href":"https:\/\/api.w.org\/{rel}","templated":true}]}}