{"id":91705,"date":"2025-09-24T20:24:57","date_gmt":"2025-09-24T23:24:57","guid":{"rendered":"https:\/\/vocesparalelas.com.ar\/sitio\/?p=91705"},"modified":"2025-09-25T15:42:04","modified_gmt":"2025-09-25T18:42:04","slug":"seminario-intensivo-la-verdad-escenica-en-san-juan","status":"publish","type":"post","link":"https:\/\/vocesparalelas.com.ar\/sitio\/seminario-intensivo-la-verdad-escenica-en-san-juan\/","title":{"rendered":"Seminario intensivo \u201cLa verdad esc\u00e9nica\u201d en San Juan"},"content":{"rendered":"<div class=\"itemImageBlock\">\n<div class=\"clr\">En el marco del Programa de Formaci\u00f3n en Danza, el Ministerio de Turismo, Cultura y Deporte del Gobierno de San Juan, a trav\u00e9s del Teatro del Bicentenario, abre una nueva convocatoria de formaci\u00f3n dirigida a int\u00e9rpretes esc\u00e9nicos con s\u00f3lida base en danza cl\u00e1sica y contempor\u00e1nea. \u201cLa verdad esc\u00e9nica\u201d, estar\u00e1 a cargo del performer, dramaturgo e investigador sanjuanino Juan Francisco L\u00f3pez Bubica.<\/div>\n<\/div>\n<div class=\"itemFullText\">\n<p>La convocatoria est\u00e1 dirigida a bailarines de nivel avanzado en danza cl\u00e1sica y contempor\u00e1nea con conocimientos teatrales, as\u00ed como a maestros que deseen observar el proceso formativo.<\/p>\n<p><span style=\"color: #800000;\"><strong>Inscripci\u00f3n<\/strong><\/span><\/p>\n<p><a href=\"https:\/\/docs.google.com\/forms\/d\/e\/1FAIpQLSfJzm1-fXaa9tBeQOK7C_MC80ppJAfi2ceakR8fol8rGixcXg\/viewform\">https:\/\/docs.google.com\/forms\/d\/e\/1FAIpQLSfJzm1-fXaa9tBeQOK7C_MC80ppJAfi2ceakR8fol8rGixcXg\/viewform<\/a><\/p>\n<p>Cupos limitados<\/p>\n<p>Las inscripciones est\u00e1n abiertas hasta el 25 de Septiembre, a las 12 hs. Los cupos para esta actividad son de 7 bailarines activos, que se suman a los participantes del Programa de Formaci\u00f3n durante el per\u00edodo del seminario y 10 maestros\/bailarines como oyentes. La selecci\u00f3n ser\u00e1 por orden de inscripci\u00f3n.<\/p>\n<p>Del 13 al 22 de Octubre de 2025, los participantes del Programa de Formaci\u00f3n de Danza, junto a los postulantes seleccionados inscriptos espec\u00edficamente para el seminario, ser\u00e1n parte de diez jornadas presenciales que combinar\u00e1n entrenamiento f\u00edsico, pr\u00e1cticas teatrales y procesos de creaci\u00f3n esc\u00e9nica. Con una carga total de 50 horas, los asistentes abordar\u00e1n herramientas teatrales para fortalecer su presencia en escena, expandir el universo creativo y explorar nuevas formas de fiscalidad, fuerza, resistencia, improvisaciones, trabajos con texto, entre otros juegos esc\u00e9nicos. El seminario culminar\u00e1 con una muestra abierta al p\u00fablico, el 22 de octubre en el hall del teatro.<\/p>\n<p><span style=\"color: #800000;\"><strong>Para consultas<\/strong><\/span><\/p>\n<p><span id=\"cloak4e6808246029312db4ff2b6d778672ec\"><a href=\"mailto:audiciones.teatrobicentenario@gmail.com\">audiciones.teatrobicentenario@gmail.com<\/a><\/span><\/p>\n<p>\u201cLa ficci\u00f3n es una herramienta que nos permite acceder a la verdad m\u00e1s pura y cruda. Este programa est\u00e1 pensado para que cada participante descubra sus propias singularidades y las potencie en escena\u201d, destac\u00f3 L\u00f3pez Bubica.<\/p>\n<p><span style=\"color: #800000;\"><strong>Sobre Juan Francisco L\u00f3pez Bubica<\/strong><\/span><\/p>\n<p>Juan Francisco L\u00f3pez Bubica (1982) es performer, dramaturgo, director y gestor cultural nacido en San Juan. Fundador de Lanotannegra Teatro, cuenta con una amplia formaci\u00f3n en actuaci\u00f3n, danza y dramaturgia junto a reconocidos maestros. Ha dirigido obras como Pelvis, Periferia e Y que todo arda (producci\u00f3n del Teatro Nacional Cervantes), y participado en m\u00e1s de veinte montajes teatrales. Actualmente cursa la Maestr\u00eda en Dramaturgia en la UNA y contin\u00faa desarrollando proyectos auto ficcionales en giras nacionales e internacionales.<\/p>\n<\/div>\n<p><img loading=\"lazy\" decoding=\"async\" class=\"alignnone size-large wp-image-21666\" src=\"https:\/\/vocesparalelas.com.ar\/sitio\/wp-content\/uploads\/2019\/06\/TEATRO-BICENTENARIO-10-800x600.jpg\" alt=\"\" width=\"800\" height=\"600\" srcset=\"https:\/\/vocesparalelas.com.ar\/sitio\/wp-content\/uploads\/2019\/06\/TEATRO-BICENTENARIO-10-800x600.jpg 800w, https:\/\/vocesparalelas.com.ar\/sitio\/wp-content\/uploads\/2019\/06\/TEATRO-BICENTENARIO-10-300x225.jpg 300w, https:\/\/vocesparalelas.com.ar\/sitio\/wp-content\/uploads\/2019\/06\/TEATRO-BICENTENARIO-10-768x576.jpg 768w, https:\/\/vocesparalelas.com.ar\/sitio\/wp-content\/uploads\/2019\/06\/TEATRO-BICENTENARIO-10.jpg 1000w\" sizes=\"auto, (max-width: 800px) 100vw, 800px\" \/><\/p>\n","protected":false},"excerpt":{"rendered":"<p>En el marco del Programa de Formaci\u00f3n en Danza, el Ministerio de Turismo, Cultura y Deporte del Gobierno de San<\/p>\n","protected":false},"author":3,"featured_media":91708,"comment_status":"closed","ping_status":"closed","sticky":false,"template":"","format":"standard","meta":{"_acf_changed":false,"_seopress_robots_primary_cat":"none","_seopress_titles_title":"","_seopress_titles_desc":"","_seopress_robots_index":"","colormag_page_container_layout":"default_layout","colormag_page_sidebar_layout":"default_layout","footnotes":""},"categories":[9],"tags":[],"class_list":["post-91705","post","type-post","status-publish","format-standard","has-post-thumbnail","hentry","category-cursos"],"acf":[],"_links":{"self":[{"href":"https:\/\/vocesparalelas.com.ar\/sitio\/wp-json\/wp\/v2\/posts\/91705","targetHints":{"allow":["GET"]}}],"collection":[{"href":"https:\/\/vocesparalelas.com.ar\/sitio\/wp-json\/wp\/v2\/posts"}],"about":[{"href":"https:\/\/vocesparalelas.com.ar\/sitio\/wp-json\/wp\/v2\/types\/post"}],"author":[{"embeddable":true,"href":"https:\/\/vocesparalelas.com.ar\/sitio\/wp-json\/wp\/v2\/users\/3"}],"replies":[{"embeddable":true,"href":"https:\/\/vocesparalelas.com.ar\/sitio\/wp-json\/wp\/v2\/comments?post=91705"}],"version-history":[{"count":1,"href":"https:\/\/vocesparalelas.com.ar\/sitio\/wp-json\/wp\/v2\/posts\/91705\/revisions"}],"predecessor-version":[{"id":91709,"href":"https:\/\/vocesparalelas.com.ar\/sitio\/wp-json\/wp\/v2\/posts\/91705\/revisions\/91709"}],"wp:featuredmedia":[{"embeddable":true,"href":"https:\/\/vocesparalelas.com.ar\/sitio\/wp-json\/wp\/v2\/media\/91708"}],"wp:attachment":[{"href":"https:\/\/vocesparalelas.com.ar\/sitio\/wp-json\/wp\/v2\/media?parent=91705"}],"wp:term":[{"taxonomy":"category","embeddable":true,"href":"https:\/\/vocesparalelas.com.ar\/sitio\/wp-json\/wp\/v2\/categories?post=91705"},{"taxonomy":"post_tag","embeddable":true,"href":"https:\/\/vocesparalelas.com.ar\/sitio\/wp-json\/wp\/v2\/tags?post=91705"}],"curies":[{"name":"wp","href":"https:\/\/api.w.org\/{rel}","templated":true}]}}