{"id":91701,"date":"2025-09-24T20:16:52","date_gmt":"2025-09-24T23:16:52","guid":{"rendered":"https:\/\/vocesparalelas.com.ar\/sitio\/?p=91701"},"modified":"2025-09-25T10:30:40","modified_gmt":"2025-09-25T13:30:40","slug":"feria-vivos-y-finos-en-el-chalet-cantoni-de-san-juan","status":"publish","type":"post","link":"https:\/\/vocesparalelas.com.ar\/sitio\/feria-vivos-y-finos-en-el-chalet-cantoni-de-san-juan\/","title":{"rendered":"Feria \u201cVivos y finos\u201d en el Chalet Cantoni de San Juan"},"content":{"rendered":"<p>El Chalet Cantoni presenta \u201cVivos y finos\u201d, una feria que propone un espacio de encuentro para compartir y disfrutar de uno de los grandes orgullos sanjuaninos: el vino. El evento se desarrollar\u00e1 este viernes, desde las 18 hs.<\/p>\n<p>Organizada por Florencia Poblete y Mateo Acosta, se ofrecer\u00e1 al p\u00fablico una experiencia completa que combinar\u00e1 degustaciones de vinos, intervenciones art\u00edsticas, un DJ set y la presentaci\u00f3n de la banda de Gypsy Jazz \u201cLos Santos Ritos\u201d. Adem\u00e1s, se podr\u00e1 disfrutar de un patio gastron\u00f3mico especialmente preparado para la ocasi\u00f3n.<\/p>\n<p>El evento es arancelado y las entradas ya pueden adquirirse a trav\u00e9s del siguiente enlace<\/p>\n<p><a href=\"https:\/\/entradalibre.com.ar\/index.html\">entradalibre.com.ar<\/a><\/p>\n<p>&nbsp;<\/p>\n<figure id=\"attachment_74110\" aria-describedby=\"caption-attachment-74110\" style=\"width: 800px\" class=\"wp-caption alignnone\"><img loading=\"lazy\" decoding=\"async\" class=\"size-full wp-image-74110\" src=\"https:\/\/vocesparalelas.com.ar\/sitio\/wp-content\/uploads\/2024\/06\/CHALET-CANTONI-01.jpg\" alt=\"\" width=\"800\" height=\"450\" srcset=\"https:\/\/vocesparalelas.com.ar\/sitio\/wp-content\/uploads\/2024\/06\/CHALET-CANTONI-01.jpg 800w, https:\/\/vocesparalelas.com.ar\/sitio\/wp-content\/uploads\/2024\/06\/CHALET-CANTONI-01-300x169.jpg 300w, https:\/\/vocesparalelas.com.ar\/sitio\/wp-content\/uploads\/2024\/06\/CHALET-CANTONI-01-768x432.jpg 768w\" sizes=\"auto, (max-width: 800px) 100vw, 800px\" \/><figcaption id=\"caption-attachment-74110\" class=\"wp-caption-text\">Chalet Cantoni, Departamento Rivadavia, Provincia San Juan, Rep\u00fablica Argentita<\/figcaption><\/figure>\n","protected":false},"excerpt":{"rendered":"<p>El Chalet Cantoni presenta \u201cVivos y finos\u201d, una feria que propone un espacio de encuentro para compartir y disfrutar de<\/p>\n","protected":false},"author":3,"featured_media":46297,"comment_status":"closed","ping_status":"closed","sticky":false,"template":"","format":"standard","meta":{"_acf_changed":false,"_seopress_robots_primary_cat":"none","_seopress_titles_title":"","_seopress_titles_desc":"","_seopress_robots_index":"","colormag_page_container_layout":"default_layout","colormag_page_sidebar_layout":"default_layout","footnotes":""},"categories":[20],"tags":[],"class_list":["post-91701","post","type-post","status-publish","format-standard","has-post-thumbnail","hentry","category-cartelera"],"acf":[],"_links":{"self":[{"href":"https:\/\/vocesparalelas.com.ar\/sitio\/wp-json\/wp\/v2\/posts\/91701","targetHints":{"allow":["GET"]}}],"collection":[{"href":"https:\/\/vocesparalelas.com.ar\/sitio\/wp-json\/wp\/v2\/posts"}],"about":[{"href":"https:\/\/vocesparalelas.com.ar\/sitio\/wp-json\/wp\/v2\/types\/post"}],"author":[{"embeddable":true,"href":"https:\/\/vocesparalelas.com.ar\/sitio\/wp-json\/wp\/v2\/users\/3"}],"replies":[{"embeddable":true,"href":"https:\/\/vocesparalelas.com.ar\/sitio\/wp-json\/wp\/v2\/comments?post=91701"}],"version-history":[{"count":1,"href":"https:\/\/vocesparalelas.com.ar\/sitio\/wp-json\/wp\/v2\/posts\/91701\/revisions"}],"predecessor-version":[{"id":91704,"href":"https:\/\/vocesparalelas.com.ar\/sitio\/wp-json\/wp\/v2\/posts\/91701\/revisions\/91704"}],"wp:featuredmedia":[{"embeddable":true,"href":"https:\/\/vocesparalelas.com.ar\/sitio\/wp-json\/wp\/v2\/media\/46297"}],"wp:attachment":[{"href":"https:\/\/vocesparalelas.com.ar\/sitio\/wp-json\/wp\/v2\/media?parent=91701"}],"wp:term":[{"taxonomy":"category","embeddable":true,"href":"https:\/\/vocesparalelas.com.ar\/sitio\/wp-json\/wp\/v2\/categories?post=91701"},{"taxonomy":"post_tag","embeddable":true,"href":"https:\/\/vocesparalelas.com.ar\/sitio\/wp-json\/wp\/v2\/tags?post=91701"}],"curies":[{"name":"wp","href":"https:\/\/api.w.org\/{rel}","templated":true}]}}