{"id":91695,"date":"2025-09-24T20:11:46","date_gmt":"2025-09-24T23:11:46","guid":{"rendered":"https:\/\/vocesparalelas.com.ar\/sitio\/?p=91695"},"modified":"2025-09-25T23:41:25","modified_gmt":"2025-09-26T02:41:25","slug":"nutripack-nutriendo-tu-desarrollo-fortalece-el-programa-mis-segundos-mil-dias-de-san-juan","status":"publish","type":"post","link":"https:\/\/vocesparalelas.com.ar\/sitio\/nutripack-nutriendo-tu-desarrollo-fortalece-el-programa-mis-segundos-mil-dias-de-san-juan\/","title":{"rendered":"NutriPack \u201cNutriendo tu Desarrollo\u201d fortalece el programa Mis Segundos Mil D\u00edas de San Juan"},"content":{"rendered":"<p>El Mi\u00e9rcoles, 24 de Septiembre de 2025, en el Auditorio Eloy Camus del Centro C\u00edvico, las autoridades ministeriales presentaron a los equipos de salud y a la comunidad la nueva estrategia de alimentaci\u00f3n para ni\u00f1os y ni\u00f1as de 2 a 4 a\u00f1os, inclusive.<\/p>\n<p>El lanzamiento oficial del Nutripack \u201cNutriendo tu Desarrollo\u201d, a cargo de la Direcci\u00f3n de Materno infancia es un verdadero cambio de modelo en materia nutricional, que est\u00e1 dirigido a una poblaci\u00f3n infantil entre 8.000 a 12.000 ni\u00f1os y ni\u00f1as sin cobertura expl\u00edcita de salud, contemplando adem\u00e1s casos de especial vulnerabilidad socioecon\u00f3mica.<\/p>\n<p>En lanzamiento estuvo presente el ministro de Salud, Dr. Am\u00edlcar Dobladez; secretario T\u00e9cnico, Dr. Alejandro Navarta; secretario Administrativo, Gabriel Porra; secretario de Planeamiento y Control de Gesti\u00f3n, Dr. Gast\u00f3n Jofr\u00e9; secretario de Medicina Preventiva, Dr. Pablo Arroyo; directora de Materno Infancia, Dra. Lenka Dumandzic; jefes de Zona Sanitaria; directores de Hospitales y personal del Ministerio de salud del Gobierno de San Juan.<\/p>\n<p>El Nutripack \u201cNutriendo tu Desarrollo\u201d, representa un cambio fundamental en la pol\u00edtica alimentaria, es un complemento nutricional elaborado a partir de alimentos reales, saludables y nutritivos, sin ultraprocesados ni exceso de az\u00facares.<\/p>\n<p>El Nutripack cuenta con los avales cient\u00edficos de la Sociedad Argentina de Pediatr\u00eda, la Sociedad de Pediatr\u00eda de San Juan y la Asociaci\u00f3n Sanjuanina de Nutrici\u00f3n.<\/p>\n<p>Otro de los cambios significativos es la optimizaci\u00f3n del gasto: se redujo un 62% respecto del modelo anterior. Actualmente, el Nutripack tiene un costo de $17.250 mensual, frente a los $45.500 mensuales que demandaba el malet\u00edn anterior.<\/p>\n<p>Para poder acceder al Nutripack, las familias deben realizar el control integral de salud en los centros de salud m\u00e1s cercanos a sus domicilios. De esta manera se promueve una alimentaci\u00f3n saludable mediante la entrega de alimentos que favorecen la elaboraci\u00f3n de preparaciones caseras. Asimismo, se apunta a garantizar un adecuado estado nutricional y a sostener un enfoque integral y preventivo.<\/p>\n<p><iframe loading=\"lazy\" title=\"SAN JUAN NUTRIPACK\" width=\"800\" height=\"450\" src=\"https:\/\/www.youtube.com\/embed\/P-Q7fTGdgqY?feature=oembed\" frameborder=\"0\" allow=\"accelerometer; autoplay; clipboard-write; encrypted-media; gyroscope; picture-in-picture; web-share\" referrerpolicy=\"strict-origin-when-cross-origin\" allowfullscreen><\/iframe><\/p>\n<p><strong><span style=\"color: #ff0000;\">Previo al lanzamiento oficial se realizaron dos acciones centrales<\/span><\/strong><\/p>\n<ul>\n<li>Una prueba piloto con 16 familias en 8 centros de salud durante 4 meses. El 93,3% de las familias elabor\u00f3 diferentes preparaciones y el 73% manifest\u00f3 una alta aceptabilidad, confirmando la seguridad y pertinencia de este cambio en las pol\u00edticas alimentarias.<\/li>\n<li>Desde julio se distribuyeron los Nutripack en todos los centros de salud y hospitales de la provincia, con la primera entrega realizada en agosto y la segunda prevista para octubre, dado que la entrega es bimestral.<\/li>\n<\/ul>\n<p>Con el Nutripack Nutriendo tu desarrollo se busca generar un impacto positivo para la calidad de vida de las infancias y sus familias, siendo un trabajo conjunto con los diferentes equipos de salud.<\/p>\n<p><img loading=\"lazy\" decoding=\"async\" class=\"alignnone size-full wp-image-91699\" src=\"https:\/\/vocesparalelas.com.ar\/sitio\/wp-content\/uploads\/2025\/09\/MIL-DIAS-NUTRIPACK-01.jpg\" alt=\"\" width=\"800\" height=\"484\" srcset=\"https:\/\/vocesparalelas.com.ar\/sitio\/wp-content\/uploads\/2025\/09\/MIL-DIAS-NUTRIPACK-01.jpg 800w, https:\/\/vocesparalelas.com.ar\/sitio\/wp-content\/uploads\/2025\/09\/MIL-DIAS-NUTRIPACK-01-300x182.jpg 300w, https:\/\/vocesparalelas.com.ar\/sitio\/wp-content\/uploads\/2025\/09\/MIL-DIAS-NUTRIPACK-01-768x465.jpg 768w\" sizes=\"auto, (max-width: 800px) 100vw, 800px\" \/><\/p>\n<p>&nbsp;<\/p>\n","protected":false},"excerpt":{"rendered":"<p>El Mi\u00e9rcoles, 24 de Septiembre de 2025, en el Auditorio Eloy Camus del Centro C\u00edvico, las autoridades ministeriales presentaron a<\/p>\n","protected":false},"author":3,"featured_media":91698,"comment_status":"closed","ping_status":"closed","sticky":false,"template":"","format":"standard","meta":{"_acf_changed":false,"_seopress_robots_primary_cat":"none","_seopress_titles_title":"","_seopress_titles_desc":"","_seopress_robots_index":"","colormag_page_container_layout":"default_layout","colormag_page_sidebar_layout":"default_layout","footnotes":""},"categories":[2,7],"tags":[],"class_list":["post-91695","post","type-post","status-publish","format-standard","has-post-thumbnail","hentry","category-convocatorias","category-videos"],"acf":[],"_links":{"self":[{"href":"https:\/\/vocesparalelas.com.ar\/sitio\/wp-json\/wp\/v2\/posts\/91695","targetHints":{"allow":["GET"]}}],"collection":[{"href":"https:\/\/vocesparalelas.com.ar\/sitio\/wp-json\/wp\/v2\/posts"}],"about":[{"href":"https:\/\/vocesparalelas.com.ar\/sitio\/wp-json\/wp\/v2\/types\/post"}],"author":[{"embeddable":true,"href":"https:\/\/vocesparalelas.com.ar\/sitio\/wp-json\/wp\/v2\/users\/3"}],"replies":[{"embeddable":true,"href":"https:\/\/vocesparalelas.com.ar\/sitio\/wp-json\/wp\/v2\/comments?post=91695"}],"version-history":[{"count":2,"href":"https:\/\/vocesparalelas.com.ar\/sitio\/wp-json\/wp\/v2\/posts\/91695\/revisions"}],"predecessor-version":[{"id":91725,"href":"https:\/\/vocesparalelas.com.ar\/sitio\/wp-json\/wp\/v2\/posts\/91695\/revisions\/91725"}],"wp:featuredmedia":[{"embeddable":true,"href":"https:\/\/vocesparalelas.com.ar\/sitio\/wp-json\/wp\/v2\/media\/91698"}],"wp:attachment":[{"href":"https:\/\/vocesparalelas.com.ar\/sitio\/wp-json\/wp\/v2\/media?parent=91695"}],"wp:term":[{"taxonomy":"category","embeddable":true,"href":"https:\/\/vocesparalelas.com.ar\/sitio\/wp-json\/wp\/v2\/categories?post=91695"},{"taxonomy":"post_tag","embeddable":true,"href":"https:\/\/vocesparalelas.com.ar\/sitio\/wp-json\/wp\/v2\/tags?post=91695"}],"curies":[{"name":"wp","href":"https:\/\/api.w.org\/{rel}","templated":true}]}}