{"id":91688,"date":"2025-09-24T13:15:39","date_gmt":"2025-09-24T16:15:39","guid":{"rendered":"https:\/\/vocesparalelas.com.ar\/sitio\/?p=91688"},"modified":"2025-09-24T13:29:41","modified_gmt":"2025-09-24T16:29:41","slug":"apertura-de-las-compuertas-del-dique-san-emiliano-en-san-juan","status":"publish","type":"post","link":"https:\/\/vocesparalelas.com.ar\/sitio\/apertura-de-las-compuertas-del-dique-san-emiliano-en-san-juan\/","title":{"rendered":"Apertura de las compuertas del Dique San Emiliano en San Juan"},"content":{"rendered":"<p>El gobernador de San Juan, Dr. Marcelo Orrego protagoniz\u00f3 el acto de apertura de las renovadas compuertas del Dique Partidor San Emiliano, Departamento Rivadavia.<\/p>\n<p>Este hecho marc\u00f3 la culminaci\u00f3n de una obra clave desarrollada por el Departamento de Hidr\u00e1ulica del Ministerio de Infraestructura, Agua y Energ\u00eda del Gobierno de San Juan, desde hac\u00eda m\u00e1s de dos d\u00e9cadas, para garantizar una distribuci\u00f3n m\u00e1s eficiente y segura del agua para la producci\u00f3n sanjuanina.<\/p>\n<p>Acompa\u00f1aron el ministro de Infraestructura, Agua y Energ\u00eda, Arq. Fernando Perea; el ministro de Producci\u00f3n, Trabajo e Innovaci\u00f3n, CPN Gustavo Fern\u00e1ndez y el intendente de la Municipalidad de Rivadavia, Sergio Miodowsky y dem\u00e1s funcionarios.<\/p>\n<p>Es as\u00ed que l Gobernador Dr. Marcelo Orrego remarc\u00f3 que \u00abeste repartidor es el coraz\u00f3n del valle productivo que tiene San Juan, y desde ac\u00e1 se distribuye agua para todo el sistema de producci\u00f3n de nuestra provincia. Haber hecho estos trabajos, que no se hac\u00edan hace muchos a\u00f1os, ratifica claramente nuestro objetivo de cuidar el recurso m\u00e1s preciado que tenemos\u201d.<\/p>\n<p><strong><span style=\"color: #000080;\">Renovaci\u00f3n integral<\/span><\/strong><\/p>\n<p>El Dique Partidor San Emiliano es una infraestructura fundacional y estrat\u00e9gica, considerada el coraz\u00f3n del sistema de riego del valle productivo m\u00e1s grande de San Juan. Su funci\u00f3n principal es recibir el agua del Dique Ignacio de la Roza a trav\u00e9s del Canal Matriz y distribuirla de manera equitativa y eficiente hacia los tres canales troncales: el Canal del Norte, el Canal Ciudad y el Canal C\u00e9spedes. Estos canales riegan vastas zonas productivas en departamentos como Albard\u00f3n, Caucete, Pocito, Sarmiento y Capital, entre otros. Por esta raz\u00f3n, su reacondicionamiento era indispensable para preservar la calidad del servicio, minimizar p\u00e9rdidas de agua y evitar posibles fallas estructurales.<\/p>\n<p>Los trabajos, que comenzaron en julio con el vaciado del partidor, se centraron en dejar en \u00f3ptimas condiciones de funcionamiento las 9 compuertas que distribuyen el caudal a los canales principales.<\/p>\n<p>Las tareas incluyeron una reparaci\u00f3n integral de las compuertas, que fueron extra\u00eddas para su limpieza, reparaci\u00f3n y protecci\u00f3n con pintura epoxi, adem\u00e1s de la instalaci\u00f3n de nuevas gu\u00edas y burletes especiales para asegurar su estanqueidad.<\/p>\n<p>La renovaci\u00f3n abarc\u00f3 m\u00faltiples \u00e1reas. Se implement\u00f3 una nueva motorizaci\u00f3n con motores trif\u00e1sicos de 5.5HP y se actualiz\u00f3 por completo el sistema el\u00e9ctrico, reinstalando tableros y cableado. Se instal\u00f3 nueva iluminaci\u00f3n LED en toda la estructura, incluyendo la pasarela de servicio y el predio general, y se puso en funcionamiento el grupo electr\u00f3geno de emergencia. De manera innovadora se instalaron kits de paneles solares de 1000W para adoptar fuentes de energ\u00eda amigables con el ambiente.<\/p>\n<p><img loading=\"lazy\" decoding=\"async\" class=\"alignnone size-full wp-image-89046\" src=\"https:\/\/vocesparalelas.com.ar\/sitio\/wp-content\/uploads\/2025\/07\/DIQUE-SAN-EMILIANO-01.jpg\" alt=\"\" width=\"800\" height=\"450\" srcset=\"https:\/\/vocesparalelas.com.ar\/sitio\/wp-content\/uploads\/2025\/07\/DIQUE-SAN-EMILIANO-01.jpg 800w, https:\/\/vocesparalelas.com.ar\/sitio\/wp-content\/uploads\/2025\/07\/DIQUE-SAN-EMILIANO-01-300x169.jpg 300w, https:\/\/vocesparalelas.com.ar\/sitio\/wp-content\/uploads\/2025\/07\/DIQUE-SAN-EMILIANO-01-768x432.jpg 768w\" sizes=\"auto, (max-width: 800px) 100vw, 800px\" \/><\/p>\n<p>M\u00e1s all\u00e1 de las compuertas, la parte estructural del dique recibi\u00f3 un mantenimiento que no se realizaba desde hace m\u00e1s de 70 a\u00f1os. Estas tareas incluyeron la restauraci\u00f3n y sellado de juntas en las estructuras de hormig\u00f3n, el arenado completo de la estructura y la impermeabilizaci\u00f3n de sus superficies.<\/p>\n<p>La seguridad y las condiciones laborales del personal tambi\u00e9n fueron una prioridad. Se adecu\u00f3 el espacio seg\u00fan normas de higiene y seguridad, con nueva se\u00f1alizaci\u00f3n, barandas, l\u00edneas de vida y rejas de seguridad para prevenir vandalismo. Adem\u00e1s, se reacondicion\u00f3 completamente la oficina de los guardadiques, dot\u00e1ndola de nuevo mobiliario, equipamiento como computadora y electrodom\u00e9sticos, y c\u00e1maras de seguridad para mejorar las condiciones de trabajo y resguardo.<\/p>\n<p><iframe loading=\"lazy\" title=\"Orrego encabez\u00f3 la apertura de las renovadas compuertas del Dique San Emiliano\" width=\"800\" height=\"450\" src=\"https:\/\/www.youtube.com\/embed\/3d6tf1x8AsY?feature=oembed\" frameborder=\"0\" allow=\"accelerometer; autoplay; clipboard-write; encrypted-media; gyroscope; picture-in-picture; web-share\" referrerpolicy=\"strict-origin-when-cross-origin\" allowfullscreen><\/iframe><\/p>\n","protected":false},"excerpt":{"rendered":"<p>El gobernador de San Juan, Dr. Marcelo Orrego protagoniz\u00f3 el acto de apertura de las renovadas compuertas del Dique Partidor<\/p>\n","protected":false},"author":3,"featured_media":91691,"comment_status":"closed","ping_status":"closed","sticky":false,"template":"","format":"standard","meta":{"_acf_changed":false,"_seopress_robots_primary_cat":"none","_seopress_titles_title":"","_seopress_titles_desc":"","_seopress_robots_index":"","colormag_page_container_layout":"default_layout","colormag_page_sidebar_layout":"default_layout","footnotes":""},"categories":[1,7],"tags":[],"class_list":["post-91688","post","type-post","status-publish","format-standard","has-post-thumbnail","hentry","category-destacadas","category-videos"],"acf":[],"_links":{"self":[{"href":"https:\/\/vocesparalelas.com.ar\/sitio\/wp-json\/wp\/v2\/posts\/91688","targetHints":{"allow":["GET"]}}],"collection":[{"href":"https:\/\/vocesparalelas.com.ar\/sitio\/wp-json\/wp\/v2\/posts"}],"about":[{"href":"https:\/\/vocesparalelas.com.ar\/sitio\/wp-json\/wp\/v2\/types\/post"}],"author":[{"embeddable":true,"href":"https:\/\/vocesparalelas.com.ar\/sitio\/wp-json\/wp\/v2\/users\/3"}],"replies":[{"embeddable":true,"href":"https:\/\/vocesparalelas.com.ar\/sitio\/wp-json\/wp\/v2\/comments?post=91688"}],"version-history":[{"count":1,"href":"https:\/\/vocesparalelas.com.ar\/sitio\/wp-json\/wp\/v2\/posts\/91688\/revisions"}],"predecessor-version":[{"id":91692,"href":"https:\/\/vocesparalelas.com.ar\/sitio\/wp-json\/wp\/v2\/posts\/91688\/revisions\/91692"}],"wp:featuredmedia":[{"embeddable":true,"href":"https:\/\/vocesparalelas.com.ar\/sitio\/wp-json\/wp\/v2\/media\/91691"}],"wp:attachment":[{"href":"https:\/\/vocesparalelas.com.ar\/sitio\/wp-json\/wp\/v2\/media?parent=91688"}],"wp:term":[{"taxonomy":"category","embeddable":true,"href":"https:\/\/vocesparalelas.com.ar\/sitio\/wp-json\/wp\/v2\/categories?post=91688"},{"taxonomy":"post_tag","embeddable":true,"href":"https:\/\/vocesparalelas.com.ar\/sitio\/wp-json\/wp\/v2\/tags?post=91688"}],"curies":[{"name":"wp","href":"https:\/\/api.w.org\/{rel}","templated":true}]}}