{"id":91682,"date":"2025-09-23T23:57:06","date_gmt":"2025-09-24T02:57:06","guid":{"rendered":"https:\/\/vocesparalelas.com.ar\/sitio\/?p=91682"},"modified":"2025-09-23T23:57:48","modified_gmt":"2025-09-24T02:57:48","slug":"se-inauguro-el-cdi-y-se-desarrollo-el-operativo-san-juan-cerca-en-el-departamento-calingasta","status":"publish","type":"post","link":"https:\/\/vocesparalelas.com.ar\/sitio\/se-inauguro-el-cdi-y-se-desarrollo-el-operativo-san-juan-cerca-en-el-departamento-calingasta\/","title":{"rendered":"Se inaugur\u00f3 el CDI y se desarroll\u00f3 el operativo San Juan Cerca en el Departamento Calingasta"},"content":{"rendered":"<p>El gobernador de San Juan, Dr. Marcelo Orrego presidi\u00f3 importantes beneficios para los los vecinos del Departamento Calingasta:<\/p>\n<ul>\n<li>Operativo Integral San Juan Cerca, en la Escuela T\u00e9cnica General Manuel Savio<\/li>\n<li>Inauguraci\u00f3n de un Centro de Desarrollo Infantil &#8211; CDI &#8211; Localidad Tamber\u00edas.<\/li>\n<\/ul>\n<p>El Operativo Integral San Juan Cerca se desarroll\u00f3 en la Escuela T\u00e9cnica General Manuel Savio, de 9 a 15 horas, donde los vecinos pudieron realizar tr\u00e1mites y consultas sin necesidad de trasladarse hasta el Centro C\u00edvico.<\/p>\n<p>Participaron dependencias de los ministerios de Familia y Desarrollo Humano; Salud; Gobierno; Producci\u00f3n, Trabajo e Innovaci\u00f3n; Econom\u00eda, Finanzas y Hacienda; Educaci\u00f3n; Turismo, Cultura y Deporte; Infraestructura, Agua y Energ\u00eda, adem\u00e1s de las secretar\u00edas de Ambiente y Desarrollo Sustentable y de Seguridad y Orden P\u00fablico, junto a EPRE y OSSE.<\/p>\n<p>En este marco, el gobernador de San Juan, Dr. Marcelo Orrego puntualiz\u00f3 que \u00abeste operativo nos da la chance de estar escuchando a la gente y traer todas las reparticiones del Estado a Calingasta, para que los vecinos no tengan que ir a San Juan, sino que puedan hacer sus tr\u00e1mites ac\u00e1 mismo, en su propio departamento\u201d.<\/p>\n<p>Durante la jornada tambi\u00e9n se dict\u00f3 una capacitaci\u00f3n en Manipulaci\u00f3n de Alimentos, destinada a emprendedores gastron\u00f3micos y personas interesadas en iniciar negocios en el rubro, brindando las herramientas necesarias para garantizar la seguridad alimentaria e higiene.<\/p>\n<p><strong><span style=\"color: #ff6600;\">Un nuevo Centro de Desarrollo Infantil<\/span><\/strong><\/p>\n<p><img loading=\"lazy\" decoding=\"async\" class=\"alignnone size-full wp-image-91686\" src=\"https:\/\/vocesparalelas.com.ar\/sitio\/wp-content\/uploads\/2025\/09\/CALINGASTA-CID.jpg\" alt=\"\" width=\"800\" height=\"466\" srcset=\"https:\/\/vocesparalelas.com.ar\/sitio\/wp-content\/uploads\/2025\/09\/CALINGASTA-CID.jpg 800w, https:\/\/vocesparalelas.com.ar\/sitio\/wp-content\/uploads\/2025\/09\/CALINGASTA-CID-300x175.jpg 300w, https:\/\/vocesparalelas.com.ar\/sitio\/wp-content\/uploads\/2025\/09\/CALINGASTA-CID-768x447.jpg 768w\" sizes=\"auto, (max-width: 800px) 100vw, 800px\" \/><\/p>\n<p>En paralelo, Orrego particip\u00f3 en la inauguraci\u00f3n de un Centro de Desarrollo Infantil &#8211; CDI &#8211; Localidad Tamber\u00edas, una obra financiada por la Provincia y ejecutada por el Ministerio de Infraestructura, Agua y Energ\u00eda, en articulaci\u00f3n con el Ministerio de Familia y Desarrollo Humano.<\/p>\n<p>Este espacio est\u00e1 destinado a la atenci\u00f3n integral de ni\u00f1os desde los 45 d\u00edas hasta los 4 a\u00f1os, con el objetivo de fortalecer el cuidado, la educaci\u00f3n y la inclusi\u00f3n desde la primera infancia.<\/p>\n<p>El dise\u00f1o y planificaci\u00f3n de los CDI fueron elaborados por el Ministerio de Obras P\u00fablicas de la Naci\u00f3n, aunque en el actual contexto de restricciones presupuestarias los proyectos se sostienen exclusivamente con fondos provinciales, reafirmando el compromiso del Gobierno de San Juan con el desarrollo equitativo en los departamentos de San Juan<\/p>\n<p><iframe loading=\"lazy\" title=\"En Calingasta: Orrego inaugur\u00f3 un CDI y recorri\u00f3 el operativo San Juan Cerca\" width=\"800\" height=\"450\" src=\"https:\/\/www.youtube.com\/embed\/Ytysoq0quAo?feature=oembed\" frameborder=\"0\" allow=\"accelerometer; autoplay; clipboard-write; encrypted-media; gyroscope; picture-in-picture; web-share\" referrerpolicy=\"strict-origin-when-cross-origin\" allowfullscreen><\/iframe><\/p>\n<p>Con estas acciones, el Ejecutivo provincial busca acercar servicios, garantizar derechos y promover la igualdad de oportunidades, consolidando la presencia del Estado en el territorio y fortaleciendo la calidad de vida de las familias de Calingasta.<\/p>\n<p>De estas actividades participaron adem\u00e1s, los ministros de Gobierno, Dra. Laura Palma; Infraestructura, Agua y Energ\u00eda, Arq. Fernando Perea; de Producci\u00f3n, Trabajo e Innovaci\u00f3n, CPN Gustavo Fern\u00e1ndez, de Familia y desarrollo Humano, Prof. Carlos Platero, adem\u00e1s de funcionarios departamentales y provinciales.<\/p>\n<p><img loading=\"lazy\" decoding=\"async\" class=\"alignnone size-full wp-image-65642\" src=\"https:\/\/vocesparalelas.com.ar\/sitio\/wp-content\/uploads\/2023\/11\/GOBIERNO-SAN-JUAN.jpg\" alt=\"\" width=\"800\" height=\"600\" srcset=\"https:\/\/vocesparalelas.com.ar\/sitio\/wp-content\/uploads\/2023\/11\/GOBIERNO-SAN-JUAN.jpg 800w, https:\/\/vocesparalelas.com.ar\/sitio\/wp-content\/uploads\/2023\/11\/GOBIERNO-SAN-JUAN-300x225.jpg 300w, https:\/\/vocesparalelas.com.ar\/sitio\/wp-content\/uploads\/2023\/11\/GOBIERNO-SAN-JUAN-768x576.jpg 768w\" sizes=\"auto, (max-width: 800px) 100vw, 800px\" \/><\/p>\n","protected":false},"excerpt":{"rendered":"<p>El gobernador de San Juan, Dr. Marcelo Orrego presidi\u00f3 importantes beneficios para los los vecinos del Departamento Calingasta: Operativo Integral<\/p>\n","protected":false},"author":3,"featured_media":91685,"comment_status":"closed","ping_status":"closed","sticky":false,"template":"","format":"standard","meta":{"_acf_changed":false,"_seopress_robots_primary_cat":"none","_seopress_titles_title":"","_seopress_titles_desc":"","_seopress_robots_index":"","colormag_page_container_layout":"default_layout","colormag_page_sidebar_layout":"default_layout","footnotes":""},"categories":[1,7],"tags":[],"class_list":["post-91682","post","type-post","status-publish","format-standard","has-post-thumbnail","hentry","category-destacadas","category-videos"],"acf":[],"_links":{"self":[{"href":"https:\/\/vocesparalelas.com.ar\/sitio\/wp-json\/wp\/v2\/posts\/91682","targetHints":{"allow":["GET"]}}],"collection":[{"href":"https:\/\/vocesparalelas.com.ar\/sitio\/wp-json\/wp\/v2\/posts"}],"about":[{"href":"https:\/\/vocesparalelas.com.ar\/sitio\/wp-json\/wp\/v2\/types\/post"}],"author":[{"embeddable":true,"href":"https:\/\/vocesparalelas.com.ar\/sitio\/wp-json\/wp\/v2\/users\/3"}],"replies":[{"embeddable":true,"href":"https:\/\/vocesparalelas.com.ar\/sitio\/wp-json\/wp\/v2\/comments?post=91682"}],"version-history":[{"count":1,"href":"https:\/\/vocesparalelas.com.ar\/sitio\/wp-json\/wp\/v2\/posts\/91682\/revisions"}],"predecessor-version":[{"id":91687,"href":"https:\/\/vocesparalelas.com.ar\/sitio\/wp-json\/wp\/v2\/posts\/91682\/revisions\/91687"}],"wp:featuredmedia":[{"embeddable":true,"href":"https:\/\/vocesparalelas.com.ar\/sitio\/wp-json\/wp\/v2\/media\/91685"}],"wp:attachment":[{"href":"https:\/\/vocesparalelas.com.ar\/sitio\/wp-json\/wp\/v2\/media?parent=91682"}],"wp:term":[{"taxonomy":"category","embeddable":true,"href":"https:\/\/vocesparalelas.com.ar\/sitio\/wp-json\/wp\/v2\/categories?post=91682"},{"taxonomy":"post_tag","embeddable":true,"href":"https:\/\/vocesparalelas.com.ar\/sitio\/wp-json\/wp\/v2\/tags?post=91682"}],"curies":[{"name":"wp","href":"https:\/\/api.w.org\/{rel}","templated":true}]}}