{"id":91676,"date":"2025-09-23T23:38:51","date_gmt":"2025-09-24T02:38:51","guid":{"rendered":"https:\/\/vocesparalelas.com.ar\/sitio\/?p=91676"},"modified":"2025-09-24T20:32:11","modified_gmt":"2025-09-24T23:32:11","slug":"se-puede-consultar-el-padron-definitivo-del-sorteo-del-ipv-de-san-juan","status":"publish","type":"post","link":"https:\/\/vocesparalelas.com.ar\/sitio\/se-puede-consultar-el-padron-definitivo-del-sorteo-del-ipv-de-san-juan\/","title":{"rendered":"Se puede consultar el Padr\u00f3n definitivo del Sorteo del IPV de San Juan"},"content":{"rendered":"<p>El Gobierno de San Juan, a trav\u00e9s del Instituto Provincial de la Vivienda &#8211; IPV -, lleva adelante el segundo sorteo p\u00fablico de viviendas 2025, que se realiza el 25 de noviembre en la sala de sorteos de la Caja de Acci\u00f3n Social. Siguiendo con el cronograma previsto, se public\u00f3 el padr\u00f3n definitivo, que se puede consultar desde la web del IPV<\/p>\n<p><a href=\"https:\/\/ipv.sanjuan.gob.ar\/\">https:\/\/ipv.sanjuan.gob.ar\/<\/a><\/p>\n<p>En esta edici\u00f3n,\u00a028.414 familias se inscribieron para participar\u00a0del sorteo. Los aspirantes a la adjudicaci\u00f3n de casas pueden corroborar su inscripci\u00f3n accediendo a la web oficial, donde el listado est\u00e1 discriminado por barrio. En este sorteo se adjudicar\u00e1n\u00a0344 viviendas que no hab\u00edan sido entregadas previamente, debido al incumplimiento de requisitos, la falta de documentaci\u00f3n en sorteos anteriores o por ausencia de inscriptos.<\/p>\n<p>La publicaci\u00f3n de los padrones definitivos es una instancia clave del cronograma, ya que permite a los postulantes confirmar su inclusi\u00f3n en el barrio elegido al momento de la inscripci\u00f3n, garantizando un proceso abierto y transparente.<\/p>\n<p><span style=\"color: #ff6600;\"><strong>Barrios y viviendas disponibles<\/strong><\/span><\/p>\n<ul>\n<li>Tierras del Norte \u2013 62 viviendas, Departamento Angaco<\/li>\n<li>El Puerto \u2013 7 viviendas, Departamento Calingasta, Sorocayense<\/li>\n<li>Los Surcos \u2013 5 viviendas, Departamento Chimbas<\/li>\n<li>El Jagual \u2013 13 viviendas, Departamento Pocito<\/li>\n<li>Solares del Sur \u2013 190 viviendas, Departamento Sarmiento<\/li>\n<li>Caraballo II \u2013 61 viviendas, Departamento San Mart\u00edn<\/li>\n<li>Tehul \u2013 6 viviendas, Departamento 25 de Mayo<\/li>\n<\/ul>\n<p>El segundo sorteo de viviendas 2025 tiene lugar el 25 de noviembre en la Caja de Acci\u00f3n Social. Los postulantes disponen de toda la informaci\u00f3n en la web del IPV para seguir cada etapa del proceso y ser parte de una instancia que garantiza transparencia y promueve la igualdad de oportunidades en el acceso a la vivienda.<\/p>\n<p>&nbsp;<\/p>\n<p><img loading=\"lazy\" decoding=\"async\" class=\"alignnone size-full wp-image-65642\" src=\"https:\/\/vocesparalelas.com.ar\/sitio\/wp-content\/uploads\/2023\/11\/GOBIERNO-SAN-JUAN.jpg\" alt=\"\" width=\"800\" height=\"600\" srcset=\"https:\/\/vocesparalelas.com.ar\/sitio\/wp-content\/uploads\/2023\/11\/GOBIERNO-SAN-JUAN.jpg 800w, https:\/\/vocesparalelas.com.ar\/sitio\/wp-content\/uploads\/2023\/11\/GOBIERNO-SAN-JUAN-300x225.jpg 300w, https:\/\/vocesparalelas.com.ar\/sitio\/wp-content\/uploads\/2023\/11\/GOBIERNO-SAN-JUAN-768x576.jpg 768w\" sizes=\"auto, (max-width: 800px) 100vw, 800px\" \/><\/p>\n","protected":false},"excerpt":{"rendered":"<p>El Gobierno de San Juan, a trav\u00e9s del Instituto Provincial de la Vivienda &#8211; IPV -, lleva adelante el segundo<\/p>\n","protected":false},"author":3,"featured_media":29002,"comment_status":"closed","ping_status":"closed","sticky":false,"template":"","format":"standard","meta":{"_acf_changed":false,"_seopress_robots_primary_cat":"none","_seopress_titles_title":"","_seopress_titles_desc":"","_seopress_robots_index":"","colormag_page_container_layout":"default_layout","colormag_page_sidebar_layout":"default_layout","footnotes":""},"categories":[8],"tags":[],"class_list":["post-91676","post","type-post","status-publish","format-standard","has-post-thumbnail","hentry","category-concursos"],"acf":[],"_links":{"self":[{"href":"https:\/\/vocesparalelas.com.ar\/sitio\/wp-json\/wp\/v2\/posts\/91676","targetHints":{"allow":["GET"]}}],"collection":[{"href":"https:\/\/vocesparalelas.com.ar\/sitio\/wp-json\/wp\/v2\/posts"}],"about":[{"href":"https:\/\/vocesparalelas.com.ar\/sitio\/wp-json\/wp\/v2\/types\/post"}],"author":[{"embeddable":true,"href":"https:\/\/vocesparalelas.com.ar\/sitio\/wp-json\/wp\/v2\/users\/3"}],"replies":[{"embeddable":true,"href":"https:\/\/vocesparalelas.com.ar\/sitio\/wp-json\/wp\/v2\/comments?post=91676"}],"version-history":[{"count":3,"href":"https:\/\/vocesparalelas.com.ar\/sitio\/wp-json\/wp\/v2\/posts\/91676\/revisions"}],"predecessor-version":[{"id":91681,"href":"https:\/\/vocesparalelas.com.ar\/sitio\/wp-json\/wp\/v2\/posts\/91676\/revisions\/91681"}],"wp:featuredmedia":[{"embeddable":true,"href":"https:\/\/vocesparalelas.com.ar\/sitio\/wp-json\/wp\/v2\/media\/29002"}],"wp:attachment":[{"href":"https:\/\/vocesparalelas.com.ar\/sitio\/wp-json\/wp\/v2\/media?parent=91676"}],"wp:term":[{"taxonomy":"category","embeddable":true,"href":"https:\/\/vocesparalelas.com.ar\/sitio\/wp-json\/wp\/v2\/categories?post=91676"},{"taxonomy":"post_tag","embeddable":true,"href":"https:\/\/vocesparalelas.com.ar\/sitio\/wp-json\/wp\/v2\/tags?post=91676"}],"curies":[{"name":"wp","href":"https:\/\/api.w.org\/{rel}","templated":true}]}}