{"id":91651,"date":"2025-09-23T20:06:37","date_gmt":"2025-09-23T23:06:37","guid":{"rendered":"https:\/\/vocesparalelas.com.ar\/sitio\/?p=91651"},"modified":"2025-09-24T20:35:00","modified_gmt":"2025-09-24T23:35:00","slug":"inicio-la-semana-de-gabinetes-en-san-juan","status":"publish","type":"post","link":"https:\/\/vocesparalelas.com.ar\/sitio\/inicio-la-semana-de-gabinetes-en-san-juan\/","title":{"rendered":"Inici\u00f3 la Semana de Gabinetes en San Juan"},"content":{"rendered":"<p>El Ministerio de Educaci\u00f3n del Gobierno de San Juan, a trav\u00e9s de la Direcci\u00f3n de Gabinetes T\u00e9cnicos Interdisciplinarios, comenz\u00f3 con la Semana de Gabinetes, que incluye diversas actividades de los equipos zonales destinadas a la comunidad educativa.<\/p>\n<p>El acto de apertura fue en el auditorio Prof. Eloy Camus y estuvo presidido por la ministra de Educaci\u00f3n, Lic. Silvia Fuentes quien manifest\u00f3 \u201cla tarea de los gabinetistas no es nada sencilla, a la vez que nos ha tocado educar en tiempos complejos. Pero iniciamos un camino que tiene previstas estas dificultades y vamos sumando objetivos, como brindar herramientas a los docentes, incorporar 36 nuevos gabinetistas o abordar a m\u00e1s de 3.900 familias con el Plan Provincial de Prevenci\u00f3n en el \u00c1mbito Escolar. Se trata, una vez m\u00e1s, de estar cerca de las escuelas y del trabajo diario\u201d.<\/p>\n<p>A su vez, el director de Gabinetes T\u00e9cnicos Interdisciplinarios, Lic. Luis Lucero describi\u00f3 que \u00ablas acciones que viene desarrollando el \u00e1rea en toda la provincia. La Direcci\u00f3n de Gabinetes es una de las m\u00e1s dif\u00edciles del sistema educativo, tanto porque es transversal como por la gran variedad de desaf\u00edos evolutivos de las personas que lo transitan. No obstante, estamos llegando a todos los actores del sistema con la impronta del trabajo cercano, del caminar las escuelas, de la sinergia en equipo\u201d.<\/p>\n<p>Luego se desarroll\u00f3 la exposici\u00f3n de dos profesionales de la Secretaria de Pol\u00edticas Integrales sobre Drogas de la Naci\u00f3n Argentina &#8211; Sedronar &#8211;\u00a0 \u201cPrevenci\u00f3n de Consumos Problem\u00e1ticos en el \u00e1mbito educativo: el proyecto integral preventivo como herramienta de intervenci\u00f3n\u201d a cargo de Carina Villamayor, coordinadora del equipo de prevenci\u00f3n de la Direcci\u00f3n Nacional de Estrategias de Prevenci\u00f3n Integral de los Consumos &#8211; Sedronar -; y Patricia Tiscornia, integrante del equipo t\u00e9cnico del \u00e1rea \u00c1mbitos Educativos que asesora y capacita a nivel nacional a directivos, docentes, supervisores y equipos provinciales y jurisdiccionales en la prevenci\u00f3n del consumo problem\u00e1tico.<\/p>\n<p>Adem\u00e1s, se brind\u00f3 un homenaje a las gabinetistas que accedieron al beneficio jubilatorio; la subdirectora de Gabinetes T\u00e9cnicos Interdisciplinarios, Lic. Rosa Beatriz Gonz\u00e1les, ley\u00f3 la poes\u00eda Paisaje entre Tiempos, de su autor\u00eda y escrita especialmente como homenaje a las profesionales jubiladas.<\/p>\n<p>A su vez, estudiantes de la escuela Merceditas de San Mart\u00edn de 1\u00b0 y 2\u00b0 de Alfabetizaci\u00f3n interpretaron la canci\u00f3n Banderita Huayno; mientras la alumna Guadalupe Rodr\u00edguez acompa\u00f1ada con expresi\u00f3n corporal de estudiantes 1\u00b0 E Habilidades cant\u00f3 Mejor que ayer, de Diego Torres.<\/p>\n<p>El cierre de los puntos art\u00edsticos estuvo a cargo de los alumnos de 4\u00b0 y 5\u00b0 grado del Taller de Flauta de la escuela Juan Dolores Godoy hicieron una interpretaci\u00f3n instrumental del tango La cumparsita.<\/p>\n<p>La Semana de Gabinetes continuar\u00e1 con diferentes actividades, como jornadas de sensibilizaci\u00f3n en las escuelas, operativos en diferentes departamentos, implementaci\u00f3n de dispositivos y jornada l\u00fadica de alfabetizaci\u00f3n, entre otras.<\/p>\n<p><img loading=\"lazy\" decoding=\"async\" class=\"alignnone size-full wp-image-28629\" src=\"https:\/\/vocesparalelas.com.ar\/sitio\/wp-content\/uploads\/2020\/05\/MINISTERIO-EDUCACION-SJ.jpg\" alt=\"\" width=\"800\" height=\"533\" srcset=\"https:\/\/vocesparalelas.com.ar\/sitio\/wp-content\/uploads\/2020\/05\/MINISTERIO-EDUCACION-SJ.jpg 800w, https:\/\/vocesparalelas.com.ar\/sitio\/wp-content\/uploads\/2020\/05\/MINISTERIO-EDUCACION-SJ-300x200.jpg 300w, https:\/\/vocesparalelas.com.ar\/sitio\/wp-content\/uploads\/2020\/05\/MINISTERIO-EDUCACION-SJ-768x512.jpg 768w\" sizes=\"auto, (max-width: 800px) 100vw, 800px\" \/><\/p>\n","protected":false},"excerpt":{"rendered":"<p>El Ministerio de Educaci\u00f3n del Gobierno de San Juan, a trav\u00e9s de la Direcci\u00f3n de Gabinetes T\u00e9cnicos Interdisciplinarios, comenz\u00f3 con<\/p>\n","protected":false},"author":3,"featured_media":91654,"comment_status":"closed","ping_status":"closed","sticky":false,"template":"","format":"standard","meta":{"_acf_changed":false,"_seopress_robots_primary_cat":"none","_seopress_titles_title":"","_seopress_titles_desc":"","_seopress_robots_index":"","colormag_page_container_layout":"default_layout","colormag_page_sidebar_layout":"default_layout","footnotes":""},"categories":[6],"tags":[],"class_list":["post-91651","post","type-post","status-publish","format-standard","has-post-thumbnail","hentry","category-eventos"],"acf":[],"_links":{"self":[{"href":"https:\/\/vocesparalelas.com.ar\/sitio\/wp-json\/wp\/v2\/posts\/91651","targetHints":{"allow":["GET"]}}],"collection":[{"href":"https:\/\/vocesparalelas.com.ar\/sitio\/wp-json\/wp\/v2\/posts"}],"about":[{"href":"https:\/\/vocesparalelas.com.ar\/sitio\/wp-json\/wp\/v2\/types\/post"}],"author":[{"embeddable":true,"href":"https:\/\/vocesparalelas.com.ar\/sitio\/wp-json\/wp\/v2\/users\/3"}],"replies":[{"embeddable":true,"href":"https:\/\/vocesparalelas.com.ar\/sitio\/wp-json\/wp\/v2\/comments?post=91651"}],"version-history":[{"count":1,"href":"https:\/\/vocesparalelas.com.ar\/sitio\/wp-json\/wp\/v2\/posts\/91651\/revisions"}],"predecessor-version":[{"id":91655,"href":"https:\/\/vocesparalelas.com.ar\/sitio\/wp-json\/wp\/v2\/posts\/91651\/revisions\/91655"}],"wp:featuredmedia":[{"embeddable":true,"href":"https:\/\/vocesparalelas.com.ar\/sitio\/wp-json\/wp\/v2\/media\/91654"}],"wp:attachment":[{"href":"https:\/\/vocesparalelas.com.ar\/sitio\/wp-json\/wp\/v2\/media?parent=91651"}],"wp:term":[{"taxonomy":"category","embeddable":true,"href":"https:\/\/vocesparalelas.com.ar\/sitio\/wp-json\/wp\/v2\/categories?post=91651"},{"taxonomy":"post_tag","embeddable":true,"href":"https:\/\/vocesparalelas.com.ar\/sitio\/wp-json\/wp\/v2\/tags?post=91651"}],"curies":[{"name":"wp","href":"https:\/\/api.w.org\/{rel}","templated":true}]}}