{"id":91645,"date":"2025-09-23T18:36:10","date_gmt":"2025-09-23T21:36:10","guid":{"rendered":"https:\/\/vocesparalelas.com.ar\/sitio\/?p=91645"},"modified":"2025-09-24T23:23:51","modified_gmt":"2025-09-25T02:23:51","slug":"encuentro-para-potenciar-la-competitividad-de-las-pymes-de-san-juan","status":"publish","type":"post","link":"https:\/\/vocesparalelas.com.ar\/sitio\/encuentro-para-potenciar-la-competitividad-de-las-pymes-de-san-juan\/","title":{"rendered":"Encuentro para potenciar la competitividad de las PyMES de San Juan"},"content":{"rendered":"<p>El 30 de septiembre, a las 9 hs.; en la sede del Consejo Profesional de Ciencias Econ\u00f3micas, Suipacha 377 S &#8211; Capital, se desarrolla el Encuentro para potenciar la competitividad de las pymes de San Juan con el experto Luis Affranchino, dirigida a empresarios y directivos de pymes .<\/p>\n<p>Es importante destacar que, CPCESJ junto a la Fundaci\u00f3n ICBC y UCEMA organizan una charla exclusiva en un contexto econ\u00f3mico desafiante, las peque\u00f1as y medianas empresas necesitan renovar su gesti\u00f3n y enfocarse en ganar competitividad.<\/p>\n<p><strong><span style=\"color: #ff6600;\">Durante la jornada se abordan cinco ejes estrat\u00e9gicos<\/span><\/strong><\/p>\n<ul>\n<li>vender m\u00e1s y mejor,<\/li>\n<li>reducir costos,<\/li>\n<li>fortalecer equipos,<\/li>\n<li>mejorar procesos y<\/li>\n<li>avanzar en transformaci\u00f3n tecnol\u00f3gica.<\/li>\n<\/ul>\n<p>El evento cuenta con el auspicio de la Secretar\u00eda para el Desarrollo Econ\u00f3mico de San Juan y los cupos son limitados.<\/p>\n<p>Dado que los cupos son limitados, los interesados en participar deben solicitar su invitaci\u00f3n personal enviando un correo electr\u00f3nico a:<\/p>\n<p><a href=\"gustavo.rosales@icbc.com.ar\">gustavo.rosales@icbc.com.ar<\/a><\/p>\n<p><a href=\"juan.oropel@icbc.com.ar\">juan.oropel@icbc.com.ar<\/a><\/p>\n<p><a href=\"carlos.paezbordon@icbc.com.ar\">carlos.paezbordon@icbc.com.ar<\/a><\/p>\n<p><a href=\"analia.correa@icbc.com.ar\">analia.correa@icbc.com.ar<\/a><\/p>\n<p>&nbsp;<\/p>\n<p><img loading=\"lazy\" decoding=\"async\" class=\"alignnone size-full wp-image-65642\" src=\"https:\/\/vocesparalelas.com.ar\/sitio\/wp-content\/uploads\/2023\/11\/GOBIERNO-SAN-JUAN.jpg\" alt=\"\" width=\"800\" height=\"600\" srcset=\"https:\/\/vocesparalelas.com.ar\/sitio\/wp-content\/uploads\/2023\/11\/GOBIERNO-SAN-JUAN.jpg 800w, https:\/\/vocesparalelas.com.ar\/sitio\/wp-content\/uploads\/2023\/11\/GOBIERNO-SAN-JUAN-300x225.jpg 300w, https:\/\/vocesparalelas.com.ar\/sitio\/wp-content\/uploads\/2023\/11\/GOBIERNO-SAN-JUAN-768x576.jpg 768w\" sizes=\"auto, (max-width: 800px) 100vw, 800px\" \/><\/p>\n","protected":false},"excerpt":{"rendered":"<p>El 30 de septiembre, a las 9 hs.; en la sede del Consejo Profesional de Ciencias Econ\u00f3micas, Suipacha 377 S<\/p>\n","protected":false},"author":3,"featured_media":30423,"comment_status":"closed","ping_status":"closed","sticky":false,"template":"","format":"standard","meta":{"_acf_changed":false,"_seopress_robots_primary_cat":"none","_seopress_titles_title":"","_seopress_titles_desc":"","_seopress_robots_index":"","colormag_page_container_layout":"default_layout","colormag_page_sidebar_layout":"default_layout","footnotes":""},"categories":[9],"tags":[],"class_list":["post-91645","post","type-post","status-publish","format-standard","has-post-thumbnail","hentry","category-cursos"],"acf":[],"_links":{"self":[{"href":"https:\/\/vocesparalelas.com.ar\/sitio\/wp-json\/wp\/v2\/posts\/91645","targetHints":{"allow":["GET"]}}],"collection":[{"href":"https:\/\/vocesparalelas.com.ar\/sitio\/wp-json\/wp\/v2\/posts"}],"about":[{"href":"https:\/\/vocesparalelas.com.ar\/sitio\/wp-json\/wp\/v2\/types\/post"}],"author":[{"embeddable":true,"href":"https:\/\/vocesparalelas.com.ar\/sitio\/wp-json\/wp\/v2\/users\/3"}],"replies":[{"embeddable":true,"href":"https:\/\/vocesparalelas.com.ar\/sitio\/wp-json\/wp\/v2\/comments?post=91645"}],"version-history":[{"count":1,"href":"https:\/\/vocesparalelas.com.ar\/sitio\/wp-json\/wp\/v2\/posts\/91645\/revisions"}],"predecessor-version":[{"id":91648,"href":"https:\/\/vocesparalelas.com.ar\/sitio\/wp-json\/wp\/v2\/posts\/91645\/revisions\/91648"}],"wp:featuredmedia":[{"embeddable":true,"href":"https:\/\/vocesparalelas.com.ar\/sitio\/wp-json\/wp\/v2\/media\/30423"}],"wp:attachment":[{"href":"https:\/\/vocesparalelas.com.ar\/sitio\/wp-json\/wp\/v2\/media?parent=91645"}],"wp:term":[{"taxonomy":"category","embeddable":true,"href":"https:\/\/vocesparalelas.com.ar\/sitio\/wp-json\/wp\/v2\/categories?post=91645"},{"taxonomy":"post_tag","embeddable":true,"href":"https:\/\/vocesparalelas.com.ar\/sitio\/wp-json\/wp\/v2\/tags?post=91645"}],"curies":[{"name":"wp","href":"https:\/\/api.w.org\/{rel}","templated":true}]}}