{"id":91633,"date":"2025-09-22T19:58:55","date_gmt":"2025-09-22T22:58:55","guid":{"rendered":"https:\/\/vocesparalelas.com.ar\/sitio\/?p=91633"},"modified":"2025-09-24T20:33:05","modified_gmt":"2025-09-24T23:33:05","slug":"muestra-de-pinturas-y-esculturas-el-lado-oculto-de-hugo-vinzio-rosselot-en-san-juan","status":"publish","type":"post","link":"https:\/\/vocesparalelas.com.ar\/sitio\/muestra-de-pinturas-y-esculturas-el-lado-oculto-de-hugo-vinzio-rosselot-en-san-juan\/","title":{"rendered":"Muestra de pinturas y esculturas \u201cEl lado oculto\u201d de Hugo Vinzio Rosselot en San Juan"},"content":{"rendered":"<p>En el Foyer Central del Auditorio Ing. Juan Victoria se encuentra para disfrutar la Muestra de pinturas y esculturas \u201cEl lado oculto\u201d de Hugo Vinzio Rosselot hasta el 13 de Octubre de 2025. Entrada libre y gratuita<\/p>\n<p>En el momento de la inauguraci\u00f3n que fue el Viernes, 19 de Septiembre, se transform\u00f3 una\u00a0 propuesta que combina pintura, escultura, m\u00fasica y literatura del Mundo de la cultura de San Juan.<\/p>\n<figure id=\"attachment_91637\" aria-describedby=\"caption-attachment-91637\" style=\"width: 800px\" class=\"wp-caption alignnone\"><img loading=\"lazy\" decoding=\"async\" class=\"size-full wp-image-91637\" src=\"https:\/\/vocesparalelas.com.ar\/sitio\/wp-content\/uploads\/2025\/09\/VINZIO-LADO-OSCURO-02.jpg\" alt=\"\" width=\"800\" height=\"460\" srcset=\"https:\/\/vocesparalelas.com.ar\/sitio\/wp-content\/uploads\/2025\/09\/VINZIO-LADO-OSCURO-02.jpg 800w, https:\/\/vocesparalelas.com.ar\/sitio\/wp-content\/uploads\/2025\/09\/VINZIO-LADO-OSCURO-02-300x173.jpg 300w, https:\/\/vocesparalelas.com.ar\/sitio\/wp-content\/uploads\/2025\/09\/VINZIO-LADO-OSCURO-02-768x442.jpg 768w\" sizes=\"auto, (max-width: 800px) 100vw, 800px\" \/><figcaption id=\"caption-attachment-91637\" class=\"wp-caption-text\">Muestra de pinturas y esculturas \u201cEl lado oculto\u201d de Hugo Vinzio Rosselot<\/figcaption><\/figure>\n<p>En la expresi\u00f3n art\u00edstica se pueden definir claramente tres momentos en su recorrido porque est\u00e1 estructurada en instancias conceptuales.<\/p>\n<ol>\n<li>Homenaje<\/li>\n<\/ol>\n<p>Dedicado a la memoria de Laura Valenzuela (1963-2025), artista pl\u00e1stica,\u00a0profesora de artes visuales, coreuta y directora del Centro Cultural Estaci\u00f3n San\u00a0Mart\u00edn en dos per\u00edodos. Su sensibilidad y compromiso cultural dejaron una huella\u00a0profunda en la comunidad.<\/p>\n<ol start=\"2\">\n<li>Tributo a Jos\u00e9 Guadalupe Posadas<\/li>\n<\/ol>\n<p>Recordando al c\u00e9lebre grabador e ilustrador mexicano, creador de las c\u00e9lebres\u00a0calaveras \u2014entre ellas la ic\u00f3nica Catrina\u2014, cuya obra trascendi\u00f3 generaciones y\u00a0marc\u00f3 a artistas latinoamericanos. Como afirmara Posadas:\u00a0\u201cLa muerte es democr\u00e1tica, ya que a fin de cuentas, blanca, morena, rica o pobre,\u00a0toda la gente acaba siendo calavera.\u201d<\/p>\n<ol start=\"3\">\n<li>El lado oculto<\/li>\n<\/ol>\n<p>N\u00facleo central de la muestra, inspirado en la reflexi\u00f3n jungiana sobre la dualidad humana: \u201cNadie se ilumina fantaseando figuras de luz, sino haciendo consciente su oscuridad\u201d (Carl Jung). Un recorrido pl\u00e1stico que invita a mirar la sombra y lo no dicho como parte\u00a0constitutiva de la experiencia humana. Artistas invitados y colaboraciones<\/p>\n<ul>\n<li>Curadur\u00eda: Arq. Lisandro Vinzio Maggio<\/li>\n<li>Textos literarios: Laura Raso, escritora, en su segunda colaboraci\u00f3n con el artista<\/li>\n<li>M\u00fasica original: Juan Marcos Tripolone, quien compuso especialmente el tema \u201cEl lado oculto\u201d<\/li>\n<li>Ensamble Caf\u00e9 Society, que acompa\u00f1a con un\u00a0repertorio en vivo.<\/li>\n<\/ul>\n<figure id=\"attachment_91638\" aria-describedby=\"caption-attachment-91638\" style=\"width: 800px\" class=\"wp-caption alignnone\"><img loading=\"lazy\" decoding=\"async\" class=\"size-full wp-image-91638\" src=\"https:\/\/vocesparalelas.com.ar\/sitio\/wp-content\/uploads\/2025\/09\/JUAN-MARCOS-TRIPOLONE.jpg\" alt=\"\" width=\"800\" height=\"478\" srcset=\"https:\/\/vocesparalelas.com.ar\/sitio\/wp-content\/uploads\/2025\/09\/JUAN-MARCOS-TRIPOLONE.jpg 800w, https:\/\/vocesparalelas.com.ar\/sitio\/wp-content\/uploads\/2025\/09\/JUAN-MARCOS-TRIPOLONE-300x179.jpg 300w, https:\/\/vocesparalelas.com.ar\/sitio\/wp-content\/uploads\/2025\/09\/JUAN-MARCOS-TRIPOLONE-768x459.jpg 768w\" sizes=\"auto, (max-width: 800px) 100vw, 800px\" \/><figcaption id=\"caption-attachment-91638\" class=\"wp-caption-text\">Cantante y compositor de San Juan, Juan Marcos Tripolone<\/figcaption><\/figure>\n<p>&nbsp;<\/p>\n<p><iframe loading=\"lazy\" title=\"SAN JUAN BANDA CAF\u00c9 SOCIETY\" width=\"800\" height=\"450\" src=\"https:\/\/www.youtube.com\/embed\/NmtPH7aPSYo?feature=oembed\" frameborder=\"0\" allow=\"accelerometer; autoplay; clipboard-write; encrypted-media; gyroscope; picture-in-picture; web-share\" referrerpolicy=\"strict-origin-when-cross-origin\" allowfullscreen><\/iframe><\/p>\n<p>&nbsp;<\/p>\n<p><img loading=\"lazy\" decoding=\"async\" class=\"alignnone size-full wp-image-91639\" src=\"https:\/\/vocesparalelas.com.ar\/sitio\/wp-content\/uploads\/2025\/09\/VINZIO-LADO-OSCURO-03.jpg\" alt=\"\" width=\"800\" height=\"533\" srcset=\"https:\/\/vocesparalelas.com.ar\/sitio\/wp-content\/uploads\/2025\/09\/VINZIO-LADO-OSCURO-03.jpg 800w, https:\/\/vocesparalelas.com.ar\/sitio\/wp-content\/uploads\/2025\/09\/VINZIO-LADO-OSCURO-03-300x200.jpg 300w, https:\/\/vocesparalelas.com.ar\/sitio\/wp-content\/uploads\/2025\/09\/VINZIO-LADO-OSCURO-03-768x512.jpg 768w\" sizes=\"auto, (max-width: 800px) 100vw, 800px\" \/><\/p>\n<p>&nbsp;<\/p>\n<p>Con esta articulaci\u00f3n entre artes pl\u00e1sticas, palabra y m\u00fasica, la exposici\u00f3n propone una experiencia multisensorial y reflexiva.<\/p>\n<figure id=\"attachment_61468\" aria-describedby=\"caption-attachment-61468\" style=\"width: 800px\" class=\"wp-caption alignnone\"><img loading=\"lazy\" decoding=\"async\" class=\"size-full wp-image-61468\" src=\"https:\/\/vocesparalelas.com.ar\/sitio\/wp-content\/uploads\/2023\/07\/AUDITORIO-EDIFICIO.jpg\" alt=\"\" width=\"800\" height=\"533\" srcset=\"https:\/\/vocesparalelas.com.ar\/sitio\/wp-content\/uploads\/2023\/07\/AUDITORIO-EDIFICIO.jpg 800w, https:\/\/vocesparalelas.com.ar\/sitio\/wp-content\/uploads\/2023\/07\/AUDITORIO-EDIFICIO-300x200.jpg 300w, https:\/\/vocesparalelas.com.ar\/sitio\/wp-content\/uploads\/2023\/07\/AUDITORIO-EDIFICIO-768x512.jpg 768w\" sizes=\"auto, (max-width: 800px) 100vw, 800px\" \/><figcaption id=\"caption-attachment-61468\" class=\"wp-caption-text\">Auditorio Ing. Juan Victoria, Departamento Capital, Provincia San Juan, Rep\u00fablica Argentita<\/figcaption><\/figure>\n<p>&nbsp;<\/p>\n","protected":false},"excerpt":{"rendered":"<p>En el Foyer Central del Auditorio Ing. Juan Victoria se encuentra para disfrutar la Muestra de pinturas y esculturas \u201cEl<\/p>\n","protected":false},"author":3,"featured_media":91636,"comment_status":"closed","ping_status":"closed","sticky":false,"template":"","format":"standard","meta":{"_acf_changed":false,"_seopress_robots_primary_cat":"none","_seopress_titles_title":"","_seopress_titles_desc":"","_seopress_robots_index":"","colormag_page_container_layout":"default_layout","colormag_page_sidebar_layout":"default_layout","footnotes":""},"categories":[6,7],"tags":[],"class_list":["post-91633","post","type-post","status-publish","format-standard","has-post-thumbnail","hentry","category-eventos","category-videos"],"acf":[],"_links":{"self":[{"href":"https:\/\/vocesparalelas.com.ar\/sitio\/wp-json\/wp\/v2\/posts\/91633","targetHints":{"allow":["GET"]}}],"collection":[{"href":"https:\/\/vocesparalelas.com.ar\/sitio\/wp-json\/wp\/v2\/posts"}],"about":[{"href":"https:\/\/vocesparalelas.com.ar\/sitio\/wp-json\/wp\/v2\/types\/post"}],"author":[{"embeddable":true,"href":"https:\/\/vocesparalelas.com.ar\/sitio\/wp-json\/wp\/v2\/users\/3"}],"replies":[{"embeddable":true,"href":"https:\/\/vocesparalelas.com.ar\/sitio\/wp-json\/wp\/v2\/comments?post=91633"}],"version-history":[{"count":2,"href":"https:\/\/vocesparalelas.com.ar\/sitio\/wp-json\/wp\/v2\/posts\/91633\/revisions"}],"predecessor-version":[{"id":91643,"href":"https:\/\/vocesparalelas.com.ar\/sitio\/wp-json\/wp\/v2\/posts\/91633\/revisions\/91643"}],"wp:featuredmedia":[{"embeddable":true,"href":"https:\/\/vocesparalelas.com.ar\/sitio\/wp-json\/wp\/v2\/media\/91636"}],"wp:attachment":[{"href":"https:\/\/vocesparalelas.com.ar\/sitio\/wp-json\/wp\/v2\/media?parent=91633"}],"wp:term":[{"taxonomy":"category","embeddable":true,"href":"https:\/\/vocesparalelas.com.ar\/sitio\/wp-json\/wp\/v2\/categories?post=91633"},{"taxonomy":"post_tag","embeddable":true,"href":"https:\/\/vocesparalelas.com.ar\/sitio\/wp-json\/wp\/v2\/tags?post=91633"}],"curies":[{"name":"wp","href":"https:\/\/api.w.org\/{rel}","templated":true}]}}