{"id":91615,"date":"2025-09-22T20:27:49","date_gmt":"2025-09-22T23:27:49","guid":{"rendered":"https:\/\/vocesparalelas.com.ar\/sitio\/?p=91615"},"modified":"2025-09-22T20:57:43","modified_gmt":"2025-09-22T23:57:43","slug":"san-juan-fortalece-la-educacion-con-notebook-a-docentes-de-los-departamentos-de-sarmiento-y-25-de-mayo-e-inauguracion-de-la-escuela-paulo-vi","status":"publish","type":"post","link":"https:\/\/vocesparalelas.com.ar\/sitio\/san-juan-fortalece-la-educacion-con-notebook-a-docentes-de-los-departamentos-de-sarmiento-y-25-de-mayo-e-inauguracion-de-la-escuela-paulo-vi\/","title":{"rendered":"San Juan fortalece la Educaci\u00f3n con notebook a docentes de los Departamentos de Sarmiento y 25 de Mayo e inauguraci\u00f3n de la Escuela Paulo VI"},"content":{"rendered":"<p>El gobernador de San Juan, Dr. Marcelo Orrego, el vicegobernador, Dr. Fabi\u00e1n Mart\u00edn y la ministra de Educaci\u00f3n, Lic. Silvia Fuentes, presidieron la entrega de notebooks a docentes de los Departamentos Sarmiento y 25 de Mayo, Luego, inauguraron el nuevo edificio de la Escuela Ingeniero F\u00e9lix Aguilar, Localidad Cochagual, departamento Sarmiento.<\/p>\n<p>Adem\u00e1s, asistieron el intendente de la Municipalidad de Sarmiento, Alfredo Castro, la ministra de Gobierno, Dra. Laura Palma; secretario de Transformaci\u00f3n Digital y Modernizaci\u00f3n del Estado, Lic. Fabricio Echegaray y dem\u00e1s funcionarios.<\/p>\n<p>La escuela Ingeniero F\u00e9lix Aguilar fue el escenario de la distribuci\u00f3n de 376 notebooks destinadas a docentes de primero a sexto grado que est\u00e1n frente al aula, tanto de gesti\u00f3n estatal como privada de los Departamentos Sarmiento y 25 de Mayo.<\/p>\n<p><img loading=\"lazy\" decoding=\"async\" class=\"alignnone size-large wp-image-91619\" src=\"https:\/\/vocesparalelas.com.ar\/sitio\/wp-content\/uploads\/2025\/09\/SARMIENTO-ESCUELA.jpg\" alt=\"\" width=\"800\" height=\"535\" srcset=\"https:\/\/vocesparalelas.com.ar\/sitio\/wp-content\/uploads\/2025\/09\/SARMIENTO-ESCUELA.jpg 800w, https:\/\/vocesparalelas.com.ar\/sitio\/wp-content\/uploads\/2025\/09\/SARMIENTO-ESCUELA-300x201.jpg 300w, https:\/\/vocesparalelas.com.ar\/sitio\/wp-content\/uploads\/2025\/09\/SARMIENTO-ESCUELA-768x514.jpg 768w\" sizes=\"auto, (max-width: 800px) 100vw, 800px\" \/><\/p>\n<p><strong><span style=\"color: #ff6600;\">Cantidades<\/span><\/strong><\/p>\n<ul>\n<li>178 notebooks a Docentes de las Escuelas del Departamento 25 de Mayo, de las modalidades: 166 estatal y 12 privada<\/li>\n<li>198 notebooks a Docentes de las Escuelas del Departamento Sarmiento, de las modalidades: 186 estatal y 12 privada.<\/li>\n<\/ul>\n<p>La entrega se realiz\u00f3 en el marco del Programa Provincial \u201cMaestro de Am\u00e9rica, cultivando el futuro\u201d, que tiene como objetivo fortalecer el acceso a la tecnolog\u00eda y acompa\u00f1ar la labor docente con equipamiento y formaci\u00f3n digital. Esta pol\u00edtica se complementa con el Plan Provincial de Alfabetizaci\u00f3n \u201cComprendo y Aprendo\u201d, que incluye la alfabetizaci\u00f3n digital, y con la estrategia de Modernizaci\u00f3n del Estado.<\/p>\n<p>Em este contexto, el gobernador de San Juan, Dr. Marcelo Orrego manifest\u00f3 que \u201cSan Juan tiene lo mejor en recursos humanos: maestros extraordinarios que con su vocaci\u00f3n y esfuerzo hacen posible transformar la educaci\u00f3n. La docencia requiere una vocaci\u00f3n especial, y siento una enorme admiraci\u00f3n por quienes, adem\u00e1s de ense\u00f1ar, contienen y acompa\u00f1an a los chicos como verdaderos gu\u00edas. Con programas como Comprendo y Aprendo apostamos a que nuestros ni\u00f1os lean y comprendan mejor, y avanzamos en la digitalizaci\u00f3n porque la educaci\u00f3n siempre es una inversi\u00f3n. Reabrimos la obra p\u00fablica en escuelas que estaban paralizadas, como la de Cochagual, y hoy inauguramos con orgullo ese edificio para que los chicos ya no estudien en contenedores. En este momento dif\u00edcil para la Argentina, lo que necesitamos es estar unidos: si estamos juntos, no hay obst\u00e1culos que no podamos superar\u201d.<\/p>\n<p>Seguidamente, el vicegobernador, Dr. Fabi\u00e1n Mart\u00edn remarc\u00f3 que \u201cSeptiembre es un mes de la educaci\u00f3n, sin dudas. No solo iluminan mentes, sino tambi\u00e9n corazones; no solo ense\u00f1an, sino que contienen a nuestros ni\u00f1os y j\u00f3venes en momentos dif\u00edciles, y eso requiere verdadera vocaci\u00f3n. Nos toca gobernar con menos recursos nacionales, pero el gobernador Marcelo Orrego y su equipo decidieron poner a la educaci\u00f3n como eje central de la gesti\u00f3n, apostando al largo plazo porque es el camino hacia la prosperidad. Con mejor educaci\u00f3n habr\u00e1 m\u00e1s seguridad, salud y una sociedad m\u00e1s solidaria. Que los docentes tengan herramientas como las computadoras es fundamental, y San Juan es una de las pocas provincias que con fondos propios garantiza el incentivo docente. Por eso, felicitaciones gobernador y felicitaciones a todos los que hacen posible este extraordinario trabajo\u201d.<\/p>\n<p>La adquisici\u00f3n de los equipos se concret\u00f3 mediante la colaboraci\u00f3n con la Oficina de Naciones Unidas de Servicios para Proyectos &#8211; UNOPS -, que garantiz\u00f3 transparencia y eficiencia en el proceso de compra. El plan incluye tambi\u00e9n la compra de 25.000 netbooks para estudiantes de 5\u00b0 y 6\u00b0 grado de escuelas primarias, junto con licencias Microsoft adquiridas gracias a ahorros en las adquisiciones.<\/p>\n<p><iframe loading=\"lazy\" title=\"Orrego entreg\u00f3 376 computadoras a docentes de Sarmiento y 25 de Mayo\" width=\"800\" height=\"450\" src=\"https:\/\/www.youtube.com\/embed\/EvkKHqgbap0?feature=oembed\" frameborder=\"0\" allow=\"accelerometer; autoplay; clipboard-write; encrypted-media; gyroscope; picture-in-picture; web-share\" referrerpolicy=\"strict-origin-when-cross-origin\" allowfullscreen><\/iframe><\/p>\n<p>&nbsp;<\/p>\n<p>Adem\u00e1s, la provincia avanza en la implementaci\u00f3n de EDUGE (Ecosistema Digital Unificado de Gesti\u00f3n Educativa), convirti\u00e9ndose en pionera en el uso de inteligencia artificial aplicada a la gesti\u00f3n educativa. Esto incluye capacitaciones para docentes y equipos directivos, con el fin de asegurar la continuidad del proceso de modernizaci\u00f3n.<\/p>\n<p><span style=\"color: #ff6600;\"><strong>Inauguraci\u00f3n de la Escuela Paulo VI<\/strong><\/span><\/p>\n<p>Durante la jornada, gobernador de San Juan, Dr. Marcelo Orrego dej\u00f3 inauguradas las obras de la Escuela Paulo VI, Carmona s\/n\u00ba, Localidad Cochagual, Departamento Sarmiento. La instituci\u00f3n, que dicta nivel inicial, primario y secundario Ciclo b\u00e1sico, fue reconstruida de manera parcial y ampliada tras los da\u00f1os sufridos en el Terremoto Enero 2021 en San Juan.<\/p>\n<p>El edificio combina sectores nuevos con refacciones de las \u00e1reas en mejor estado y qued\u00f3 conformado por direcci\u00f3n, seis aulas equipadas, taller multiprop\u00f3sito, sala de inform\u00e1tica, SUM, comedor, cocina, biblioteca, sanitarios para distintos niveles, patios de recreaci\u00f3n, y espacios inclusivos con rampas y accesos adecuados.<\/p>\n<p>La obra respondi\u00f3 a la necesidad de brindar seguridad y mejores condiciones a la comunidad educativa. Durante la construcci\u00f3n, las clases se dictaron en aulas m\u00f3viles para asegurar la continuidad pedag\u00f3gica.<\/p>\n<p>Con esta inauguraci\u00f3n, el Gobierno provincial refuerza su compromiso con la educaci\u00f3n en Sarmiento, garantizando tanto infraestructura de calidad como herramientas tecnol\u00f3gicas que fortalezcan la en<\/p>\n<p><iframe loading=\"lazy\" title=\"Orrego inaugur\u00f3 la escuela Paulo VI y el JINZ N\u00ba 10 en Cochagual\" width=\"800\" height=\"450\" src=\"https:\/\/www.youtube.com\/embed\/m7G_6HDhhM4?feature=oembed\" frameborder=\"0\" allow=\"accelerometer; autoplay; clipboard-write; encrypted-media; gyroscope; picture-in-picture; web-share\" referrerpolicy=\"strict-origin-when-cross-origin\" allowfullscreen><\/iframe><\/p>\n<p><img loading=\"lazy\" decoding=\"async\" class=\"alignnone size-full wp-image-65642\" src=\"https:\/\/vocesparalelas.com.ar\/sitio\/wp-content\/uploads\/2023\/11\/GOBIERNO-SAN-JUAN.jpg\" alt=\"\" width=\"800\" height=\"600\" srcset=\"https:\/\/vocesparalelas.com.ar\/sitio\/wp-content\/uploads\/2023\/11\/GOBIERNO-SAN-JUAN.jpg 800w, https:\/\/vocesparalelas.com.ar\/sitio\/wp-content\/uploads\/2023\/11\/GOBIERNO-SAN-JUAN-300x225.jpg 300w, https:\/\/vocesparalelas.com.ar\/sitio\/wp-content\/uploads\/2023\/11\/GOBIERNO-SAN-JUAN-768x576.jpg 768w\" sizes=\"auto, (max-width: 800px) 100vw, 800px\" \/><\/p>\n","protected":false},"excerpt":{"rendered":"<p>El gobernador de San Juan, Dr. Marcelo Orrego, el vicegobernador, Dr. Fabi\u00e1n Mart\u00edn y la ministra de Educaci\u00f3n, Lic. Silvia<\/p>\n","protected":false},"author":3,"featured_media":91618,"comment_status":"closed","ping_status":"closed","sticky":false,"template":"","format":"standard","meta":{"_acf_changed":false,"_seopress_robots_primary_cat":"none","_seopress_titles_title":"","_seopress_titles_desc":"","_seopress_robots_index":"","colormag_page_container_layout":"default_layout","colormag_page_sidebar_layout":"default_layout","footnotes":""},"categories":[1,7],"tags":[],"class_list":["post-91615","post","type-post","status-publish","format-standard","has-post-thumbnail","hentry","category-destacadas","category-videos"],"acf":[],"_links":{"self":[{"href":"https:\/\/vocesparalelas.com.ar\/sitio\/wp-json\/wp\/v2\/posts\/91615","targetHints":{"allow":["GET"]}}],"collection":[{"href":"https:\/\/vocesparalelas.com.ar\/sitio\/wp-json\/wp\/v2\/posts"}],"about":[{"href":"https:\/\/vocesparalelas.com.ar\/sitio\/wp-json\/wp\/v2\/types\/post"}],"author":[{"embeddable":true,"href":"https:\/\/vocesparalelas.com.ar\/sitio\/wp-json\/wp\/v2\/users\/3"}],"replies":[{"embeddable":true,"href":"https:\/\/vocesparalelas.com.ar\/sitio\/wp-json\/wp\/v2\/comments?post=91615"}],"version-history":[{"count":4,"href":"https:\/\/vocesparalelas.com.ar\/sitio\/wp-json\/wp\/v2\/posts\/91615\/revisions"}],"predecessor-version":[{"id":91631,"href":"https:\/\/vocesparalelas.com.ar\/sitio\/wp-json\/wp\/v2\/posts\/91615\/revisions\/91631"}],"wp:featuredmedia":[{"embeddable":true,"href":"https:\/\/vocesparalelas.com.ar\/sitio\/wp-json\/wp\/v2\/media\/91618"}],"wp:attachment":[{"href":"https:\/\/vocesparalelas.com.ar\/sitio\/wp-json\/wp\/v2\/media?parent=91615"}],"wp:term":[{"taxonomy":"category","embeddable":true,"href":"https:\/\/vocesparalelas.com.ar\/sitio\/wp-json\/wp\/v2\/categories?post=91615"},{"taxonomy":"post_tag","embeddable":true,"href":"https:\/\/vocesparalelas.com.ar\/sitio\/wp-json\/wp\/v2\/tags?post=91615"}],"curies":[{"name":"wp","href":"https:\/\/api.w.org\/{rel}","templated":true}]}}