{"id":91610,"date":"2025-09-23T20:22:31","date_gmt":"2025-09-23T23:22:31","guid":{"rendered":"https:\/\/vocesparalelas.com.ar\/sitio\/?p=91610"},"modified":"2025-09-24T23:45:13","modified_gmt":"2025-09-25T02:45:13","slug":"convocatoria-mural-2025-del-chalet-cantoni-en-san-juan","status":"publish","type":"post","link":"https:\/\/vocesparalelas.com.ar\/sitio\/convocatoria-mural-2025-del-chalet-cantoni-en-san-juan\/","title":{"rendered":"Convocatoria \u00abMural 2025\u00bb del Chalet Cantoni en San Juan"},"content":{"rendered":"<p>Del 22 de Septiembre se abre la \u201cConvocatoria Mural 2025\u201d, una iniciativa coordinada por el Ministerio de Turismo, Cultura y Deporte del Gobierno de San Juan a trav\u00e9s del Chalet Cantoni que tiene como objetivo seleccionar una propuesta de dise\u00f1o y ejecuci\u00f3n art\u00edstica.<\/p>\n<p>La convocatoria se extiende hasta el 2 de Noviembre de 2025\u00a0y busca destacar la identidad del espacio cultural, estimular el di\u00e1logo entre el arte, la comunidad y potenciar la experiencia art\u00edstica de quienes lo habitan.<\/p>\n<p><img loading=\"lazy\" decoding=\"async\" class=\"alignnone size-full wp-image-91614\" src=\"https:\/\/vocesparalelas.com.ar\/sitio\/wp-content\/uploads\/2025\/09\/MURALES-MATERIAL-01.jpg\" alt=\"\" width=\"800\" height=\"483\" srcset=\"https:\/\/vocesparalelas.com.ar\/sitio\/wp-content\/uploads\/2025\/09\/MURALES-MATERIAL-01.jpg 800w, https:\/\/vocesparalelas.com.ar\/sitio\/wp-content\/uploads\/2025\/09\/MURALES-MATERIAL-01-300x181.jpg 300w, https:\/\/vocesparalelas.com.ar\/sitio\/wp-content\/uploads\/2025\/09\/MURALES-MATERIAL-01-768x464.jpg 768w\" sizes=\"auto, (max-width: 800px) 100vw, 800px\" \/><\/p>\n<p>Pueden participar artistas visuales, muralistas y creadores mayores de 18 a\u00f1os con residencia en San Juan, de forma individual o colectiva, cumpliendo los requisitos administrativos especificados en las bases y condiciones. As\u00ed, las propuestas deben ser in\u00e9ditas y ajustarse a la tem\u00e1tica que celebra la historia y evoluci\u00f3n del Chalet como n\u00facleo de producci\u00f3n cultural en la provincia.<\/p>\n<p>En este contexto, Voces Paralelas desarroll\u00f3 una entrevista Period\u00edstica a la Directora del Chalet Cantoni, Natalia Ventimiglia, quien invit\u00f3 a los interesados a participar de la convocatoria \u00abMural 2025\u00bb.<\/p>\n<p><iframe loading=\"lazy\" title=\"SAN JUAN CHALET CANTONI DIRECTORA NATALIA VENTIMIGLIA \" width=\"800\" height=\"450\" src=\"https:\/\/www.youtube.com\/embed\/7-fdXHCpIWc?feature=oembed\" frameborder=\"0\" allow=\"accelerometer; autoplay; clipboard-write; encrypted-media; gyroscope; picture-in-picture; web-share\" referrerpolicy=\"strict-origin-when-cross-origin\" allowfullscreen><\/iframe><\/p>\n<p>La postulaci\u00f3n se realiza exclusivamente v\u00eda formulario digital, el cual se encuentra en las redes sociales del espacio cultural<\/p>\n<p><a href=\"https:\/\/www.instagram.com\/chaletcantoni.casacultural\/?hl=es\">@chaletcantoni.casacultural<\/a>\u00a0(Instagram) y<\/p>\n<p><a href=\"https:\/\/www.facebook.com\/chaletcantoni.casacultural?locale=es_ES\">chaletcantoni.casacultural<\/a>\u00a0(Facebook).<\/p>\n<p>Adem\u00e1s, los participantes tienen que adjuntar una breve biograf\u00eda, memoria conceptual del proyecto, lista de materiales, cronograma de trabajo, bocetos del dise\u00f1o en JPG, y antecedentes fotogr\u00e1ficos de murales previos. opcional.<\/p>\n<p>Cabe destacar que\u00a0el proyecto ganador recibe un reconocimiento econ\u00f3mico de $2.000.000, mientras que Pinturer\u00edas Robles aporta los materiales necesarios para la realizaci\u00f3n del mural.<\/p>\n<p>Las consultas se recepciones en<\/p>\n<p><span id=\"cloak4a53e26f31aa9caa802fa32e36651d62\"><a href=\"mailto:chaletcantoniproduccion@gmail.com\">chaletcantoniproduccion@gmail.com<\/a><\/span>, indicando en el asunto \u201cConvocatoria Mural\u201d o al tel\u00e9fono 264-4233995,<\/p>\n<p><strong><span style=\"color: #ff6600;\">Inscripci\u00f3n<\/span><\/strong><\/p>\n<p><a href=\"https:\/\/docs.google.com\/forms\/d\/e\/1FAIpQLSfGgx731JVuR6L0M2nwDSWyLWjFS8PXz-FRM5npkzc0bw1pyA\/viewform\">https:\/\/docs.google.com\/forms\/d\/e\/1FAIpQLSfGgx731JVuR6L0M2nwDSWyLWjFS8PXz-FRM5npkzc0bw1pyA\/viewform<\/a><\/p>\n<p>&nbsp;<\/p>\n<figure id=\"attachment_77863\" aria-describedby=\"caption-attachment-77863\" style=\"width: 800px\" class=\"wp-caption alignnone\"><img loading=\"lazy\" decoding=\"async\" class=\"size-full wp-image-77863\" src=\"https:\/\/vocesparalelas.com.ar\/sitio\/wp-content\/uploads\/2024\/10\/CHALET-CANTONI-NUEVO.jpg\" alt=\"\" width=\"800\" height=\"533\" srcset=\"https:\/\/vocesparalelas.com.ar\/sitio\/wp-content\/uploads\/2024\/10\/CHALET-CANTONI-NUEVO.jpg 800w, https:\/\/vocesparalelas.com.ar\/sitio\/wp-content\/uploads\/2024\/10\/CHALET-CANTONI-NUEVO-300x200.jpg 300w, https:\/\/vocesparalelas.com.ar\/sitio\/wp-content\/uploads\/2024\/10\/CHALET-CANTONI-NUEVO-768x512.jpg 768w\" sizes=\"auto, (max-width: 800px) 100vw, 800px\" \/><figcaption id=\"caption-attachment-77863\" class=\"wp-caption-text\">Chalet Cantoni, Departamento Rivadavia, Provincia San Juan, Rep\u00fablica Argentita<\/figcaption><\/figure>\n","protected":false},"excerpt":{"rendered":"<p>Del 22 de Septiembre se abre la \u201cConvocatoria Mural 2025\u201d, una iniciativa coordinada por el Ministerio de Turismo, Cultura y<\/p>\n","protected":false},"author":3,"featured_media":91660,"comment_status":"closed","ping_status":"closed","sticky":false,"template":"","format":"standard","meta":{"_acf_changed":false,"_seopress_robots_primary_cat":"none","_seopress_titles_title":"","_seopress_titles_desc":"","_seopress_robots_index":"","colormag_page_container_layout":"default_layout","colormag_page_sidebar_layout":"default_layout","footnotes":""},"categories":[8,7],"tags":[],"class_list":["post-91610","post","type-post","status-publish","format-standard","has-post-thumbnail","hentry","category-concursos","category-videos"],"acf":[],"_links":{"self":[{"href":"https:\/\/vocesparalelas.com.ar\/sitio\/wp-json\/wp\/v2\/posts\/91610","targetHints":{"allow":["GET"]}}],"collection":[{"href":"https:\/\/vocesparalelas.com.ar\/sitio\/wp-json\/wp\/v2\/posts"}],"about":[{"href":"https:\/\/vocesparalelas.com.ar\/sitio\/wp-json\/wp\/v2\/types\/post"}],"author":[{"embeddable":true,"href":"https:\/\/vocesparalelas.com.ar\/sitio\/wp-json\/wp\/v2\/users\/3"}],"replies":[{"embeddable":true,"href":"https:\/\/vocesparalelas.com.ar\/sitio\/wp-json\/wp\/v2\/comments?post=91610"}],"version-history":[{"count":3,"href":"https:\/\/vocesparalelas.com.ar\/sitio\/wp-json\/wp\/v2\/posts\/91610\/revisions"}],"predecessor-version":[{"id":91661,"href":"https:\/\/vocesparalelas.com.ar\/sitio\/wp-json\/wp\/v2\/posts\/91610\/revisions\/91661"}],"wp:featuredmedia":[{"embeddable":true,"href":"https:\/\/vocesparalelas.com.ar\/sitio\/wp-json\/wp\/v2\/media\/91660"}],"wp:attachment":[{"href":"https:\/\/vocesparalelas.com.ar\/sitio\/wp-json\/wp\/v2\/media?parent=91610"}],"wp:term":[{"taxonomy":"category","embeddable":true,"href":"https:\/\/vocesparalelas.com.ar\/sitio\/wp-json\/wp\/v2\/categories?post=91610"},{"taxonomy":"post_tag","embeddable":true,"href":"https:\/\/vocesparalelas.com.ar\/sitio\/wp-json\/wp\/v2\/tags?post=91610"}],"curies":[{"name":"wp","href":"https:\/\/api.w.org\/{rel}","templated":true}]}}