{"id":91585,"date":"2025-09-22T13:27:35","date_gmt":"2025-09-22T16:27:35","guid":{"rendered":"https:\/\/vocesparalelas.com.ar\/sitio\/?p=91585"},"modified":"2025-09-22T22:00:28","modified_gmt":"2025-09-23T01:00:28","slug":"agenda-de-conciertos-en-el-auditorio-ing-juan-victoria-de-san-juan","status":"publish","type":"post","link":"https:\/\/vocesparalelas.com.ar\/sitio\/agenda-de-conciertos-en-el-auditorio-ing-juan-victoria-de-san-juan\/","title":{"rendered":"Agenda de Conciertos en el Auditorio Ing. Juan Victoria de San Juan"},"content":{"rendered":"<p>El Auditorio Ing. Juan Victoria en San Juan vuelve a ofrecer conciertos con M\u00fasica de C\u00e1mara, la Orquesta Sinf\u00f3nica de la FFHA de la UNSJ, con entrada libre y gratuita y La Camerata San Juan\u00a0 con la adquisici\u00f3n de entradas.\u00a0 Los conciertos desarrollan el Mi\u00e9rcoles, 24; el Viernes, 26 y el Domingo, 28\u00a0 de Septiembre de 2025 para disfrutar.<\/p>\n<p><strong><span style=\"color: #ff6600;\">Cronograma<\/span><\/strong><\/p>\n<p><strong><span style=\"color: #ff6600;\">M\u00fasica de C\u00e1mara <\/span><\/strong><\/p>\n<p>El Mi\u00e9rcoles, 24 de Septiembre, a las 21 hs.; en el Auditorio Ing. Juan Victoria\u00a0 se desarrolla la propuesta M\u00fasica de C\u00e1mara con un concierto con la flauta como instrumento principal, acompa\u00f1ado de viol\u00edn, piano y guitarra, con entrada libre y gratuita.<\/p>\n<p><span style=\"color: #ff6600;\"><strong>Int\u00e9rpretes<\/strong><\/span><\/p>\n<ul>\n<li>Ada Hidalgo,<\/li>\n<li>Ariel Sarduy,<\/li>\n<li>Rayna Diankova,<\/li>\n<li>Emanuel Lucero y<\/li>\n<li>Emilio Perez<\/li>\n<\/ul>\n<p><strong><span style=\"color: #ff6600;\">Obras<\/span><\/strong><\/p>\n<ul>\n<li>Beethoven<\/li>\n<li>Reger<\/li>\n<li>Piazzolla<\/li>\n<\/ul>\n<p><strong><span style=\"color: #ff6600;\">Organizan<\/span><\/strong><\/p>\n<ul>\n<li>FFHA de la UNSJ<\/li>\n<li>UNSJ<\/li>\n<li>CCAO<\/li>\n<\/ul>\n<p><img loading=\"lazy\" decoding=\"async\" class=\"alignnone size-large wp-image-14732\" src=\"https:\/\/vocesparalelas.com.ar\/sitio\/wp-content\/uploads\/2018\/09\/PIANO-CLARINETE-800x533.jpg\" alt=\"\" width=\"800\" height=\"533\" srcset=\"https:\/\/vocesparalelas.com.ar\/sitio\/wp-content\/uploads\/2018\/09\/PIANO-CLARINETE-800x533.jpg 800w, https:\/\/vocesparalelas.com.ar\/sitio\/wp-content\/uploads\/2018\/09\/PIANO-CLARINETE-300x200.jpg 300w, https:\/\/vocesparalelas.com.ar\/sitio\/wp-content\/uploads\/2018\/09\/PIANO-CLARINETE-768x511.jpg 768w, https:\/\/vocesparalelas.com.ar\/sitio\/wp-content\/uploads\/2018\/09\/PIANO-CLARINETE.jpg 1000w\" sizes=\"auto, (max-width: 800px) 100vw, 800px\" \/><\/p>\n<hr \/>\n<p><strong><span style=\"color: #ff6600;\">Orquesta Sinf\u00f3nica de la FFHA de la UNSJ<\/span><\/strong><\/p>\n<p>El Viernes, 26 de Septiembre, a las 21:30 hs.; en el Auditorio Ing. Juan Victoria, la Orquesta Sinf\u00f3nica de la Facultad de Filosof\u00eda, Humanidades y Artes de la Universidad Nacional de San Juan, con entrada libre y gratuita, desarrolla el Concierto en el marco de la\u00a0Temporada N\u00b051<\/p>\n<p><strong><span style=\"color: #ff6600;\">Programa<\/span><\/strong><\/p>\n<ul>\n<li>SINFON\u00cdA N\u00b06 Serguei Prokofiev<\/li>\n<li>INTRODUCCI\u00d3N, TEMA Y VARIACIONES Op. 120, para Oboe y Orquesta Johann Nepomuk Hummel. Solista: Federico Salas<\/li>\n<\/ul>\n<p><strong><span style=\"color: #ff6600;\">Director invitado<\/span><\/strong><\/p>\n<ul>\n<li>Emmanuel Siffert<\/li>\n<\/ul>\n<figure id=\"attachment_59915\" aria-describedby=\"caption-attachment-59915\" style=\"width: 800px\" class=\"wp-caption alignnone\"><img loading=\"lazy\" decoding=\"async\" class=\"size-full wp-image-59915\" src=\"https:\/\/vocesparalelas.com.ar\/sitio\/wp-content\/uploads\/2023\/06\/ORQUESTA-SINFONICA.jpg\" alt=\"\" width=\"800\" height=\"450\" srcset=\"https:\/\/vocesparalelas.com.ar\/sitio\/wp-content\/uploads\/2023\/06\/ORQUESTA-SINFONICA.jpg 800w, https:\/\/vocesparalelas.com.ar\/sitio\/wp-content\/uploads\/2023\/06\/ORQUESTA-SINFONICA-300x169.jpg 300w, https:\/\/vocesparalelas.com.ar\/sitio\/wp-content\/uploads\/2023\/06\/ORQUESTA-SINFONICA-768x432.jpg 768w\" sizes=\"auto, (max-width: 800px) 100vw, 800px\" \/><figcaption id=\"caption-attachment-59915\" class=\"wp-caption-text\">Orquesta Sinf\u00f3nica de la UNSJ<\/figcaption><\/figure>\n<hr \/>\n<p><strong><span style=\"color: #ff6600;\"> Concierto \u00abCantando al Sol\u00bb<\/span><\/strong><\/p>\n<p>El Domingo, 28 de Septiembre, a las 20 hs.; en el Auditorio Ing. Juan Victoria\u00a0La Camerata San Juan junto a m\u00e1s de 10 artistas invitados ofrecen el Concierto \u00abCantando al Sol\u00bb.<\/p>\n<p><strong><span style=\"color: #ff6600;\">Entrada<\/span><\/strong><\/p>\n<p>$3000 en boleter\u00eda<\/p>\n<p><a href=\"http:\/\/tuentrada.com\">tuentrada.com<\/a><\/p>\n<p><img loading=\"lazy\" decoding=\"async\" class=\"alignnone size-full wp-image-61709\" src=\"https:\/\/vocesparalelas.com.ar\/sitio\/wp-content\/uploads\/2023\/07\/CAMERATA-SAN-JUAN.jpg\" alt=\"\" width=\"800\" height=\"450\" srcset=\"https:\/\/vocesparalelas.com.ar\/sitio\/wp-content\/uploads\/2023\/07\/CAMERATA-SAN-JUAN.jpg 800w, https:\/\/vocesparalelas.com.ar\/sitio\/wp-content\/uploads\/2023\/07\/CAMERATA-SAN-JUAN-300x169.jpg 300w, https:\/\/vocesparalelas.com.ar\/sitio\/wp-content\/uploads\/2023\/07\/CAMERATA-SAN-JUAN-768x432.jpg 768w\" sizes=\"auto, (max-width: 800px) 100vw, 800px\" \/><\/p>\n<p>&nbsp;<\/p>\n<figure id=\"attachment_61468\" aria-describedby=\"caption-attachment-61468\" style=\"width: 800px\" class=\"wp-caption alignnone\"><img loading=\"lazy\" decoding=\"async\" class=\"size-full wp-image-61468\" src=\"https:\/\/vocesparalelas.com.ar\/sitio\/wp-content\/uploads\/2023\/07\/AUDITORIO-EDIFICIO.jpg\" alt=\"\" width=\"800\" height=\"533\" srcset=\"https:\/\/vocesparalelas.com.ar\/sitio\/wp-content\/uploads\/2023\/07\/AUDITORIO-EDIFICIO.jpg 800w, https:\/\/vocesparalelas.com.ar\/sitio\/wp-content\/uploads\/2023\/07\/AUDITORIO-EDIFICIO-300x200.jpg 300w, https:\/\/vocesparalelas.com.ar\/sitio\/wp-content\/uploads\/2023\/07\/AUDITORIO-EDIFICIO-768x512.jpg 768w\" sizes=\"auto, (max-width: 800px) 100vw, 800px\" \/><figcaption id=\"caption-attachment-61468\" class=\"wp-caption-text\">Auditorio Ing. Juan Victoria, Departamento Capital, Provincia San Juan, Rep\u00fablica Argentita<\/figcaption><\/figure>\n","protected":false},"excerpt":{"rendered":"<p>El Auditorio Ing. Juan Victoria en San Juan vuelve a ofrecer conciertos con M\u00fasica de C\u00e1mara, la Orquesta Sinf\u00f3nica de<\/p>\n","protected":false},"author":3,"featured_media":4322,"comment_status":"closed","ping_status":"closed","sticky":false,"template":"","format":"standard","meta":{"_acf_changed":false,"_seopress_robots_primary_cat":"none","_seopress_titles_title":"","_seopress_titles_desc":"","_seopress_robots_index":"","colormag_page_container_layout":"default_layout","colormag_page_sidebar_layout":"default_layout","footnotes":""},"categories":[20],"tags":[],"class_list":["post-91585","post","type-post","status-publish","format-standard","has-post-thumbnail","hentry","category-cartelera"],"acf":[],"_links":{"self":[{"href":"https:\/\/vocesparalelas.com.ar\/sitio\/wp-json\/wp\/v2\/posts\/91585","targetHints":{"allow":["GET"]}}],"collection":[{"href":"https:\/\/vocesparalelas.com.ar\/sitio\/wp-json\/wp\/v2\/posts"}],"about":[{"href":"https:\/\/vocesparalelas.com.ar\/sitio\/wp-json\/wp\/v2\/types\/post"}],"author":[{"embeddable":true,"href":"https:\/\/vocesparalelas.com.ar\/sitio\/wp-json\/wp\/v2\/users\/3"}],"replies":[{"embeddable":true,"href":"https:\/\/vocesparalelas.com.ar\/sitio\/wp-json\/wp\/v2\/comments?post=91585"}],"version-history":[{"count":3,"href":"https:\/\/vocesparalelas.com.ar\/sitio\/wp-json\/wp\/v2\/posts\/91585\/revisions"}],"predecessor-version":[{"id":91590,"href":"https:\/\/vocesparalelas.com.ar\/sitio\/wp-json\/wp\/v2\/posts\/91585\/revisions\/91590"}],"wp:featuredmedia":[{"embeddable":true,"href":"https:\/\/vocesparalelas.com.ar\/sitio\/wp-json\/wp\/v2\/media\/4322"}],"wp:attachment":[{"href":"https:\/\/vocesparalelas.com.ar\/sitio\/wp-json\/wp\/v2\/media?parent=91585"}],"wp:term":[{"taxonomy":"category","embeddable":true,"href":"https:\/\/vocesparalelas.com.ar\/sitio\/wp-json\/wp\/v2\/categories?post=91585"},{"taxonomy":"post_tag","embeddable":true,"href":"https:\/\/vocesparalelas.com.ar\/sitio\/wp-json\/wp\/v2\/tags?post=91585"}],"curies":[{"name":"wp","href":"https:\/\/api.w.org\/{rel}","templated":true}]}}