{"id":91578,"date":"2025-09-22T09:18:43","date_gmt":"2025-09-22T12:18:43","guid":{"rendered":"https:\/\/vocesparalelas.com.ar\/sitio\/?p=91578"},"modified":"2025-09-24T20:37:54","modified_gmt":"2025-09-24T23:37:54","slug":"se-desarrollo-la-capacitacion-informantes-de-sitio-turistico-en-el-departamento-iglesia-de-san-juan","status":"publish","type":"post","link":"https:\/\/vocesparalelas.com.ar\/sitio\/se-desarrollo-la-capacitacion-informantes-de-sitio-turistico-en-el-departamento-iglesia-de-san-juan\/","title":{"rendered":"Se desarroll\u00f3 la Capacitaci\u00f3n \u00abInformantes de Sitio Tur\u00edstico\u00bb en el Departamento Iglesia de San Juan"},"content":{"rendered":"<p>El Viernes, 19 y el S\u00e1bado, 20 de Septiembre de 2025 se desarroll\u00f3 en el Departamento Iglesia la capacitaci\u00f3n \u00abInformantes de Sitio Tur\u00edstico\u00bb, en el Hotel Pismanta, un espacio de formaci\u00f3n que busca fortalecer la calidad de los servicios tur\u00edsticos en las comunidades rurales, generando igualdad de oportunidades, mayor profesionalizaci\u00f3n, nuevas fuentes de empleo y m\u00e1s circuitos guiados para visitantes y turistas.<\/p>\n<p>El Programa de Informantes de Sitio Tur\u00edstico promueve la capacitaci\u00f3n, asistencia t\u00e9cnica y posterior promoci\u00f3n de personas y prestadores que residen en comunidades alejadas, para que puedan desempe\u00f1ar un rol activo en la difusi\u00f3n de atractivos, patrimonio y servicios locales.<\/p>\n<p>Este proceso se complementa con la necesidad de que cada prestador tur\u00edstico se encuentre inscripto en el Registro Provincial de Prestadores Tur\u00edsticos, tal como establece la Ley Provincial de Turismo N\u00ba 1225-L, garantizando formalidad, calidad y sostenibilidad en la oferta del sector.<\/p>\n<p>Durante las jornadas se abordaron ejes centrales como:<\/p>\n<ul>\n<li>La importancia del turismo y el perfil del informante de sitio, a cargo del capacitador Juan Lescano.<\/li>\n<li>Fiscalizaci\u00f3n y requisitos para prestadores, junto a la presentaci\u00f3n de la nueva l\u00ednea de cr\u00e9dito anunciada por Fiduciaria San Juan para el sector tur\u00edstico, a cargo del Director de Fiscalizaci\u00f3n Sergio Prado.<\/li>\n<li>Turismo sustentable, a cargo de la Lic. Melina Pajares, integrante del equipo t\u00e9cnico de la Direcci\u00f3n de Desarrollo y Productos Tur\u00edsticos.<\/li>\n<li>RCP y uso de DEA, a cargo del Dr. Daniel Adarvez y Dami\u00e1n Vecco.<\/li>\n<\/ul>\n<p>La participaci\u00f3n especial de Gendarmer\u00eda Nacional, con una ponencia a cargo del Sargento Ayudante Miguel Salinas.<\/p>\n<p>Los asistentes al finalizar la capacitaci\u00f3n recibieron el certificados como Informantes de Sitio Tur\u00edstico, acreditaci\u00f3n otorgada bajo la Resoluci\u00f3n N\u00ba 0911-MTCyD-2025, y recibieron adem\u00e1s la certificaci\u00f3n en el Taller de Reanimaci\u00f3n Cardiopulmonar (RCP) y uso de DEA, aprobado por Disposici\u00f3n N\u00ba 159-DEP-2024, lo que garantiza una formaci\u00f3n integral con est\u00e1ndares de calidad y seguridad.<\/p>\n<p><img loading=\"lazy\" decoding=\"async\" class=\"alignnone size-full wp-image-91583\" src=\"https:\/\/vocesparalelas.com.ar\/sitio\/wp-content\/uploads\/2025\/09\/IGLESIA-TURISMO-02.jpg\" alt=\"\" width=\"800\" height=\"487\" srcset=\"https:\/\/vocesparalelas.com.ar\/sitio\/wp-content\/uploads\/2025\/09\/IGLESIA-TURISMO-02.jpg 800w, https:\/\/vocesparalelas.com.ar\/sitio\/wp-content\/uploads\/2025\/09\/IGLESIA-TURISMO-02-300x183.jpg 300w, https:\/\/vocesparalelas.com.ar\/sitio\/wp-content\/uploads\/2025\/09\/IGLESIA-TURISMO-02-768x468.jpg 768w\" sizes=\"auto, (max-width: 800px) 100vw, 800px\" \/><\/p>\n<p>La Municipalidad de Iglesia agradece al Ministerio de Turismo, Cultura y Deporte del Gobierno de\u00a0 San Juan, a la Direcci\u00f3n de Fiscalizaci\u00f3n y Calidad, al Parque Nacional San Guillermo, a los equipos t\u00e9cnicos y capacitadores, y a\u00a0 los prestadores tur\u00edsticos, emprendedores y p\u00fablico en general que acompa\u00f1aron con entusiasmo este encuentro.<\/p>\n<p>Las instancias de formaci\u00f3n y trabajo conjunto permite seguir construyendo un turismo m\u00e1s profesional, inclusivo y sostenible, generando nuevas oportunidades para las comunidades.<\/p>\n<p>Desde la Secretar\u00eda de Turismo, Cultura y Deporte de la Municipalidad de Iglesia acompa\u00f1\u00f3 y gestion\u00f3 junto al Gobierno de San Juan la realizaci\u00f3n de las capacitaciones, convencidos que el desarrollo tur\u00edstico se construye en equipo.<\/p>\n<p><img loading=\"lazy\" decoding=\"async\" class=\"alignnone size-full wp-image-66366\" src=\"https:\/\/vocesparalelas.com.ar\/sitio\/wp-content\/uploads\/2023\/11\/HOTEL-TERMAS-DE-PISMANTA.jpg\" alt=\"\" width=\"800\" height=\"534\" srcset=\"https:\/\/vocesparalelas.com.ar\/sitio\/wp-content\/uploads\/2023\/11\/HOTEL-TERMAS-DE-PISMANTA.jpg 800w, https:\/\/vocesparalelas.com.ar\/sitio\/wp-content\/uploads\/2023\/11\/HOTEL-TERMAS-DE-PISMANTA-300x200.jpg 300w, https:\/\/vocesparalelas.com.ar\/sitio\/wp-content\/uploads\/2023\/11\/HOTEL-TERMAS-DE-PISMANTA-768x513.jpg 768w\" sizes=\"auto, (max-width: 800px) 100vw, 800px\" \/><\/p>\n","protected":false},"excerpt":{"rendered":"<p>El Viernes, 19 y el S\u00e1bado, 20 de Septiembre de 2025 se desarroll\u00f3 en el Departamento Iglesia la capacitaci\u00f3n \u00abInformantes<\/p>\n","protected":false},"author":3,"featured_media":91581,"comment_status":"closed","ping_status":"closed","sticky":false,"template":"","format":"standard","meta":{"_acf_changed":false,"_seopress_robots_primary_cat":"none","_seopress_titles_title":"","_seopress_titles_desc":"","_seopress_robots_index":"","colormag_page_container_layout":"default_layout","colormag_page_sidebar_layout":"default_layout","footnotes":""},"categories":[9],"tags":[],"class_list":["post-91578","post","type-post","status-publish","format-standard","has-post-thumbnail","hentry","category-cursos"],"acf":[],"_links":{"self":[{"href":"https:\/\/vocesparalelas.com.ar\/sitio\/wp-json\/wp\/v2\/posts\/91578","targetHints":{"allow":["GET"]}}],"collection":[{"href":"https:\/\/vocesparalelas.com.ar\/sitio\/wp-json\/wp\/v2\/posts"}],"about":[{"href":"https:\/\/vocesparalelas.com.ar\/sitio\/wp-json\/wp\/v2\/types\/post"}],"author":[{"embeddable":true,"href":"https:\/\/vocesparalelas.com.ar\/sitio\/wp-json\/wp\/v2\/users\/3"}],"replies":[{"embeddable":true,"href":"https:\/\/vocesparalelas.com.ar\/sitio\/wp-json\/wp\/v2\/comments?post=91578"}],"version-history":[{"count":1,"href":"https:\/\/vocesparalelas.com.ar\/sitio\/wp-json\/wp\/v2\/posts\/91578\/revisions"}],"predecessor-version":[{"id":91584,"href":"https:\/\/vocesparalelas.com.ar\/sitio\/wp-json\/wp\/v2\/posts\/91578\/revisions\/91584"}],"wp:featuredmedia":[{"embeddable":true,"href":"https:\/\/vocesparalelas.com.ar\/sitio\/wp-json\/wp\/v2\/media\/91581"}],"wp:attachment":[{"href":"https:\/\/vocesparalelas.com.ar\/sitio\/wp-json\/wp\/v2\/media?parent=91578"}],"wp:term":[{"taxonomy":"category","embeddable":true,"href":"https:\/\/vocesparalelas.com.ar\/sitio\/wp-json\/wp\/v2\/categories?post=91578"},{"taxonomy":"post_tag","embeddable":true,"href":"https:\/\/vocesparalelas.com.ar\/sitio\/wp-json\/wp\/v2\/tags?post=91578"}],"curies":[{"name":"wp","href":"https:\/\/api.w.org\/{rel}","templated":true}]}}