{"id":91522,"date":"2025-09-19T19:28:41","date_gmt":"2025-09-19T22:28:41","guid":{"rendered":"https:\/\/vocesparalelas.com.ar\/sitio\/?p=91522"},"modified":"2025-09-20T14:44:27","modified_gmt":"2025-09-20T17:44:27","slug":"el-programa-finestec-la-oportunidad-de-concluir-la-secundaria-tecnica-en-san-juan","status":"publish","type":"post","link":"https:\/\/vocesparalelas.com.ar\/sitio\/el-programa-finestec-la-oportunidad-de-concluir-la-secundaria-tecnica-en-san-juan\/","title":{"rendered":"El Programa FinEsTec la oportunidad de concluir la Secundaria T\u00e9cnica en San Juan"},"content":{"rendered":"<p>El Ministerio de Educaci\u00f3n del Gobierno de San Juan comenz\u00f3 el programa FinEsTec, una estrategia impulsada por el Instituto Nacional de Educaci\u00f3n Tecnol\u00f3gica.<\/p>\n<p>en el 2025, 129 j\u00f3venes de diferentes departamentos del Gran San Juan comenzaron a cursar las tutor\u00edas gratuitas que les permiten concluir sus estudios secundarios t\u00e9cnicos, una acci\u00f3n que impulsa y promueve la ministra de Educaci\u00f3n, Lic. Silvia Fuentes.<\/p>\n<p>Participaron, la secretaria de Educaci\u00f3n, Lic. Mariela Lueje; la subsecretaria de Planeamiento Educativo, Lic. Liliana Nollen y el director de Educaci\u00f3n T\u00e9cnica y Formaci\u00f3n Profesional, Prof. Rodolfo Navas, quienes coincidieron en subrayar la importancia del programa FinEsTec \u00a0como pol\u00edtica educativa que abre nuevas oportunidades para los j\u00f3venes.<\/p>\n<p>FinEsTec no es s\u00f3lo un programa acad\u00e9mico, es una oportunidad real para que muchos chicos y chicas logren cerrar su trayectoria educativa y recibirse. Cada t\u00edtulo significa un proyecto de vida que se concreta.<\/p>\n<p>El programa est\u00e1 destinado a quienes finalizaron el cursado en instituciones t\u00e9cnicas o agrot\u00e9cnicas pero adeudan materias para obtener el t\u00edtulo secundario (Res. CEF 441\/23).<\/p>\n<p>En esta oportunidad, la EPET 5 funciona como escuela sede, elegida por su ubicaci\u00f3n estrat\u00e9gica cercana a la estaci\u00f3n C\u00f3rdoba y a paradas de la RedTulum, lo que facilita el acceso a los estudiantes.<\/p>\n<p>Las tutor\u00edas se desarrollan de manera bimodal, presencial y virtual, con clases y talleres de apoyo en diversas asignaturas. El objetivo es que los j\u00f3venes puedan preparar las materias pendientes y presentarse a las mesas de examen que ofrecen las escuelas de origen.<\/p>\n<p><span style=\"color: #ff6600;\"><strong>FinesTEC se extiende hasta Diciembre 2025<\/strong><\/span><\/p>\n<p>La Direcci\u00f3n de Educaci\u00f3n Secundaria T\u00e9cnica y Formaci\u00f3n Profesional, junto a la coordinaci\u00f3n pedag\u00f3gica de FinEsTec, destacaron la necesidad de acompa\u00f1ar tanto a los nuevos inscriptos como a quienes ya ven\u00edan cursando en a\u00f1os anteriores.<\/p>\n<p>De hecho, los resultados avalan el esfuerzo: en 2024, de 85 cursantes aprobaron 70, lo que permiti\u00f3 que 43 j\u00f3venes obtuvieran su t\u00edtulo, cifra que marc\u00f3 un salto significativo en comparaci\u00f3n con los a\u00f1os previos de 16 egresados en 2022 y apenas 3 en 2023.<\/p>\n<p>Muchos de los estudiantes que no alcanzaron a recibirse lo hicieron por adeudar entre una y tres materias, y este a\u00f1o tienen nuevamente la posibilidad de cumplir con el objetivo.<\/p>\n<p><strong><span style=\"color: #ff6600;\">Inscripci\u00f3n<\/span><\/strong><\/p>\n<ul>\n<li>Correo electr\u00f3nico:\u00a0<a href=\"mailto:finestecsj@gmail.com\">finestecsj@gmail.com<\/a><a href=\"mailto:finestecsanjuan@gmail.com\" target=\"_blank\" rel=\"noopener noreferrer\"><br \/>\n<\/a><\/li>\n<li>Tel\u00e9fono: 0264-4302388<\/li>\n<\/ul>\n<p>&nbsp;<\/p>\n<p><img loading=\"lazy\" decoding=\"async\" class=\"alignnone size-full wp-image-28629\" src=\"https:\/\/vocesparalelas.com.ar\/sitio\/wp-content\/uploads\/2020\/05\/MINISTERIO-EDUCACION-SJ.jpg\" alt=\"\" width=\"800\" height=\"533\" srcset=\"https:\/\/vocesparalelas.com.ar\/sitio\/wp-content\/uploads\/2020\/05\/MINISTERIO-EDUCACION-SJ.jpg 800w, https:\/\/vocesparalelas.com.ar\/sitio\/wp-content\/uploads\/2020\/05\/MINISTERIO-EDUCACION-SJ-300x200.jpg 300w, https:\/\/vocesparalelas.com.ar\/sitio\/wp-content\/uploads\/2020\/05\/MINISTERIO-EDUCACION-SJ-768x512.jpg 768w\" sizes=\"auto, (max-width: 800px) 100vw, 800px\" \/><\/p>\n","protected":false},"excerpt":{"rendered":"<p>El Ministerio de Educaci\u00f3n del Gobierno de San Juan comenz\u00f3 el programa FinEsTec, una estrategia impulsada por el Instituto Nacional<\/p>\n","protected":false},"author":3,"featured_media":91525,"comment_status":"closed","ping_status":"closed","sticky":false,"template":"","format":"standard","meta":{"_acf_changed":false,"_seopress_robots_primary_cat":"none","_seopress_titles_title":"","_seopress_titles_desc":"","_seopress_robots_index":"","colormag_page_container_layout":"default_layout","colormag_page_sidebar_layout":"default_layout","footnotes":""},"categories":[5],"tags":[],"class_list":["post-91522","post","type-post","status-publish","format-standard","has-post-thumbnail","hentry","category-ofrecimientos"],"acf":[],"_links":{"self":[{"href":"https:\/\/vocesparalelas.com.ar\/sitio\/wp-json\/wp\/v2\/posts\/91522","targetHints":{"allow":["GET"]}}],"collection":[{"href":"https:\/\/vocesparalelas.com.ar\/sitio\/wp-json\/wp\/v2\/posts"}],"about":[{"href":"https:\/\/vocesparalelas.com.ar\/sitio\/wp-json\/wp\/v2\/types\/post"}],"author":[{"embeddable":true,"href":"https:\/\/vocesparalelas.com.ar\/sitio\/wp-json\/wp\/v2\/users\/3"}],"replies":[{"embeddable":true,"href":"https:\/\/vocesparalelas.com.ar\/sitio\/wp-json\/wp\/v2\/comments?post=91522"}],"version-history":[{"count":3,"href":"https:\/\/vocesparalelas.com.ar\/sitio\/wp-json\/wp\/v2\/posts\/91522\/revisions"}],"predecessor-version":[{"id":91531,"href":"https:\/\/vocesparalelas.com.ar\/sitio\/wp-json\/wp\/v2\/posts\/91522\/revisions\/91531"}],"wp:featuredmedia":[{"embeddable":true,"href":"https:\/\/vocesparalelas.com.ar\/sitio\/wp-json\/wp\/v2\/media\/91525"}],"wp:attachment":[{"href":"https:\/\/vocesparalelas.com.ar\/sitio\/wp-json\/wp\/v2\/media?parent=91522"}],"wp:term":[{"taxonomy":"category","embeddable":true,"href":"https:\/\/vocesparalelas.com.ar\/sitio\/wp-json\/wp\/v2\/categories?post=91522"},{"taxonomy":"post_tag","embeddable":true,"href":"https:\/\/vocesparalelas.com.ar\/sitio\/wp-json\/wp\/v2\/tags?post=91522"}],"curies":[{"name":"wp","href":"https:\/\/api.w.org\/{rel}","templated":true}]}}