{"id":91501,"date":"2025-09-19T14:32:15","date_gmt":"2025-09-19T17:32:15","guid":{"rendered":"https:\/\/vocesparalelas.com.ar\/sitio\/?p=91501"},"modified":"2025-09-20T14:45:02","modified_gmt":"2025-09-20T17:45:02","slug":"un-trabajo-de-investigacion-del-conicet-unlp-estudio-de-la-historia-urbana-y-la-arquitectura-domestica-de-san-juan","status":"publish","type":"post","link":"https:\/\/vocesparalelas.com.ar\/sitio\/un-trabajo-de-investigacion-del-conicet-unlp-estudio-de-la-historia-urbana-y-la-arquitectura-domestica-de-san-juan\/","title":{"rendered":"Un trabajo de investigaci\u00f3n del CONICET-UNLP \u00abEstudio de la Historia Urbana y la Arquitectura dom\u00e9stica de San Juan\u00bb"},"content":{"rendered":"<p>El \u00abProyecto Ciudades que ya no est\u00e1n\u00bb es un trabajo de investigaci\u00f3n del CONICET-UNLP, en el marco del Estudio de la historia urbana y la arquitectura dom\u00e9stica de San Juan durante el periodo colonial dirigido por la Dra. Ana Igareta, Investigadora Adjunta CONICET de la Facultad de Arquitectura y Urbanismo de la Universidad Nacional de La Plata.<\/p>\n<p>En estos momentos se encuentran trabajando en la celda de Fray Justo Santa Mar\u00eda de Oro, en terrenos del Colegio Santa Rosa de Lima de la Provincia de San Juan, San Luis y Tucum\u00e1n, Capital.<\/p>\n<p>En esta campa\u00f1a iniciaron el relevamiento por termograf\u00eda infrarroja de la celda. El objetivo es relevar los materiales y t\u00e9cnicas utilizados en su construcci\u00f3n y determinar c\u00f3mo se vieron afectados por la restauraci\u00f3n realizada en 1944.<\/p>\n<figure id=\"attachment_91505\" aria-describedby=\"caption-attachment-91505\" style=\"width: 600px\" class=\"wp-caption aligncenter\"><img loading=\"lazy\" decoding=\"async\" class=\"size-large wp-image-91505\" src=\"https:\/\/vocesparalelas.com.ar\/sitio\/wp-content\/uploads\/2025\/09\/UNLP-CONICET-02-600x800.jpg\" alt=\"\" width=\"600\" height=\"800\" srcset=\"https:\/\/vocesparalelas.com.ar\/sitio\/wp-content\/uploads\/2025\/09\/UNLP-CONICET-02-600x800.jpg 600w, https:\/\/vocesparalelas.com.ar\/sitio\/wp-content\/uploads\/2025\/09\/UNLP-CONICET-02-225x300.jpg 225w, https:\/\/vocesparalelas.com.ar\/sitio\/wp-content\/uploads\/2025\/09\/UNLP-CONICET-02.jpg 768w\" sizes=\"auto, (max-width: 600px) 100vw, 600px\" \/><figcaption id=\"caption-attachment-91505\" class=\"wp-caption-text\">Celda de Fray Justo Santa Mar\u00eda de Oro en terrenos del Colegio Santa Rosa de Lima<\/figcaption><\/figure>\n<p>Para dar a conocer los resultados de la investigaci\u00f3n se realizaron charlas con alumnos y graduados del Instituto de Historia Argentina y Regional \u00abProf. H\u00e9ctor Arias\u00bb de la Facultad de Filosof\u00eda, Humanidades y Artes de la Universidad Nacional de San Juan, del Instituto de Educaci\u00f3n Superior &#8211; IES &#8211; Escuela Normal Superior General Belgrano, Departamento Caucete y la Alianza Francesa, donde adem\u00e1s qued\u00f3 expuesta una muestra de tejas hist\u00f3ricas.<\/p>\n<p>En este contexto, Voces Paralelas desarroll\u00f3 una entrevista period\u00edstica a la Dra. Ana Igareta, Investigadora Adjunta CONICET de la Facultad de Arquitectura y Urbanismo de la Universidad Nacional de La Plata, quien describi\u00f3 el trabajo que realizan con la pasi\u00f3n de conocer m\u00e1s sobre la construcci\u00f3n de la \u00e9poca.<\/p>\n<p><iframe loading=\"lazy\" title=\"UNLP ARQUEOLOGA ANA IGARETA\" width=\"800\" height=\"450\" src=\"https:\/\/www.youtube.com\/embed\/ktMYibTM0xo?feature=oembed\" frameborder=\"0\" allow=\"accelerometer; autoplay; clipboard-write; encrypted-media; gyroscope; picture-in-picture; web-share\" referrerpolicy=\"strict-origin-when-cross-origin\" allowfullscreen><\/iframe><\/p>\n<p>&nbsp;<\/p>\n<figure id=\"attachment_91507\" aria-describedby=\"caption-attachment-91507\" style=\"width: 600px\" class=\"wp-caption aligncenter\"><img loading=\"lazy\" decoding=\"async\" class=\"size-large wp-image-91507\" src=\"https:\/\/vocesparalelas.com.ar\/sitio\/wp-content\/uploads\/2025\/09\/UNLP-CONICET-03-600x800.jpg\" alt=\"\" width=\"600\" height=\"800\" srcset=\"https:\/\/vocesparalelas.com.ar\/sitio\/wp-content\/uploads\/2025\/09\/UNLP-CONICET-03-600x800.jpg 600w, https:\/\/vocesparalelas.com.ar\/sitio\/wp-content\/uploads\/2025\/09\/UNLP-CONICET-03-225x300.jpg 225w, https:\/\/vocesparalelas.com.ar\/sitio\/wp-content\/uploads\/2025\/09\/UNLP-CONICET-03.jpg 768w\" sizes=\"auto, (max-width: 600px) 100vw, 600px\" \/><figcaption id=\"caption-attachment-91507\" class=\"wp-caption-text\">Trabajo de las cient\u00edficas en la celda de Fray Justo Santa Mar\u00eda de Oro<\/figcaption><\/figure>\n<p><img loading=\"lazy\" decoding=\"async\" class=\"alignnone size-large wp-image-91508 aligncenter\" src=\"https:\/\/vocesparalelas.com.ar\/sitio\/wp-content\/uploads\/2025\/09\/UNLP-CONICET-04-600x800.jpg\" alt=\"\" width=\"600\" height=\"800\" srcset=\"https:\/\/vocesparalelas.com.ar\/sitio\/wp-content\/uploads\/2025\/09\/UNLP-CONICET-04-600x800.jpg 600w, https:\/\/vocesparalelas.com.ar\/sitio\/wp-content\/uploads\/2025\/09\/UNLP-CONICET-04-225x300.jpg 225w, https:\/\/vocesparalelas.com.ar\/sitio\/wp-content\/uploads\/2025\/09\/UNLP-CONICET-04.jpg 768w\" sizes=\"auto, (max-width: 600px) 100vw, 600px\" \/><\/p>\n<p><img loading=\"lazy\" decoding=\"async\" class=\"alignnone size-full wp-image-91506\" src=\"https:\/\/vocesparalelas.com.ar\/sitio\/wp-content\/uploads\/2025\/09\/COLEGIO-SANTA-ROSA-DE-LIMA.jpg\" alt=\"\" width=\"800\" height=\"456\" srcset=\"https:\/\/vocesparalelas.com.ar\/sitio\/wp-content\/uploads\/2025\/09\/COLEGIO-SANTA-ROSA-DE-LIMA.jpg 800w, https:\/\/vocesparalelas.com.ar\/sitio\/wp-content\/uploads\/2025\/09\/COLEGIO-SANTA-ROSA-DE-LIMA-300x171.jpg 300w, https:\/\/vocesparalelas.com.ar\/sitio\/wp-content\/uploads\/2025\/09\/COLEGIO-SANTA-ROSA-DE-LIMA-768x438.jpg 768w\" sizes=\"auto, (max-width: 800px) 100vw, 800px\" \/><\/p>\n","protected":false},"excerpt":{"rendered":"<p>El \u00abProyecto Ciudades que ya no est\u00e1n\u00bb es un trabajo de investigaci\u00f3n del CONICET-UNLP, en el marco del Estudio de<\/p>\n","protected":false},"author":3,"featured_media":91504,"comment_status":"closed","ping_status":"closed","sticky":false,"template":"","format":"standard","meta":{"_acf_changed":false,"_seopress_robots_primary_cat":"none","_seopress_titles_title":"","_seopress_titles_desc":"","_seopress_robots_index":"","colormag_page_container_layout":"default_layout","colormag_page_sidebar_layout":"default_layout","footnotes":""},"categories":[15,7],"tags":[],"class_list":["post-91501","post","type-post","status-publish","format-standard","has-post-thumbnail","hentry","category-posgrados","category-videos"],"acf":[],"_links":{"self":[{"href":"https:\/\/vocesparalelas.com.ar\/sitio\/wp-json\/wp\/v2\/posts\/91501","targetHints":{"allow":["GET"]}}],"collection":[{"href":"https:\/\/vocesparalelas.com.ar\/sitio\/wp-json\/wp\/v2\/posts"}],"about":[{"href":"https:\/\/vocesparalelas.com.ar\/sitio\/wp-json\/wp\/v2\/types\/post"}],"author":[{"embeddable":true,"href":"https:\/\/vocesparalelas.com.ar\/sitio\/wp-json\/wp\/v2\/users\/3"}],"replies":[{"embeddable":true,"href":"https:\/\/vocesparalelas.com.ar\/sitio\/wp-json\/wp\/v2\/comments?post=91501"}],"version-history":[{"count":1,"href":"https:\/\/vocesparalelas.com.ar\/sitio\/wp-json\/wp\/v2\/posts\/91501\/revisions"}],"predecessor-version":[{"id":91509,"href":"https:\/\/vocesparalelas.com.ar\/sitio\/wp-json\/wp\/v2\/posts\/91501\/revisions\/91509"}],"wp:featuredmedia":[{"embeddable":true,"href":"https:\/\/vocesparalelas.com.ar\/sitio\/wp-json\/wp\/v2\/media\/91504"}],"wp:attachment":[{"href":"https:\/\/vocesparalelas.com.ar\/sitio\/wp-json\/wp\/v2\/media?parent=91501"}],"wp:term":[{"taxonomy":"category","embeddable":true,"href":"https:\/\/vocesparalelas.com.ar\/sitio\/wp-json\/wp\/v2\/categories?post=91501"},{"taxonomy":"post_tag","embeddable":true,"href":"https:\/\/vocesparalelas.com.ar\/sitio\/wp-json\/wp\/v2\/tags?post=91501"}],"curies":[{"name":"wp","href":"https:\/\/api.w.org\/{rel}","templated":true}]}}