{"id":91477,"date":"2025-09-18T21:50:44","date_gmt":"2025-09-19T00:50:44","guid":{"rendered":"https:\/\/vocesparalelas.com.ar\/sitio\/?p=91477"},"modified":"2025-09-29T00:16:49","modified_gmt":"2025-09-29T03:16:49","slug":"fue-designada-jueza-de-primera-instancia-del-fuero-de-familia-dra-silvana-lorena-romero-meglioli-por-la-camara-de-diputados-de-san-juan","status":"publish","type":"post","link":"https:\/\/vocesparalelas.com.ar\/sitio\/fue-designada-jueza-de-primera-instancia-del-fuero-de-familia-dra-silvana-lorena-romero-meglioli-por-la-camara-de-diputados-de-san-juan\/","title":{"rendered":"Fue designada Jueza de Primera Instancia del Fuero de Familia, Dra. Silvana Lorena Romero Meglioli por la C\u00e1mara de Diputados de San Juan"},"content":{"rendered":"<p>En el marco de la Novena Sesi\u00f3n del per\u00edodo ordinario, la C\u00e1mara de Diputados de San Juan resolvi\u00f3 designar a la abogada Silvana Lorena Romero Meglioli como Jueza de Primera Instancia del Fuero de Familia.<\/p>\n<p>La sesi\u00f3n fue presidida por el vicepresidente primero de la Legislatura, diputado Enzo Cornejo, acompa\u00f1ado por los secretarios Legislativo Dr. Gustavo Velert y Administrativo, Lic. Jorge Fern\u00e1ndez.<\/p>\n<p><span style=\"color: #800080;\"><strong>Proceso de designaci\u00f3n<\/strong><\/span><\/p>\n<p>Con despacho favorable de la Comisi\u00f3n de Justicia y Seguridad, y en atenci\u00f3n a la comunicaci\u00f3n oficial enviada por el Consejo de la Magistratura, mediante la cual se elev\u00f3 la terna de candidatos para cubrir el cargo vacante, la diputada Alejandra Leonardo propuso la designaci\u00f3n de la abogada Silvana Lorena Romero Meglioli.<\/p>\n<p>Por su parte, la diputada Sonia Ferreyra, en representaci\u00f3n del bloque Justicialista, propuso a la profesional Ana Martina Dai Pra.<\/p>\n<p>Luego de la votaci\u00f3n correspondiente, el cuerpo legislativo resolvi\u00f3 aprobar, con 20 votos afirmativos y 13 negativos, la moci\u00f3n presentada por la diputada Leonardo, designando as\u00ed a Romero Meglioli como nueva jueza del fuero mencionado.<\/p>\n<p><span style=\"color: #800080;\"><strong>Aprobaci\u00f3n del Informe de Auditor\u00eda del Tribunal de Cuentas<\/strong><\/span><\/p>\n<p>Por otro lado, los legisladores aprobaron el informe de auditor\u00eda correspondiente a la Cuenta General del Ejercicio 2023 del Tribunal de Cuentas de la Provincia.<\/p>\n<p>El dictamen fue respaldado a partir de los fundamentos presentados por el diputado Carlos Jaime Quiroga. En tanto, el diputado Franco Aranda destac\u00f3 la participaci\u00f3n del Contador P\u00fablico Alfredo Nahuel Basualdo Rivas, quien asisti\u00f3 a la Comisi\u00f3n de Hacienda y Presupuesto para explicar los detalles del informe y responder a las consultas de los legisladores.<\/p>\n<p><span style=\"color: #800080;\"><strong>Declaraciones de Inter\u00e9s<\/strong><\/span><\/p>\n<p>Asimismo, el cuerpo legislativo resolvi\u00f3 declarar de inter\u00e9s:<\/p>\n<ul>\n<li><strong><span style=\"color: #800080;\">Social, cultural y tur\u00edstico,<\/span> <\/strong>\u00abFeria de Emprendedores AND-ARTE\u00bb, que se llevar\u00e1 a cabo el d\u00eda 17 de octubre en los jardines del Auditorio Juan Victoria. (Interbloque Cambia San Juan)<\/li>\n<li><strong><span style=\"color: #800080;\">Deportivo y social,<\/span> <\/strong>el encuentro \u00abVIOLETITAS 2025, SEMBRANDO VALORES\u00bb, que se llevar\u00e1 a cabo el d\u00eda 05 de octubre en Club Richett y Zapata. (Interbloque Cambia San Juan)<\/li>\n<li><strong><span style=\"color: #800080;\">Deportivo y social,<\/span><\/strong> el II Congreso Nacional de Deporte Inclusivo, bajo el lema: El deporte nos mueve, la inclusi\u00f3n nos une\u00bb,\u00a0que se llevar\u00e1 a cabo los d\u00edas 2 y 3 de octubre en el Centro de Convenciones Guillermo Barrera Guzm\u00e1n. (Interbloque Cambia San Juan)<\/li>\n<li><strong><span style=\"color: #800080;\">Social, cultural y educativo<\/span> <\/strong>a la participaci\u00f3n de la Delegaci\u00f3n sanjuanina en las \u00ab1\u00ba Jornadas de Traducci\u00f3n e Interpretaci\u00f3n de Cuyo\u00bb, bajo el lema \u00abDe Cuyo al mundo. La traducci\u00f3n en el sector socioproductivo\u00bb que se llevar\u00e1n a cabo los d\u00edas 2, 3 y 4 de octubre de 2025 en la Provincia de Mendoza. (Interbloque Cambia San Juan)<\/li>\n<li><strong><span style=\"color: #800080;\">Social, de salud y educativo<\/span> <\/strong>el \u00abX Encuentro Provincial de Agentes Sanitarios\u00bb organizado por la Divisi\u00f3n Atenci\u00f3n Primaria de la Salud del Ministerio de Salud de la provincia de San Juan. (Interbloque Cambia San Juan)<\/li>\n<li><strong><span style=\"color: #800080;\">Social,<\/span> <\/strong>las actividades a realizarse por el Jubileo del Empleado P\u00fablico en el contexto del Jubileo Ordinario 2025 organizado por la Iglesia Cat\u00f3lica Apost\u00f3lica Romana. (Interbloque Cambia San Juan)<\/li>\n<li><strong><span style=\"color: #800080;\">Tur\u00edstico,<\/span> <\/strong>el evento Huella Positiva, en el marco de la c\u00e1tedra de Planificaci\u00f3n Tur\u00edstica Sustentable, a realizarse el d\u00eda jueves 16 de octubre, en el Centro Cultural Municipal Estaci\u00f3n San Mart\u00edn. (Interbloque Cambia San Juan)<\/li>\n<li><strong><span style=\"color: #800080;\">Educativo<\/span> <\/strong>el proyecto El Coaching Ontol\u00f3gico y Habilidades Blandas como Herramientas de Vida, que inicia el 12 de septiembre de 2025, en la Escuela de Capacitaci\u00f3n Laboral Obreros del Porvenir. (Interbloque Cambia San Juan)<\/li>\n<li><strong><span style=\"color: #800080;\">Social, cultural e hist\u00f3rico,<\/span> <\/strong>las actividades y actos que se lleven a cabo con motivo de conmemorar el 83\u00ba Aniversario de la Creaci\u00f3n del departamento de San Mart\u00edn; a desarrollarse el acto conmemorativo el d\u00eda 19 de septiembre del corriente a\u00f1o. (Diputada Marta Gramajo).<\/li>\n<\/ul>\n<p><span style=\"color: #800080;\"><strong>Reconocimiento al ciclista Germ\u00e1n Nicol\u00e1s Tivani P\u00e9rez<\/strong><\/span><\/p>\n<p>Finalmente, el cuerpo parlamentario aprob\u00f3 un proyecto de declaraci\u00f3n del bloque Justicialista, mediante el cual expres\u00f3 su benepl\u00e1cito por la destacada participaci\u00f3n del ciclista sanjuanino Germ\u00e1n Nicol\u00e1s Tivani P\u00e9rez, quien obtuvo el t\u00edtulo de campe\u00f3n en la 34\u00aa Edici\u00f3n del Gran Premio Jornal de Noticias de Portugal, competencia internacional de ciclismo de ruta.<\/p>\n<figure id=\"attachment_37951\" aria-describedby=\"caption-attachment-37951\" style=\"width: 800px\" class=\"wp-caption alignnone\"><img loading=\"lazy\" decoding=\"async\" class=\"size-full wp-image-37951\" src=\"https:\/\/vocesparalelas.com.ar\/sitio\/wp-content\/uploads\/2021\/05\/CAMARA-EDIFICIO.jpg\" alt=\"\" width=\"800\" height=\"515\" srcset=\"https:\/\/vocesparalelas.com.ar\/sitio\/wp-content\/uploads\/2021\/05\/CAMARA-EDIFICIO.jpg 800w, https:\/\/vocesparalelas.com.ar\/sitio\/wp-content\/uploads\/2021\/05\/CAMARA-EDIFICIO-300x193.jpg 300w, https:\/\/vocesparalelas.com.ar\/sitio\/wp-content\/uploads\/2021\/05\/CAMARA-EDIFICIO-768x494.jpg 768w\" sizes=\"auto, (max-width: 800px) 100vw, 800px\" \/><figcaption id=\"caption-attachment-37951\" class=\"wp-caption-text\">Legislatura Provincial de San Juan, Rep\u00fablica Argentina<\/figcaption><\/figure>\n","protected":false},"excerpt":{"rendered":"<p>En el marco de la Novena Sesi\u00f3n del per\u00edodo ordinario, la C\u00e1mara de Diputados de San Juan resolvi\u00f3 designar a<\/p>\n","protected":false},"author":3,"featured_media":91481,"comment_status":"closed","ping_status":"closed","sticky":false,"template":"","format":"standard","meta":{"_acf_changed":false,"_seopress_robots_primary_cat":"none","_seopress_titles_title":"","_seopress_titles_desc":"","_seopress_robots_index":"","colormag_page_container_layout":"default_layout","colormag_page_sidebar_layout":"default_layout","footnotes":""},"categories":[1],"tags":[],"class_list":["post-91477","post","type-post","status-publish","format-standard","has-post-thumbnail","hentry","category-destacadas"],"acf":[],"_links":{"self":[{"href":"https:\/\/vocesparalelas.com.ar\/sitio\/wp-json\/wp\/v2\/posts\/91477","targetHints":{"allow":["GET"]}}],"collection":[{"href":"https:\/\/vocesparalelas.com.ar\/sitio\/wp-json\/wp\/v2\/posts"}],"about":[{"href":"https:\/\/vocesparalelas.com.ar\/sitio\/wp-json\/wp\/v2\/types\/post"}],"author":[{"embeddable":true,"href":"https:\/\/vocesparalelas.com.ar\/sitio\/wp-json\/wp\/v2\/users\/3"}],"replies":[{"embeddable":true,"href":"https:\/\/vocesparalelas.com.ar\/sitio\/wp-json\/wp\/v2\/comments?post=91477"}],"version-history":[{"count":2,"href":"https:\/\/vocesparalelas.com.ar\/sitio\/wp-json\/wp\/v2\/posts\/91477\/revisions"}],"predecessor-version":[{"id":91907,"href":"https:\/\/vocesparalelas.com.ar\/sitio\/wp-json\/wp\/v2\/posts\/91477\/revisions\/91907"}],"wp:featuredmedia":[{"embeddable":true,"href":"https:\/\/vocesparalelas.com.ar\/sitio\/wp-json\/wp\/v2\/media\/91481"}],"wp:attachment":[{"href":"https:\/\/vocesparalelas.com.ar\/sitio\/wp-json\/wp\/v2\/media?parent=91477"}],"wp:term":[{"taxonomy":"category","embeddable":true,"href":"https:\/\/vocesparalelas.com.ar\/sitio\/wp-json\/wp\/v2\/categories?post=91477"},{"taxonomy":"post_tag","embeddable":true,"href":"https:\/\/vocesparalelas.com.ar\/sitio\/wp-json\/wp\/v2\/tags?post=91477"}],"curies":[{"name":"wp","href":"https:\/\/api.w.org\/{rel}","templated":true}]}}