{"id":91472,"date":"2025-09-18T21:39:16","date_gmt":"2025-09-19T00:39:16","guid":{"rendered":"https:\/\/vocesparalelas.com.ar\/sitio\/?p=91472"},"modified":"2025-09-19T19:37:19","modified_gmt":"2025-09-19T22:37:19","slug":"boleto-escolar-gratuito-para-estudiantes-que-vayan-a-disfrutar-festijoven-2025","status":"publish","type":"post","link":"https:\/\/vocesparalelas.com.ar\/sitio\/boleto-escolar-gratuito-para-estudiantes-que-vayan-a-disfrutar-festijoven-2025\/","title":{"rendered":"Boleto Escolar Gratuito para estudiantes que vayan a disfrutar FestiJoven 2025"},"content":{"rendered":"<p>El Ministerio de Gobierno de San Juan dispuso que los estudiantes que concurran al festejo de la primavera en el Parque de Mayo pueden viajar sin costo en el transporte p\u00fablico, el Domingo, 21 de Septiembre, en el marco del FestiJoven 2025 organizado por el Ministerio de Familia y Desarrollo Humano, se celebrar\u00e1 la llegada de la primavera en el predio del Parque de Mayo, sector Oeste.<\/p>\n<p>Con el objetivo de facilitar la llegada y el regreso de los estudiantes al evento, el Ministerio de Gobierno inform\u00f3 que estar\u00e1 disponible el boleto escolar gratuito. Entre las 11:00 y las 23:00, quienes asistan podr\u00e1n acceder al beneficio abonando el pasaje con tarjeta SUBE f\u00edsica o digital, sin necesidad de presentar credencial. Solo deber\u00e1n indicar al chofer su destino.<\/p>\n<p>Asimismo, para garantizar la desconcentraci\u00f3n, el servicio gratuito se mantiene habilitado hasta las 00:00, permitiendo el regreso luego de finalizado el espect\u00e1culo.<\/p>\n<p>Para arribar al Parque de Mayo, estas son las l\u00edneas de colectivos disponibles:<\/p>\n<ul>\n<li>El Triunfo S.A.: TNS &#8211; 3 \u2013 320 -321 \u2013 323 \u2013 341 \u2013 345 \u2013 364.<\/li>\n<li>Albard\u00f3n S.R.L.: 4 \u2013 401 -403 \u2013 405 \u2013 406 &#8211; 407 &#8211; 408 \u2013 420 \u2013 422 \u2013 460.<\/li>\n<li>Mayo S.R.L.: C \u2013 2 -201 \u2013 202 \u2013 204 \u2013 205 \u2013 206 \u2013 208 \u2013 210 \u2013 211 \u2013 214 \u2013 242 \u2013 243.<\/li>\n<li>Alto de Sierra S.R.L.: D \u2013 300 \u2013 301 \u2013 302 \u2013 303 \u2013 304 \u2013 305.<\/li>\n<li>U.T.E. La Marina S.A. \u2013 La Positiva S.A.: TEO 1, TEO 2, TEO 3 \u2013 B &#8211; E \u2013 100 \u2013 101 \u2013 102 &#8211; 103 &#8211; 122 \u2013 123 &#8211; 125 &#8211; 126 \u2013 127 \u2013 129 \u2013 130.<\/li>\n<li>Libertador S.R.L.: A \u2013 140 \u2013 141 \u2013 142 \u2013 162.<\/li>\n<\/ul>\n<p>Finalmente, se recomienda a los estudiantes utilizar la App RedTulum para consultar paradas y horarios y as\u00ed planificar mejor su viaje.<\/p>\n<p><img loading=\"lazy\" decoding=\"async\" class=\"alignnone size-full wp-image-74417\" src=\"https:\/\/vocesparalelas.com.ar\/sitio\/wp-content\/uploads\/2024\/07\/REDTULUM-LOGO.jpg\" alt=\"\" width=\"800\" height=\"600\" srcset=\"https:\/\/vocesparalelas.com.ar\/sitio\/wp-content\/uploads\/2024\/07\/REDTULUM-LOGO.jpg 800w, https:\/\/vocesparalelas.com.ar\/sitio\/wp-content\/uploads\/2024\/07\/REDTULUM-LOGO-300x225.jpg 300w, https:\/\/vocesparalelas.com.ar\/sitio\/wp-content\/uploads\/2024\/07\/REDTULUM-LOGO-768x576.jpg 768w\" sizes=\"auto, (max-width: 800px) 100vw, 800px\" \/><\/p>\n","protected":false},"excerpt":{"rendered":"<p>El Ministerio de Gobierno de San Juan dispuso que los estudiantes que concurran al festejo de la primavera en el<\/p>\n","protected":false},"author":3,"featured_media":5351,"comment_status":"closed","ping_status":"closed","sticky":false,"template":"","format":"standard","meta":{"_acf_changed":false,"_seopress_robots_primary_cat":"none","_seopress_titles_title":"","_seopress_titles_desc":"","_seopress_robots_index":"","colormag_page_container_layout":"default_layout","colormag_page_sidebar_layout":"default_layout","footnotes":""},"categories":[6],"tags":[],"class_list":["post-91472","post","type-post","status-publish","format-standard","has-post-thumbnail","hentry","category-eventos"],"acf":[],"_links":{"self":[{"href":"https:\/\/vocesparalelas.com.ar\/sitio\/wp-json\/wp\/v2\/posts\/91472","targetHints":{"allow":["GET"]}}],"collection":[{"href":"https:\/\/vocesparalelas.com.ar\/sitio\/wp-json\/wp\/v2\/posts"}],"about":[{"href":"https:\/\/vocesparalelas.com.ar\/sitio\/wp-json\/wp\/v2\/types\/post"}],"author":[{"embeddable":true,"href":"https:\/\/vocesparalelas.com.ar\/sitio\/wp-json\/wp\/v2\/users\/3"}],"replies":[{"embeddable":true,"href":"https:\/\/vocesparalelas.com.ar\/sitio\/wp-json\/wp\/v2\/comments?post=91472"}],"version-history":[{"count":2,"href":"https:\/\/vocesparalelas.com.ar\/sitio\/wp-json\/wp\/v2\/posts\/91472\/revisions"}],"predecessor-version":[{"id":91476,"href":"https:\/\/vocesparalelas.com.ar\/sitio\/wp-json\/wp\/v2\/posts\/91472\/revisions\/91476"}],"wp:featuredmedia":[{"embeddable":true,"href":"https:\/\/vocesparalelas.com.ar\/sitio\/wp-json\/wp\/v2\/media\/5351"}],"wp:attachment":[{"href":"https:\/\/vocesparalelas.com.ar\/sitio\/wp-json\/wp\/v2\/media?parent=91472"}],"wp:term":[{"taxonomy":"category","embeddable":true,"href":"https:\/\/vocesparalelas.com.ar\/sitio\/wp-json\/wp\/v2\/categories?post=91472"},{"taxonomy":"post_tag","embeddable":true,"href":"https:\/\/vocesparalelas.com.ar\/sitio\/wp-json\/wp\/v2\/tags?post=91472"}],"curies":[{"name":"wp","href":"https:\/\/api.w.org\/{rel}","templated":true}]}}