{"id":91466,"date":"2025-09-18T21:32:10","date_gmt":"2025-09-19T00:32:10","guid":{"rendered":"https:\/\/vocesparalelas.com.ar\/sitio\/?p=91466"},"modified":"2025-09-19T18:51:03","modified_gmt":"2025-09-19T21:51:03","slug":"acciones-preventivas-frente-a-las-falsas-amenazas-de-bomba-en-las-escuelas-de-san-juan","status":"publish","type":"post","link":"https:\/\/vocesparalelas.com.ar\/sitio\/acciones-preventivas-frente-a-las-falsas-amenazas-de-bomba-en-las-escuelas-de-san-juan\/","title":{"rendered":"Acciones preventivas frente a las falsas amenazas de bomba en las Escuelas de San Juan"},"content":{"rendered":"<p>El Ministerio de Educaci\u00f3n del Gobierno de San Juan, a trav\u00e9s de la Direcci\u00f3n de Gabinetes T\u00e9cnicos Interdisciplinarios y en conjunto con la Secretar\u00eda de Seguridad, llevan una actividad de car\u00e1cter educativo-preventivo para abordar la problem\u00e1tica de las denuncias falsas de amenazas de explosivos que se vienen registrando en instituciones escolares.<\/p>\n<p>La iniciativa contempla espacios de sensibilizaci\u00f3n, actividades reflexivas y materiales pedag\u00f3gicos para trabajar en las aulas con los alumnos.<\/p>\n<p>La ministra de Educaci\u00f3n del Gobierno de San Juan, Lic. Silvia Fuentes explic\u00f3 que \u00abla jornada se desarrolla el 23 de Septiembre y en el marco de la Semana de Gabinetes T\u00e9cnicos Interdisciplinarios. La escuela es un espacio de ciudadan\u00eda y responsabilidad compartida, donde educar en valores es tan importante como ense\u00f1ar contenidos. Por eso, necesitamos que nuestros estudiantes comprendan que una falsa denuncia no es un juego, sino un delito que impacta en toda la sociedad\u201d.<\/p>\n<p>Este tipo de hechos, que generan graves perjuicios a la comunidad educativa, implican la evacuaci\u00f3n inmediata de las escuelas, la movilizaci\u00f3n de fuerzas de seguridad y emergencias, adem\u00e1s de la alteraci\u00f3n de la vida escolar y el riesgo real que conllevan los operativos.<\/p>\n<p>La propuesta, presentada en el auditorio Eloy Camus por el director de Gabinetes T\u00e9cnicos Interdisciplinarios, Luis Lucero, ante los supervisores del Ministerio de Educaci\u00f3n incluir\u00e1 actividades de sensibilizaci\u00f3n y de reflexi\u00f3n y materiales pedag\u00f3gicos adaptados a los distintos niveles educativos.<\/p>\n<p><span style=\"color: #ff6600;\"><strong>Estrategias de intervenci\u00f3n en las aulas<\/strong><\/span><\/p>\n<ul>\n<li>\u201cEl costo de una broma\u201d: se propondr\u00e1 a los alumnos analizar, en grupos, las consecuencias legales, econ\u00f3micas, sociales y emocionales que acarrea una falsa denuncia. Este trabajo concluir\u00e1 con la elaboraci\u00f3n de paneles y debates que permitan dimensionar el impacto colectivo.<\/li>\n<li>Trabajo sobre informaci\u00f3n period\u00edstica: los estudiantes leer\u00e1n y discutir\u00e1n casos reales vinculados a amenazas falsas, identificando c\u00f3mo se detecta a los responsables, qu\u00e9 delitos se les imputan y cu\u00e1les son las consecuencias legales. El cierre incluir\u00e1 una mesa redonda y la creaci\u00f3n de mensajes de concientizaci\u00f3n para redes sociales.<\/li>\n<li>Desarrollando la empat\u00eda: se presentar\u00e1n escenarios donde una amenaza falsa afecta a un estudiante con discapacidad, a un padre que no logra comunicarse con su hijo o a una ambulancia desviada de una emergencia real. La actividad buscar\u00e1 que los j\u00f3venes comprendan la magnitud emocional y social de estas acciones.<\/li>\n<li>\u201cLlam\u00e1 con conciencia\u201d: mediante un video realizado en conjunto con la Secretar\u00eda de Seguridad, se invitar\u00e1 a los alumnos a reflexionar sobre el efecto de una llamada irresponsable al 911. Posteriormente, responder\u00e1n preguntas que permitan visibilizar a qui\u00e9nes afecta y de qu\u00e9 manera.<\/li>\n<li>Debate estructurado y juegos de roles: se plantear\u00e1 un caso hipot\u00e9tico en el que un estudiante, frente a un examen, piensa en realizar una amenaza falsa. Sus compa\u00f1eros, representando distintos roles (amigos, docentes, conciencia), deber\u00e1n orientarlo hacia una salida \u00e9tica y constructiva.<\/li>\n<\/ul>\n<p>Estas estrategias, adaptables a diferentes espacios curriculares, tienen como eje central la educaci\u00f3n en valores, la formaci\u00f3n ciudadana y la prevenci\u00f3n de riesgos sociales.<\/p>\n<p>A su vez, se incorpora la legislaci\u00f3n vigentes contemplada en el C\u00f3digo Penal, que establece las sanciones para este tipo de conductas:<\/p>\n<ul>\n<li>Art\u00edculo 149 bis. prisi\u00f3n de 6 meses a 2 a\u00f1os por realizar amenazas que busquen alarmar a la poblaci\u00f3n, con penas m\u00e1s altas si son an\u00f3nimas o se utilizan armas;<\/li>\n<li>Art\u00edculo 149 ter, penas de 3 a 10 a\u00f1os de prisi\u00f3n si la amenaza busca obtener alg\u00fan beneficio de la autoridad o generar coacci\u00f3n;<\/li>\n<li>Art\u00edculo 211 sobre intimidaci\u00f3n p\u00fablica, de 2 a 6 a\u00f1os de prisi\u00f3n si la amenaza busca infundir temor colectivo o generar caos; hasta 10 a\u00f1os si se emplean explosivos o agentes qu\u00edmico y<\/li>\n<li>La Ley Antiterrorista. agrava las penas cuando la amenaza busca atemorizar a la poblaci\u00f3n o presionar a autoridades p\u00fablicas. Tambi\u00e9n, la decisi\u00f3n del Ministerio P\u00fablico Fiscal de sumar demandas civiles a los procesos penales.<\/li>\n<\/ul>\n<blockquote class=\"wp-embedded-content\" data-secret=\"Sfv90yT8cY\"><p><a href=\"https:\/\/vocesparalelas.com.ar\/sitio\/la-fiscalia-de-estado-de-san-juan-iniciara-demandas-civiles-por-amenazas-de-bomba-en-edificios-publicos\/\">La Fiscal\u00eda de Estado de San Juan iniciar\u00e1 demandas civiles por amenazas de bomba en edificios p\u00fablicos<\/a><\/p><\/blockquote>\n<p><iframe loading=\"lazy\" class=\"wp-embedded-content\" sandbox=\"allow-scripts\" security=\"restricted\" style=\"position: absolute; visibility: hidden;\" title=\"\u00abLa Fiscal\u00eda de Estado de San Juan iniciar\u00e1 demandas civiles por amenazas de bomba en edificios p\u00fablicos\u00bb \u2014 Voces Paralelas\" src=\"https:\/\/vocesparalelas.com.ar\/sitio\/la-fiscalia-de-estado-de-san-juan-iniciara-demandas-civiles-por-amenazas-de-bomba-en-edificios-publicos\/embed\/#?secret=LJn6CLiTwr#?secret=Sfv90yT8cY\" data-secret=\"Sfv90yT8cY\" width=\"600\" height=\"338\" frameborder=\"0\" marginwidth=\"0\" marginheight=\"0\" scrolling=\"no\"><\/iframe><\/p>\n<p>&nbsp;<\/p>\n<p><img loading=\"lazy\" decoding=\"async\" class=\"alignnone size-full wp-image-28629\" src=\"https:\/\/vocesparalelas.com.ar\/sitio\/wp-content\/uploads\/2020\/05\/MINISTERIO-EDUCACION-SJ.jpg\" alt=\"\" width=\"800\" height=\"533\" srcset=\"https:\/\/vocesparalelas.com.ar\/sitio\/wp-content\/uploads\/2020\/05\/MINISTERIO-EDUCACION-SJ.jpg 800w, https:\/\/vocesparalelas.com.ar\/sitio\/wp-content\/uploads\/2020\/05\/MINISTERIO-EDUCACION-SJ-300x200.jpg 300w, https:\/\/vocesparalelas.com.ar\/sitio\/wp-content\/uploads\/2020\/05\/MINISTERIO-EDUCACION-SJ-768x512.jpg 768w\" sizes=\"auto, (max-width: 800px) 100vw, 800px\" \/><\/p>\n","protected":false},"excerpt":{"rendered":"<p>El Ministerio de Educaci\u00f3n del Gobierno de San Juan, a trav\u00e9s de la Direcci\u00f3n de Gabinetes T\u00e9cnicos Interdisciplinarios y en<\/p>\n","protected":false},"author":3,"featured_media":91191,"comment_status":"closed","ping_status":"closed","sticky":false,"template":"","format":"standard","meta":{"_acf_changed":false,"_seopress_robots_primary_cat":"none","_seopress_titles_title":"","_seopress_titles_desc":"","_seopress_robots_index":"","colormag_page_container_layout":"default_layout","colormag_page_sidebar_layout":"default_layout","footnotes":""},"categories":[5],"tags":[],"class_list":["post-91466","post","type-post","status-publish","format-standard","has-post-thumbnail","hentry","category-ofrecimientos"],"acf":[],"_links":{"self":[{"href":"https:\/\/vocesparalelas.com.ar\/sitio\/wp-json\/wp\/v2\/posts\/91466","targetHints":{"allow":["GET"]}}],"collection":[{"href":"https:\/\/vocesparalelas.com.ar\/sitio\/wp-json\/wp\/v2\/posts"}],"about":[{"href":"https:\/\/vocesparalelas.com.ar\/sitio\/wp-json\/wp\/v2\/types\/post"}],"author":[{"embeddable":true,"href":"https:\/\/vocesparalelas.com.ar\/sitio\/wp-json\/wp\/v2\/users\/3"}],"replies":[{"embeddable":true,"href":"https:\/\/vocesparalelas.com.ar\/sitio\/wp-json\/wp\/v2\/comments?post=91466"}],"version-history":[{"count":3,"href":"https:\/\/vocesparalelas.com.ar\/sitio\/wp-json\/wp\/v2\/posts\/91466\/revisions"}],"predecessor-version":[{"id":91471,"href":"https:\/\/vocesparalelas.com.ar\/sitio\/wp-json\/wp\/v2\/posts\/91466\/revisions\/91471"}],"wp:featuredmedia":[{"embeddable":true,"href":"https:\/\/vocesparalelas.com.ar\/sitio\/wp-json\/wp\/v2\/media\/91191"}],"wp:attachment":[{"href":"https:\/\/vocesparalelas.com.ar\/sitio\/wp-json\/wp\/v2\/media?parent=91466"}],"wp:term":[{"taxonomy":"category","embeddable":true,"href":"https:\/\/vocesparalelas.com.ar\/sitio\/wp-json\/wp\/v2\/categories?post=91466"},{"taxonomy":"post_tag","embeddable":true,"href":"https:\/\/vocesparalelas.com.ar\/sitio\/wp-json\/wp\/v2\/tags?post=91466"}],"curies":[{"name":"wp","href":"https:\/\/api.w.org\/{rel}","templated":true}]}}