{"id":91459,"date":"2025-09-18T20:11:11","date_gmt":"2025-09-18T23:11:11","guid":{"rendered":"https:\/\/vocesparalelas.com.ar\/sitio\/?p=91459"},"modified":"2025-09-19T20:18:27","modified_gmt":"2025-09-19T23:18:27","slug":"los-candidatos-del-frente-por-san-juan-caminaron-junto-a-vecinos-del-departamento-chimbas","status":"publish","type":"post","link":"https:\/\/vocesparalelas.com.ar\/sitio\/los-candidatos-del-frente-por-san-juan-caminaron-junto-a-vecinos-del-departamento-chimbas\/","title":{"rendered":"Los candidatos del Frente Por San Juan caminaron junto a vecinos del Departamento Chimbas"},"content":{"rendered":"<p>Los candidatos del Frente Por San Juan, Dr. Fabi\u00e1n Mart\u00edn, Dra. Laura Palma y Federico Rizo, recorrieron las calles del Departamento Chimbas y compartieron una caminata junto a los vecinos del Lote Hogar 62.<\/p>\n<p><iframe loading=\"lazy\" title=\"POR SAN JUAN\" width=\"563\" height=\"1000\" src=\"https:\/\/www.youtube.com\/embed\/oFmRdxGo4Tg?feature=oembed\" frameborder=\"0\" allow=\"accelerometer; autoplay; clipboard-write; encrypted-media; gyroscope; picture-in-picture; web-share\" referrerpolicy=\"strict-origin-when-cross-origin\" allowfullscreen><\/iframe><\/p>\n<p>En este contexto, tuvieron la oportunidad de conocer otras realidades y necesidades de los vecinos. Por ello, al estar cerca de las familias con di\u00e1logos tuvieron la oportunidad de escuchar las inquietudes y conversaron sobre las principales necesidades de la zona.<\/p>\n<p><img loading=\"lazy\" decoding=\"async\" class=\"alignnone size-full wp-image-91463\" src=\"https:\/\/vocesparalelas.com.ar\/sitio\/wp-content\/uploads\/2025\/09\/CHIMBAS-POR-SAN-JUAN-02.jpg\" alt=\"\" width=\"800\" height=\"533\" srcset=\"https:\/\/vocesparalelas.com.ar\/sitio\/wp-content\/uploads\/2025\/09\/CHIMBAS-POR-SAN-JUAN-02.jpg 800w, https:\/\/vocesparalelas.com.ar\/sitio\/wp-content\/uploads\/2025\/09\/CHIMBAS-POR-SAN-JUAN-02-300x200.jpg 300w, https:\/\/vocesparalelas.com.ar\/sitio\/wp-content\/uploads\/2025\/09\/CHIMBAS-POR-SAN-JUAN-02-768x512.jpg 768w\" sizes=\"auto, (max-width: 800px) 100vw, 800px\" \/><\/p>\n<p>La jornada se desarroll\u00f3 en un clima de participaci\u00f3n, acompa\u00f1ada por la militancia que se sum\u00f3 activamente al recorrido.<\/p>\n<p><iframe loading=\"lazy\" title=\"X SAN JUAN\" width=\"563\" height=\"1000\" src=\"https:\/\/www.youtube.com\/embed\/Ig2ExMrj7uI?feature=oembed\" frameborder=\"0\" allow=\"accelerometer; autoplay; clipboard-write; encrypted-media; gyroscope; picture-in-picture; web-share\" referrerpolicy=\"strict-origin-when-cross-origin\" allowfullscreen><\/iframe><\/p>\n<p>&nbsp;<\/p>\n<p><img loading=\"lazy\" decoding=\"async\" class=\"alignnone size-full wp-image-90001\" src=\"https:\/\/vocesparalelas.com.ar\/sitio\/wp-content\/uploads\/2025\/08\/POR-SAN-JUAN-LOGO.jpg\" alt=\"\" width=\"800\" height=\"472\" srcset=\"https:\/\/vocesparalelas.com.ar\/sitio\/wp-content\/uploads\/2025\/08\/POR-SAN-JUAN-LOGO.jpg 800w, https:\/\/vocesparalelas.com.ar\/sitio\/wp-content\/uploads\/2025\/08\/POR-SAN-JUAN-LOGO-300x177.jpg 300w, https:\/\/vocesparalelas.com.ar\/sitio\/wp-content\/uploads\/2025\/08\/POR-SAN-JUAN-LOGO-768x453.jpg 768w\" sizes=\"auto, (max-width: 800px) 100vw, 800px\" \/><\/p>\n","protected":false},"excerpt":{"rendered":"<p>Los candidatos del Frente Por San Juan, Dr. Fabi\u00e1n Mart\u00edn, Dra. Laura Palma y Federico Rizo, recorrieron las calles del<\/p>\n","protected":false},"author":3,"featured_media":91462,"comment_status":"closed","ping_status":"closed","sticky":false,"template":"","format":"standard","meta":{"_acf_changed":false,"_seopress_robots_primary_cat":"none","_seopress_titles_title":"","_seopress_titles_desc":"","_seopress_robots_index":"","colormag_page_container_layout":"default_layout","colormag_page_sidebar_layout":"default_layout","footnotes":""},"categories":[10,7],"tags":[],"class_list":["post-91459","post","type-post","status-publish","format-standard","has-post-thumbnail","hentry","category-opiniones","category-videos"],"acf":[],"_links":{"self":[{"href":"https:\/\/vocesparalelas.com.ar\/sitio\/wp-json\/wp\/v2\/posts\/91459","targetHints":{"allow":["GET"]}}],"collection":[{"href":"https:\/\/vocesparalelas.com.ar\/sitio\/wp-json\/wp\/v2\/posts"}],"about":[{"href":"https:\/\/vocesparalelas.com.ar\/sitio\/wp-json\/wp\/v2\/types\/post"}],"author":[{"embeddable":true,"href":"https:\/\/vocesparalelas.com.ar\/sitio\/wp-json\/wp\/v2\/users\/3"}],"replies":[{"embeddable":true,"href":"https:\/\/vocesparalelas.com.ar\/sitio\/wp-json\/wp\/v2\/comments?post=91459"}],"version-history":[{"count":3,"href":"https:\/\/vocesparalelas.com.ar\/sitio\/wp-json\/wp\/v2\/posts\/91459\/revisions"}],"predecessor-version":[{"id":91489,"href":"https:\/\/vocesparalelas.com.ar\/sitio\/wp-json\/wp\/v2\/posts\/91459\/revisions\/91489"}],"wp:featuredmedia":[{"embeddable":true,"href":"https:\/\/vocesparalelas.com.ar\/sitio\/wp-json\/wp\/v2\/media\/91462"}],"wp:attachment":[{"href":"https:\/\/vocesparalelas.com.ar\/sitio\/wp-json\/wp\/v2\/media?parent=91459"}],"wp:term":[{"taxonomy":"category","embeddable":true,"href":"https:\/\/vocesparalelas.com.ar\/sitio\/wp-json\/wp\/v2\/categories?post=91459"},{"taxonomy":"post_tag","embeddable":true,"href":"https:\/\/vocesparalelas.com.ar\/sitio\/wp-json\/wp\/v2\/tags?post=91459"}],"curies":[{"name":"wp","href":"https:\/\/api.w.org\/{rel}","templated":true}]}}