{"id":91455,"date":"2025-09-30T20:02:27","date_gmt":"2025-09-30T23:02:27","guid":{"rendered":"https:\/\/vocesparalelas.com.ar\/sitio\/?p=91455"},"modified":"2025-10-01T01:39:27","modified_gmt":"2025-10-01T04:39:27","slug":"disfruta-la-expo-innova-cuyo-2025-en-san-juan","status":"publish","type":"post","link":"https:\/\/vocesparalelas.com.ar\/sitio\/disfruta-la-expo-innova-cuyo-2025-en-san-juan\/","title":{"rendered":"Disfruta la Expo Innova Cuyo 2025 en San Juan"},"content":{"rendered":"<p>El evento, organizado por Innova Cuyo y con apoyo del Ministerio de Producci\u00f3n, Trabajo e Innovaci\u00f3n del Gobierno de San Juan y EPSE San Juan, se realiza del 1 al 3 de Octubre de 2025, de 10 a 17 hs.; en el predio Ruta 40 y calle 18, Departamento Pocito.<\/p>\n<p>La entrada es libre y gratuita, por lo que se invita a la comunidad a ser part\u00edcipe de este evento que consolida a San Juan como un referente de la innovaci\u00f3n y el crecimiento agroindustrial. Cuenta con m\u00e1s de 100 empresas expositoras y actividades gratuitas para la comunidad asistente.<\/p>\n<p>La cuarta edici\u00f3n de la feria renueva su propuesta y expande su horizonte para convertirse en el epicentro de la tecnolog\u00eda frutihort\u00edcola.<\/p>\n<p>Los visitantes pueden experimentar en vivo maquinaria, innovaciones en riego y energ\u00eda solar, conferencias especializadas y muestras din\u00e1micas, en un encuentro dise\u00f1ado para productores, industriales y el p\u00fablico general.<\/p>\n<p>As\u00ed, la provincia se prepara para recibir la Expo Innova Cuyo 2025, la muestra m\u00e1s importante de tecnolog\u00eda e innovaci\u00f3n para el agro y la industria en la regi\u00f3n, que este a\u00f1o celebra su cuarta edici\u00f3n y ser\u00e1 la m\u00e1s grande de todas las anteriores.<\/p>\n<p>El director de Innova Cuyo, Ing. Agust\u00edn Recabarren, destac\u00f3 que esta edici\u00f3n ser\u00e1 m\u00e1s grande que las anteriores, re\u00fane m\u00e1s de 100 empresas de diversos rubros, que exhibir\u00e1n lo \u00faltimo en maquinaria agr\u00edcola, sistemas de riego, energ\u00eda solar, servicios crediticios y seguros, reflejando una oferta amplia y diversa para el sector\u201d.<\/p>\n<p><iframe loading=\"lazy\" title=\"EXPO INNOVA CUYO 2025\" width=\"800\" height=\"450\" src=\"https:\/\/www.youtube.com\/embed\/nszmaZULqMQ?feature=oembed\" frameborder=\"0\" allow=\"accelerometer; autoplay; clipboard-write; encrypted-media; gyroscope; picture-in-picture; web-share\" referrerpolicy=\"strict-origin-when-cross-origin\" allowfullscreen><\/iframe><\/p>\n<p>Seg\u00fan indicaron los organizadores, se comparten diferentes actividades, ensayos de campo, din\u00e1micas de m\u00e1quinas, conferencias y momentos de networking. Uno de los objetivos es impulsar los agronegocios entre empresas, profesionales y agricultores.<\/p>\n<p><iframe loading=\"lazy\" title=\"EXPO INNOVA CUYO 2025\" width=\"800\" height=\"450\" src=\"https:\/\/www.youtube.com\/embed\/ZN7E_S6IXi8?feature=oembed\" frameborder=\"0\" allow=\"accelerometer; autoplay; clipboard-write; encrypted-media; gyroscope; picture-in-picture; web-share\" referrerpolicy=\"strict-origin-when-cross-origin\" allowfullscreen><\/iframe><\/p>\n<p>&nbsp;<\/p>\n<p>Este a\u00f1o en el marco de Expo Innova, se desarrolla el taller \u201cInnovaci\u00f3n en manejo h\u00eddrico para la agricultura en Mendoza y San Juan\u201d organizado por la empresa Kilimo y con financiamiento del BID. El mismo tiene dos jornadas en Mendoza y en San Juan. el Viernes, 3 de Octubre, desde las 9.30 en el auditorio del predio ferial.<\/p>\n<p>Seg\u00fan informaron, Expo Innova se distingue por ser una experiencia inmersiva donde los asistentes no solo podr\u00e1n recorrer los stands, sino tambi\u00e9n ser parte de actividades din\u00e1micas, conferencias t\u00e9cnicas y demostraciones en vivo de equipos en sectores de campo especialmente acondicionados.<\/p>\n<p>&nbsp;<\/p>\n<p><img loading=\"lazy\" decoding=\"async\" class=\"alignnone size-full wp-image-77406\" src=\"https:\/\/vocesparalelas.com.ar\/sitio\/wp-content\/uploads\/2024\/09\/EXPO-INNOVA-SAN-JUAN.jpg\" alt=\"\" width=\"800\" height=\"449\" srcset=\"https:\/\/vocesparalelas.com.ar\/sitio\/wp-content\/uploads\/2024\/09\/EXPO-INNOVA-SAN-JUAN.jpg 800w, https:\/\/vocesparalelas.com.ar\/sitio\/wp-content\/uploads\/2024\/09\/EXPO-INNOVA-SAN-JUAN-300x168.jpg 300w, https:\/\/vocesparalelas.com.ar\/sitio\/wp-content\/uploads\/2024\/09\/EXPO-INNOVA-SAN-JUAN-768x431.jpg 768w\" sizes=\"auto, (max-width: 800px) 100vw, 800px\" \/><\/p>\n","protected":false},"excerpt":{"rendered":"<p>El evento, organizado por Innova Cuyo y con apoyo del Ministerio de Producci\u00f3n, Trabajo e Innovaci\u00f3n del Gobierno de San<\/p>\n","protected":false},"author":3,"featured_media":91465,"comment_status":"closed","ping_status":"closed","sticky":false,"template":"","format":"standard","meta":{"_acf_changed":false,"_seopress_robots_primary_cat":"none","_seopress_titles_title":"","_seopress_titles_desc":"","_seopress_robots_index":"","colormag_page_container_layout":"default_layout","colormag_page_sidebar_layout":"default_layout","footnotes":""},"categories":[1,7],"tags":[],"class_list":["post-91455","post","type-post","status-publish","format-standard","has-post-thumbnail","hentry","category-destacadas","category-videos"],"acf":[],"_links":{"self":[{"href":"https:\/\/vocesparalelas.com.ar\/sitio\/wp-json\/wp\/v2\/posts\/91455","targetHints":{"allow":["GET"]}}],"collection":[{"href":"https:\/\/vocesparalelas.com.ar\/sitio\/wp-json\/wp\/v2\/posts"}],"about":[{"href":"https:\/\/vocesparalelas.com.ar\/sitio\/wp-json\/wp\/v2\/types\/post"}],"author":[{"embeddable":true,"href":"https:\/\/vocesparalelas.com.ar\/sitio\/wp-json\/wp\/v2\/users\/3"}],"replies":[{"embeddable":true,"href":"https:\/\/vocesparalelas.com.ar\/sitio\/wp-json\/wp\/v2\/comments?post=91455"}],"version-history":[{"count":1,"href":"https:\/\/vocesparalelas.com.ar\/sitio\/wp-json\/wp\/v2\/posts\/91455\/revisions"}],"predecessor-version":[{"id":91458,"href":"https:\/\/vocesparalelas.com.ar\/sitio\/wp-json\/wp\/v2\/posts\/91455\/revisions\/91458"}],"wp:featuredmedia":[{"embeddable":true,"href":"https:\/\/vocesparalelas.com.ar\/sitio\/wp-json\/wp\/v2\/media\/91465"}],"wp:attachment":[{"href":"https:\/\/vocesparalelas.com.ar\/sitio\/wp-json\/wp\/v2\/media?parent=91455"}],"wp:term":[{"taxonomy":"category","embeddable":true,"href":"https:\/\/vocesparalelas.com.ar\/sitio\/wp-json\/wp\/v2\/categories?post=91455"},{"taxonomy":"post_tag","embeddable":true,"href":"https:\/\/vocesparalelas.com.ar\/sitio\/wp-json\/wp\/v2\/tags?post=91455"}],"curies":[{"name":"wp","href":"https:\/\/api.w.org\/{rel}","templated":true}]}}