{"id":91444,"date":"2025-09-18T18:47:43","date_gmt":"2025-09-18T21:47:43","guid":{"rendered":"https:\/\/vocesparalelas.com.ar\/sitio\/?p=91444"},"modified":"2025-09-19T20:21:38","modified_gmt":"2025-09-19T23:21:38","slug":"se-presento-en-buenos-aires-la-realizacion-de-los-ironman-70-3-5150-y-full-en-san-juan","status":"publish","type":"post","link":"https:\/\/vocesparalelas.com.ar\/sitio\/se-presento-en-buenos-aires-la-realizacion-de-los-ironman-70-3-5150-y-full-en-san-juan\/","title":{"rendered":"Se present\u00f3 en Buenos Aires la realizaci\u00f3n de los Ironman 70.3, 5150 y Full en San Juan"},"content":{"rendered":"<p>Desde la Casa de San Juan en Buenos Aires, el gobernador de San Juan, Dr. Marcelo Orrego presidi\u00f3 la presentaci\u00f3n oficial de los Ironman 70.3, 5150 y Full, que se desarrolla durante 2026, convirtiendo a la provincia en la \u00fanica ciudad del mundo que recibe las tres distancias oficiales de la franquicia, y consolid\u00e1ndola como la capital mundial del triatl\u00f3n.<\/p>\n<p>A su vez, la realizaci\u00f3n de estos eventos representa una oportunidad \u00fanica para atraer visitantes internacionales durante varias semanas del a\u00f1o que son consideradas de temporada baja para el turismo local.<\/p>\n<p>En este sentido, el gobernador de San Juan, Dr. Marcelo Orrego\u00a0 describi\u00f3 que \u00abrecibir este calendario es una oportunidad para mostrar a San Juan en sus distintas facetas como la deportiva, que es una verdadera pol\u00edtica de Estado, pero tambi\u00e9n es mostrarle al mundo nuestros recursos naturales, nuestra gastronom\u00eda, nuestra idiosincrasia y, en definitiva, la identidad de cada uno de los sanjuaninos\u201d.<\/p>\n<p>Por su parte, Ruben Sciutto, gerente de IronMan Argentina, agradeci\u00f3 las labores del Gobierno provincial y remarc\u00f3 que \u00abse trata de una combinaci\u00f3n de eventos hist\u00f3rica en el mundo, y confirm\u00f3 que ya hay inscriptos extranjeros. \u201cEstimamos que m\u00e1s de 10.000 personas visitar\u00e1n San Juan en esas fechas\u201d.<\/p>\n<p>De este modo, durante 2026 San Juan es escenario del Ironman 5150, distancia ol\u00edmpica, Ironman 70.3, medio Ironman, y el esperado retorno del Ironman full,\u00a0 (140.6), la distancia reina del triatl\u00f3n. Este logro posiciona a San Juan junto a Brasil y Valdivia como las \u00fanicas tres ciudades sudamericanas con la prueba m\u00e1xima del triatl\u00f3n internacional.<\/p>\n<p><span style=\"color: #ff6600;\"><strong>Cronograma<\/strong><\/span><\/p>\n<ul>\n<li>Ironman 70.3 se realiza el 29 de Marzo,<\/li>\n<li>Ironman 5150 es el 30 de Octubre<\/li>\n<li>Ironman Full se concreta el 1 de Noviembre.<\/li>\n<\/ul>\n<p>Vale destacar que estas competencias se realizan en temporada baja, lo que representa una oportunidad \u00fanica para atraer visitantes internacionales durante varias semanas del a\u00f1o.<\/p>\n<p>El impacto tur\u00edstico de cada Ironman es significativo; en la edici\u00f3n pasada del Ironman 70.3, el 35% de los inscriptos fueron visitantes de otras regiones y pa\u00edses, con una ocupaci\u00f3n hotelera que alcanz\u00f3 el 65%. Se espera que el Ironman full potencie a\u00fan m\u00e1s la llegada de turismo internacional.<\/p>\n<p>La realizaci\u00f3n de las tres distancias Ironman en San Juan no s\u00f3lo marca un hecho hist\u00f3rico para la provincia y el pa\u00eds, sino que tambi\u00e9n genera un impacto positivo en la econom\u00eda local, la promoci\u00f3n tur\u00edstica y el desarrollo deportivo. Se espera la presencia de autoridades gubernamentales, representantes de Canciller\u00eda, sponsors nacionales e internacionales, empresarios, triatletas de elite y deportistas amateurs, as\u00ed como miembros del Comit\u00e9 Ol\u00edmpico y del deporte nacional.<\/p>\n<p>A su vez, la Expo Ironman es un punto de encuentro para marcas y empresas que acompa\u00f1an el crecimiento del triatl\u00f3n en Argentina y el mundo, potenciando el networking y el desarrollo de nuevas oportunidades de negocio.<\/p>\n<p><img loading=\"lazy\" decoding=\"async\" class=\"alignnone size-full wp-image-71029\" src=\"https:\/\/vocesparalelas.com.ar\/sitio\/wp-content\/uploads\/2024\/04\/IROMAN-EXPO-04.jpg\" alt=\"\" width=\"800\" height=\"600\" srcset=\"https:\/\/vocesparalelas.com.ar\/sitio\/wp-content\/uploads\/2024\/04\/IROMAN-EXPO-04.jpg 800w, https:\/\/vocesparalelas.com.ar\/sitio\/wp-content\/uploads\/2024\/04\/IROMAN-EXPO-04-300x225.jpg 300w, https:\/\/vocesparalelas.com.ar\/sitio\/wp-content\/uploads\/2024\/04\/IROMAN-EXPO-04-768x576.jpg 768w\" sizes=\"auto, (max-width: 800px) 100vw, 800px\" \/><\/p>\n<p>Adem\u00e1s de Orrego y Sciutto, de la presentaci\u00f3n tambi\u00e9n participaron el ministro de Turismo, Cultura y Deportes, Dr. Guido Romero; el ministro de Producci\u00f3n, Trabajo e Innovaci\u00f3n, CPN Gustavo Fern\u00e1ndez; el secretario de Deportes, DR. Pablo Tabachnik; y el subsecretario de Alto Rendimiento, Eduardo Cerimedo.<\/p>\n<p><span style=\"color: #ff6600;\"><strong>La Historia y el Esp\u00edritu de Ironman<\/strong><\/span><\/p>\n<p>El origen de Ironman se remonta a un desaf\u00edo entre militares en Haw\u00e1i, quienes discut\u00edan sobre cu\u00e1l era la prueba m\u00e1s exigente: una nataci\u00f3n en aguas abiertas de 3.800 metros, una carrera de ciclismo de 180 km alrededor de la isla, o una marat\u00f3n de 42 km y 120 metros.<\/p>\n<p>Finalmente, decidieron combinar las tres en una \u00fanica competencia, dando nacimiento al Ironman, la prueba m\u00e1s emblem\u00e1tica del triatl\u00f3n mundial. Desde entonces, el deporte ha evolucionado y sumado distancias como la ol\u00edmpica y el sprint.<\/p>\n<p><img loading=\"lazy\" decoding=\"async\" class=\"alignnone size-full wp-image-67928\" src=\"https:\/\/vocesparalelas.com.ar\/sitio\/wp-content\/uploads\/2024\/01\/IRONMAN-RUNNING.jpg\" alt=\"\" width=\"800\" height=\"534\" srcset=\"https:\/\/vocesparalelas.com.ar\/sitio\/wp-content\/uploads\/2024\/01\/IRONMAN-RUNNING.jpg 800w, https:\/\/vocesparalelas.com.ar\/sitio\/wp-content\/uploads\/2024\/01\/IRONMAN-RUNNING-300x200.jpg 300w, https:\/\/vocesparalelas.com.ar\/sitio\/wp-content\/uploads\/2024\/01\/IRONMAN-RUNNING-768x513.jpg 768w\" sizes=\"auto, (max-width: 800px) 100vw, 800px\" \/> <img loading=\"lazy\" decoding=\"async\" class=\"alignnone size-full wp-image-67927\" src=\"https:\/\/vocesparalelas.com.ar\/sitio\/wp-content\/uploads\/2024\/01\/IRONMAN-NATACION.jpg\" alt=\"\" width=\"800\" height=\"490\" srcset=\"https:\/\/vocesparalelas.com.ar\/sitio\/wp-content\/uploads\/2024\/01\/IRONMAN-NATACION.jpg 800w, https:\/\/vocesparalelas.com.ar\/sitio\/wp-content\/uploads\/2024\/01\/IRONMAN-NATACION-300x184.jpg 300w, https:\/\/vocesparalelas.com.ar\/sitio\/wp-content\/uploads\/2024\/01\/IRONMAN-NATACION-768x470.jpg 768w\" sizes=\"auto, (max-width: 800px) 100vw, 800px\" \/> <img loading=\"lazy\" decoding=\"async\" class=\"alignnone size-full wp-image-67926\" src=\"https:\/\/vocesparalelas.com.ar\/sitio\/wp-content\/uploads\/2024\/01\/IRONMAN-CICLISMO.jpg\" alt=\"\" width=\"800\" height=\"533\" srcset=\"https:\/\/vocesparalelas.com.ar\/sitio\/wp-content\/uploads\/2024\/01\/IRONMAN-CICLISMO.jpg 800w, https:\/\/vocesparalelas.com.ar\/sitio\/wp-content\/uploads\/2024\/01\/IRONMAN-CICLISMO-300x200.jpg 300w, https:\/\/vocesparalelas.com.ar\/sitio\/wp-content\/uploads\/2024\/01\/IRONMAN-CICLISMO-768x512.jpg 768w\" sizes=\"auto, (max-width: 800px) 100vw, 800px\" \/><\/p>\n<p>&nbsp;<\/p>\n<p>&nbsp;<\/p>\n<p>&nbsp;<\/p>\n","protected":false},"excerpt":{"rendered":"<p>Desde la Casa de San Juan en Buenos Aires, el gobernador de San Juan, Dr. Marcelo Orrego presidi\u00f3 la presentaci\u00f3n<\/p>\n","protected":false},"author":3,"featured_media":91447,"comment_status":"closed","ping_status":"closed","sticky":false,"template":"","format":"standard","meta":{"_acf_changed":false,"_seopress_robots_primary_cat":"none","_seopress_titles_title":"","_seopress_titles_desc":"","_seopress_robots_index":"","colormag_page_container_layout":"default_layout","colormag_page_sidebar_layout":"default_layout","footnotes":""},"categories":[8],"tags":[],"class_list":["post-91444","post","type-post","status-publish","format-standard","has-post-thumbnail","hentry","category-concursos"],"acf":[],"_links":{"self":[{"href":"https:\/\/vocesparalelas.com.ar\/sitio\/wp-json\/wp\/v2\/posts\/91444","targetHints":{"allow":["GET"]}}],"collection":[{"href":"https:\/\/vocesparalelas.com.ar\/sitio\/wp-json\/wp\/v2\/posts"}],"about":[{"href":"https:\/\/vocesparalelas.com.ar\/sitio\/wp-json\/wp\/v2\/types\/post"}],"author":[{"embeddable":true,"href":"https:\/\/vocesparalelas.com.ar\/sitio\/wp-json\/wp\/v2\/users\/3"}],"replies":[{"embeddable":true,"href":"https:\/\/vocesparalelas.com.ar\/sitio\/wp-json\/wp\/v2\/comments?post=91444"}],"version-history":[{"count":3,"href":"https:\/\/vocesparalelas.com.ar\/sitio\/wp-json\/wp\/v2\/posts\/91444\/revisions"}],"predecessor-version":[{"id":91450,"href":"https:\/\/vocesparalelas.com.ar\/sitio\/wp-json\/wp\/v2\/posts\/91444\/revisions\/91450"}],"wp:featuredmedia":[{"embeddable":true,"href":"https:\/\/vocesparalelas.com.ar\/sitio\/wp-json\/wp\/v2\/media\/91447"}],"wp:attachment":[{"href":"https:\/\/vocesparalelas.com.ar\/sitio\/wp-json\/wp\/v2\/media?parent=91444"}],"wp:term":[{"taxonomy":"category","embeddable":true,"href":"https:\/\/vocesparalelas.com.ar\/sitio\/wp-json\/wp\/v2\/categories?post=91444"},{"taxonomy":"post_tag","embeddable":true,"href":"https:\/\/vocesparalelas.com.ar\/sitio\/wp-json\/wp\/v2\/tags?post=91444"}],"curies":[{"name":"wp","href":"https:\/\/api.w.org\/{rel}","templated":true}]}}