{"id":91438,"date":"2025-09-17T19:17:32","date_gmt":"2025-09-17T22:17:32","guid":{"rendered":"https:\/\/vocesparalelas.com.ar\/sitio\/?p=91438"},"modified":"2025-09-19T09:50:25","modified_gmt":"2025-09-19T12:50:25","slug":"respecto-de-la-deuda-de-la-municipalidad-de-caucete-con-d-e-c-s-a-de-san-juan","status":"publish","type":"post","link":"https:\/\/vocesparalelas.com.ar\/sitio\/respecto-de-la-deuda-de-la-municipalidad-de-caucete-con-d-e-c-s-a-de-san-juan\/","title":{"rendered":"Respecto de la deuda de la Municipalidad de Caucete con D.E.C.S.A. de San Juan"},"content":{"rendered":"<p>El EPRE informa con respecto de la deuda de la Municipalidad de Caucete con D.E.C.S.A. de San Juan<\/p>\n<ul>\n<li>El 06 de Junio de 2025 se emiti\u00f3 Resoluci\u00f3n E.P.R.E. N\u00ba 508\/25, estableciendo el monto de $ 550.162.640 como deuda consolidada del Municipio de Caucete a favor de D.E.C.S.A., importe expresado en moneda al mes de Abril de 2025, que comprende consumos hasta Enero de 2025, y debe actualizarse con intereses hasta el momento del efectivo pago.<\/li>\n<li>El monto de deuda es el resultado de una exhaustiva auditor\u00eda t\u00e9cnica y comercial, solicitada por el propio Municipio en 2024. Durante este proceso, se analizaron informes de ambas partes y, ante inconsistencias, se aplic\u00f3 el principio \u201c<em>in dubio pro-usuario<\/em>\u201d, resolviendo las cuestiones no categ\u00f3ricas a favor del Municipio.<\/li>\n<li>El 04 de Julio de 2025, D.E.C.S.A. y el Municipio firmaron un Acta, donde ambas partes convinieron dar cumplimiento a la Resoluci\u00f3n emitida por el E.P.R.E., estableciendo de com\u00fan acuerdo que cualquier diferencia ser\u00eda sometida a consulta ante este organismo.<\/li>\n<li>Personal del E.P.R.E. mantuvo sucesivas reuniones con D.E.C.S.A. y Autoridades Municipales, para aclarar dudas que se plantearon respecto de la instrumentaci\u00f3n del procedimiento sugerido en la Resoluci\u00f3n.<\/li>\n<li>El E.P.R.E. no est\u00e1 en conocimiento de la regularizaci\u00f3n de la deuda por parte del Municipio, surgiendo de declaraciones en redes sociales del 12\/09\/25 y trascendidos period\u00edsticos, que se habr\u00eda interpuesto una Acci\u00f3n Judicial de nulidad por parte de la Municipalidad de Caucete en contra la citada Resoluci\u00f3n E.P.R.E. N\u00b0 0508\/25.<\/li>\n<li>Respetando el derecho del Municipio a acudir a la Justicia, una vez que esta Autoridad Regulatoria sea notificada formalmente de la demanda, se presentar\u00e1n en dicha instancia todos los fundamentos t\u00e9cnicos y legales que hacen a su defensa, que otorgan total solidez t\u00e9cnica a la Resoluci\u00f3n del E.P.R.E., la cual goza de presunci\u00f3n de legitimidad y posee fuerza ejecutoria.<\/li>\n<li>La Resoluci\u00f3n del E.P.R.E. no solo calcul\u00f3 la deuda de la manera m\u00e1s equitativa posible ante esta situaci\u00f3n, sino que tambi\u00e9n sugiri\u00f3 un procedimiento hasta que el Municipio avance en la instalaci\u00f3n de dichos medidores, y regularice la situaci\u00f3n a futuro.<\/li>\n<li>La situaci\u00f3n de deuda prolongada sienta un precedente riesgoso para la previsibilidad del Sistema El\u00e9ctrico Provincial, debiendo asegurarse la sostenibilidad econ\u00f3mica del servicio para todas las personas usuarias.<\/li>\n<\/ul>\n<p>&nbsp;<\/p>\n<p style=\"text-align: right;\">Directorio E.P.R.E.<\/p>\n<p><img loading=\"lazy\" decoding=\"async\" class=\"alignnone size-full wp-image-85438\" src=\"https:\/\/vocesparalelas.com.ar\/sitio\/wp-content\/uploads\/2025\/04\/EPRE-FRENTE.jpg\" alt=\"\" width=\"800\" height=\"600\" srcset=\"https:\/\/vocesparalelas.com.ar\/sitio\/wp-content\/uploads\/2025\/04\/EPRE-FRENTE.jpg 800w, https:\/\/vocesparalelas.com.ar\/sitio\/wp-content\/uploads\/2025\/04\/EPRE-FRENTE-300x225.jpg 300w, https:\/\/vocesparalelas.com.ar\/sitio\/wp-content\/uploads\/2025\/04\/EPRE-FRENTE-768x576.jpg 768w\" sizes=\"auto, (max-width: 800px) 100vw, 800px\" \/><\/p>\n","protected":false},"excerpt":{"rendered":"<p>El EPRE informa con respecto de la deuda de la Municipalidad de Caucete con D.E.C.S.A. de San Juan El 06<\/p>\n","protected":false},"author":3,"featured_media":11134,"comment_status":"closed","ping_status":"closed","sticky":false,"template":"","format":"standard","meta":{"_acf_changed":false,"_seopress_robots_primary_cat":"none","_seopress_titles_title":"","_seopress_titles_desc":"","_seopress_robots_index":"","colormag_page_container_layout":"default_layout","colormag_page_sidebar_layout":"default_layout","footnotes":""},"categories":[10],"tags":[],"class_list":["post-91438","post","type-post","status-publish","format-standard","has-post-thumbnail","hentry","category-opiniones"],"acf":[],"_links":{"self":[{"href":"https:\/\/vocesparalelas.com.ar\/sitio\/wp-json\/wp\/v2\/posts\/91438","targetHints":{"allow":["GET"]}}],"collection":[{"href":"https:\/\/vocesparalelas.com.ar\/sitio\/wp-json\/wp\/v2\/posts"}],"about":[{"href":"https:\/\/vocesparalelas.com.ar\/sitio\/wp-json\/wp\/v2\/types\/post"}],"author":[{"embeddable":true,"href":"https:\/\/vocesparalelas.com.ar\/sitio\/wp-json\/wp\/v2\/users\/3"}],"replies":[{"embeddable":true,"href":"https:\/\/vocesparalelas.com.ar\/sitio\/wp-json\/wp\/v2\/comments?post=91438"}],"version-history":[{"count":1,"href":"https:\/\/vocesparalelas.com.ar\/sitio\/wp-json\/wp\/v2\/posts\/91438\/revisions"}],"predecessor-version":[{"id":91441,"href":"https:\/\/vocesparalelas.com.ar\/sitio\/wp-json\/wp\/v2\/posts\/91438\/revisions\/91441"}],"wp:featuredmedia":[{"embeddable":true,"href":"https:\/\/vocesparalelas.com.ar\/sitio\/wp-json\/wp\/v2\/media\/11134"}],"wp:attachment":[{"href":"https:\/\/vocesparalelas.com.ar\/sitio\/wp-json\/wp\/v2\/media?parent=91438"}],"wp:term":[{"taxonomy":"category","embeddable":true,"href":"https:\/\/vocesparalelas.com.ar\/sitio\/wp-json\/wp\/v2\/categories?post=91438"},{"taxonomy":"post_tag","embeddable":true,"href":"https:\/\/vocesparalelas.com.ar\/sitio\/wp-json\/wp\/v2\/tags?post=91438"}],"curies":[{"name":"wp","href":"https:\/\/api.w.org\/{rel}","templated":true}]}}